
{"id":6143,"date":"2020-06-08T23:15:28","date_gmt":"2020-06-08T21:15:28","guid":{"rendered":"https:\/\/passent.blog.polityka.pl\/?p=6143"},"modified":"2020-06-09T07:17:39","modified_gmt":"2020-06-09T05:17:39","slug":"okragly-stol-bis","status":"publish","type":"post","link":"https:\/\/blog.polityka.pl\/passent\/2020\/06\/08\/okragly-stol-bis\/","title":{"rendered":"Okr\u0105g\u0142y st\u00f3\u0142 bis?"},"content":{"rendered":"\n<p>&#8222;Teraz w Polsce wyst\u0119puje kombinacja 40 proc. czynnie popieraj\u0105cych polityk\u0119 Kaczy\u0144skiego i 40 proc. og\u00f3\u0142u uprawnionych, w og\u00f3le niezainteresowanych swoim pa\u0144stwem, czyli nieg\u0142osuj\u0105cych. W takich warunkach nie da si\u0119 przeprowadzi\u0107\u00a0\u017cadnego projektu rozwojowego, wyprowadzaj\u0105cego nas poza konflikty klasowe i poza ryzyko marginalizacji Polski. Istnieje jednak szansa, poniewa\u017c elektorat niepisowski jest liczniejszy od elektoratu PiS&#8221; \u2013 pisze znany analityk i by\u0142y minister Bart\u0142omiej Sienkiewicz (&#8222;GW&#8221;). To stwarza\u00a0szans\u0119 w wyborach prezydenckich, niepodlegaj\u0105cych przelicznikowi d\u2019Hondta, daj\u0105cego premi\u0119 zwyci\u0119zcy. Wnuk wielkiego pisarza widzi w tym ostatni\u0105 szans\u0119, \u017ceby Polacy wybrali Europ\u0119, a nie Turcj\u0119.<\/p>\n\n\n\n<!--more-->\n\n\n\n<p>Oczywi\u015bcie, druga strona nie p\u00f3jdzie dobrowolnie na wsp\u00f3\u0142prac\u0119. Musimy przesta\u0107 ogl\u0105da\u0107 si\u0119 za siebie, musimy na nowo wytyczy\u0107\u00a0boisko spraw publicznych, bo stare ju\u017c nie istniej\u0105. Je\u017celi chcemy zawr\u00f3ci\u0107 Polsk\u0119 z r\u00f3wni pochy\u0142ej, \u201emusimy by\u0107 m\u0105drymi kontrrewolucjonistami\u201d, rozumiej\u0105cymi, \u017ce stare nie wr\u00f3ci. Musimy zaprojektowa\u0107 nowe pa\u0144stwo, silne samorz\u0105dem, rozwini\u0119tym sektorem us\u0142ug publicznych, blisko\u015bci\u0105 obywatelowi na poziomie powiat\u00f3w, z wyra\u017anym okre\u015bleniem ram prawnych polityki, jawno\u015bci\u0105, odpowiedzialno\u015bci\u0105 urz\u0119dnik\u00f3w.<\/p>\n\n\n\n<p>&#8222;\u017beby taki projekt by\u0142 \u00a0trwa\u0142y \u2013 pisze Sienkiewicz &#8211; powinien by\u0107 zaakceptowany przez wszystkie g\u0142\u00f3wne si\u0142y polityczne w kraju, (\u2026) tak\u017ce przez tych, z kt\u00f3rymi teraz walczymy. Ich wyborcy przecie\u017c nie wyparuj\u0105,\u00a0 (\u2026) przynajmniej cz\u0119\u015b\u0107 z nich (ta, kt\u00f3ra zrozumie, \u017ce ich w\u0142adza nie jest na zawsze \u2013 D.P.) powinna mie\u0107 reprezentacj\u0119 w tworzeniu nowej ramy prawnej dla polityki\u201d. W tym celu \u201etrzeba wygra\u0107 najbli\u017csze wybory\u201d \u2013 ko\u0144czy Bart\u0142omiej Sienkiewicz.<\/p>\n\n\n\n<p>Jego do\u015b\u0107 d\u0142ugi esej czyta\u0142em dwukrotnie. Nie mog\u0142em si\u0119 nadziwi\u0107, \u017ce interesuj\u0105ca w cz\u0119\u015bci pierwszej analiza sytuacji w Polsce\u00a0mo\u017ce doprowadzi\u0107 do tak banalnych wniosk\u00f3w: co\u015b na kszta\u0142t \u201eokr\u0105g\u0142ego sto\u0142u\u201d, przy kt\u00f3rym zasi\u0105d\u0105 niekt\u00f3rzy oni oraz my i wsp\u00f3lnie zaprojektujemy nowe, lepsze pa\u0144stwo.<\/p>\n\n\n\n<p>Dzi\u0119kuj\u0119, postoj\u0119. Nie wyobra\u017cam sobie, jak mo\u017cna projektowa\u0107 nowy, wspania\u0142y \u015bwiat wsp\u00f3lnie z chamsk\u0105 ho\u0142ot\u0105 i zdradzieckimi mordami. W kolejnych wyborach trzeba im strzeli\u0107 tyle\u00a0goli, tak im dokopa\u0107, \u017ceby im si\u0119 odechcia\u0142o gra\u0107. Dopiero wtedy przyjdzie czas na wizje przysz\u0142o\u015bci przy zielonym stoliku.<\/p>\n\n\n\n<p>PS \u0179le si\u0119 dzieje na \u015al\u0105sku. Nie do\u015b\u0107, \u017ce wirus, to jeszcze zjecha\u0142o dw\u00f3ch wiceministr\u00f3w sprawiedliwo\u015bci, PP. Warcho\u0142 i W\u00f3jcik. Po\u00a0co? Mi\u0119dzy innymi po to, \u017ceby zapowiedzie\u0107, \u017ce na \u015al\u0105sku powstanie szybka kolej naziemna, nowoczesna, z\u0142o\u017cona z element\u00f3w, b\u0119d\u0105 pi\u0119kne estakady i kolej mkn\u0105ca na wysoko\u015bci II pi\u0119tra. Tylko czeka\u0107, jak Siemens zbuduje nam S-Bahn.<\/p>\n","protected":false},"excerpt":{"rendered":"<p>&#8222;Teraz w Polsce wyst\u0119puje kombinacja 40 proc. czynnie popieraj\u0105cych polityk\u0119 Kaczy\u0144skiego i 40 proc. og\u00f3\u0142u uprawnionych, w og\u00f3le niezainteresowanych swoim pa\u0144stwem, czyli nieg\u0142osuj\u0105cych. W takich warunkach nie da si\u0119 przeprowadzi\u0107\u00a0\u017cadnego projektu rozwojowego, wyprowadzaj\u0105cego nas poza konflikty klasowe i poza ryzyko marginalizacji Polski. Istnieje jednak szansa, poniewa\u017c elektorat niepisowski jest liczniejszy od elektoratu PiS&#8221; \u2013 pisze [&hellip;]<\/p>\n","protected":false},"author":4,"featured_media":6148,"comment_status":"open","ping_status":"closed","sticky":false,"template":"","format":"standard","meta":{"footnotes":""},"categories":[1],"tags":[],"_links":{"self":[{"href":"https:\/\/blog.polityka.pl\/passent\/wp-json\/wp\/v2\/posts\/6143"}],"collection":[{"href":"https:\/\/blog.polityka.pl\/passent\/wp-json\/wp\/v2\/posts"}],"about":[{"href":"https:\/\/blog.polityka.pl\/passent\/wp-json\/wp\/v2\/types\/post"}],"author":[{"embeddable":true,"href":"https:\/\/blog.polityka.pl\/passent\/wp-json\/wp\/v2\/users\/4"}],"replies":[{"embeddable":true,"href":"https:\/\/blog.polityka.pl\/passent\/wp-json\/wp\/v2\/comments?post=6143"}],"version-history":[{"count":4,"href":"https:\/\/blog.polityka.pl\/passent\/wp-json\/wp\/v2\/posts\/6143\/revisions"}],"predecessor-version":[{"id":6147,"href":"https:\/\/blog.polityka.pl\/passent\/wp-json\/wp\/v2\/posts\/6143\/revisions\/6147"}],"wp:featuredmedia":[{"embeddable":true,"href":"https:\/\/blog.polityka.pl\/passent\/wp-json\/wp\/v2\/media\/6148"}],"wp:attachment":[{"href":"https:\/\/blog.polityka.pl\/passent\/wp-json\/wp\/v2\/media?parent=6143"}],"wp:term":[{"taxonomy":"category","embeddable":true,"href":"https:\/\/blog.polityka.pl\/passent\/wp-json\/wp\/v2\/categories?post=6143"},{"taxonomy":"post_tag","embeddable":true,"href":"https:\/\/blog.polityka.pl\/passent\/wp-json\/wp\/v2\/tags?post=6143"}],"curies":[{"name":"wp","href":"https:\/\/api.w.org\/{rel}","templated":true}]}}