
{"id":6155,"date":"2020-06-13T17:05:53","date_gmt":"2020-06-13T15:05:53","guid":{"rendered":"https:\/\/passent.blog.polityka.pl\/?p=6155"},"modified":"2020-06-13T17:41:18","modified_gmt":"2020-06-13T15:41:18","slug":"moje-trzy-grosze-2","status":"publish","type":"post","link":"https:\/\/blog.polityka.pl\/passent\/2020\/06\/13\/moje-trzy-grosze-2\/","title":{"rendered":"Moje trzy grosze"},"content":{"rendered":"\n<p>Pozwalam sobie doda\u0107 trzy grosze do najnowszych spor\u00f3w i awantur.<\/p>\n\n\n\n<!--more-->\n\n\n\n<p><strong>LGBT \u2013 ludzie, ideologia czy jedno i drugie?<\/strong> W studiu TVN 24 mia\u0142 miejsce incydent, kt\u00f3ry wiele os\u00f3b na pewno widzia\u0142o. Gospodyni\u0105 by\u0142a Katarzyna Kolenda-Zaleska, go\u015bciem pose\u0142 prawicy i sekretarz stanu Jacek \u017balek. Od pocz\u0105tku rozmowy co\u015b wisia\u0142o w powietrzu. Pani redaktor by\u0142a spi\u0119ta, jak gdyby spodziewa\u0142a si\u0119 konfrontacji. \u017balek nie zawi\u00f3d\u0142, by\u0142 ostentacyjnie arogancki i wyluzowany, zaczepia\u0142 TVN jako stacj\u0119 opozycyjn\u0105, robi\u0142 wycieczki pod adresem sposobu prowadzenia rozmowy, Kolenda-Zaleska odpiera\u0142a zaczepki i mia\u0142a za z\u0142e, \u017ce \u017balek przyj\u0105\u0142 zaproszenie, jest w studiu go\u015bciem, a wygaduje takie rzeczy, nie zachowuje si\u0119 jak przystaje na go\u015bcia. Do wybuchu dosz\u0142o w chwili, kiedy \u017balek powiedzia\u0142, \u017ce LGBT to nie ludzie, tylko ideologia, i utrzymywa\u0142, \u017ce homoseksualizm to zjawisko du\u017co starsze od LGBT, natomiast pani redaktor oburzy\u0142a si\u0119 na twierdzenie, \u017ce LGBT to nie ludzie, i wyprosi\u0142a go\u015bcia z programu.<\/p>\n\n\n\n<p>Moim zdaniem LGBT to nie tylko ludzie o r\u00f3\u017cnych preferencjach seksualnych, ale i co\u015b wi\u0119cej \u2013 prawa, r\u00f3wnouprawnienie, tolerancja, miejsce w spo\u0142ecze\u0144stwie, kulturze i sztuce, zas\u0142ugi takich ludzi jak Iwaszkiewicz, Mycielski czy wybitny pisarz ameryka\u0144ski James Baldwin (Afroamerykanin i gej), kt\u00f3rego ksi\u0105\u017ck\u0119 (\u201eId\u017a, powiedz to na g\u00f3rze\u201d) przet\u0142umaczy\u0142em na polski i doprowadzi\u0142em do jej wydania ponad p\u00f3\u0142 wieku temu. A co do incydentu w TVN, to ja nie b\u0119d\u0119 tak do\u015bwiadczonej pani Redaktor poucza\u0142.<\/p>\n\n\n\n<p><strong>Policja pilnuje domu prezesa Kaczy\u0144skiego<\/strong> \u2013 jakim prawem? Temat powraca co kilka lat. Oczywi\u015bcie, prezes PiS jest osob\u0105 specjaln\u0105, najwa\u017cniejszym politykiem, w dodatku bywa agresywny i zachowuje si\u0119 po chamsku (\u201ezdradzieckie mordy\u201d, \u201echamska ho\u0142ota\u201d, \u201ekomuni\u015bci i z\u0142odzieje\u201d, \u201emordercy\u201d, \u201dkanalie\u201d), ostentacyjnie ignoruje niekt\u00f3rych ludzi. Sam przysparza sobie wrog\u00f3w, a poniewa\u017c PiS traktuje pa\u0144stwo jak swoj\u0105 w\u0142asno\u015b\u0107, to policja pa\u0144stwowa dmucha na zimne &#8211; sam\u0105 swoj\u0105 obecno\u015bci\u0105, legitymowaniem, spisywaniem ma odstraszy\u0107 przechodni\u00f3w i ewentualnych protestuj\u0105cych, mimo \u017ce ci ostatni prawa nie naruszaj\u0105. Jest to oczywisty skandal. Od ochrony jest ochrona, w ramach prewencji pa\u0144stwo mo\u017ce wys\u0142a\u0107 policjant\u00f3w na miejsce spodziewanych zamieszek czy demonstracji bez zezwolenia, ale nie przekszta\u0142ca\u0107 prywatnej filii w gmach publiczny, jak Belweder, wymagaj\u0105cy sta\u0142ej ochrony na koszt pa\u0144stwa.<\/p>\n\n\n\n<p><strong>Ale na marginesie<\/strong> proponuj\u0119, by wszyscy zgodzili si\u0119, \u017ce nie nale\u017cy atakowa\u0107 polityk\u00f3w w miejscach ich zamieszkania. Kilka lat temu mia\u0142a miejsce demonstracja przed mieszkaniem premiera Donalda Tuska w Sopocie, budowano \u201emiasteczko\u201d namiotowe \u2013 bez sensu. Politycy oraz ich rodziny te\u017c maj\u0105 prawo do spokoju i bezpiecze\u0144stwa. Dotyczy to Tuska, Kaczy\u0144skiego i wszystkich innych.<\/p>\n","protected":false},"excerpt":{"rendered":"<p>Pozwalam sobie doda\u0107 trzy grosze do najnowszych spor\u00f3w i awantur.<\/p>\n","protected":false},"author":4,"featured_media":6162,"comment_status":"open","ping_status":"closed","sticky":false,"template":"","format":"standard","meta":{"footnotes":""},"categories":[1],"tags":[],"_links":{"self":[{"href":"https:\/\/blog.polityka.pl\/passent\/wp-json\/wp\/v2\/posts\/6155"}],"collection":[{"href":"https:\/\/blog.polityka.pl\/passent\/wp-json\/wp\/v2\/posts"}],"about":[{"href":"https:\/\/blog.polityka.pl\/passent\/wp-json\/wp\/v2\/types\/post"}],"author":[{"embeddable":true,"href":"https:\/\/blog.polityka.pl\/passent\/wp-json\/wp\/v2\/users\/4"}],"replies":[{"embeddable":true,"href":"https:\/\/blog.polityka.pl\/passent\/wp-json\/wp\/v2\/comments?post=6155"}],"version-history":[{"count":7,"href":"https:\/\/blog.polityka.pl\/passent\/wp-json\/wp\/v2\/posts\/6155\/revisions"}],"predecessor-version":[{"id":6163,"href":"https:\/\/blog.polityka.pl\/passent\/wp-json\/wp\/v2\/posts\/6155\/revisions\/6163"}],"wp:featuredmedia":[{"embeddable":true,"href":"https:\/\/blog.polityka.pl\/passent\/wp-json\/wp\/v2\/media\/6162"}],"wp:attachment":[{"href":"https:\/\/blog.polityka.pl\/passent\/wp-json\/wp\/v2\/media?parent=6155"}],"wp:term":[{"taxonomy":"category","embeddable":true,"href":"https:\/\/blog.polityka.pl\/passent\/wp-json\/wp\/v2\/categories?post=6155"},{"taxonomy":"post_tag","embeddable":true,"href":"https:\/\/blog.polityka.pl\/passent\/wp-json\/wp\/v2\/tags?post=6155"}],"curies":[{"name":"wp","href":"https:\/\/api.w.org\/{rel}","templated":true}]}}