
{"id":6164,"date":"2020-06-15T23:29:34","date_gmt":"2020-06-15T21:29:34","guid":{"rendered":"https:\/\/passent.blog.polityka.pl\/?p=6164"},"modified":"2020-06-15T23:50:48","modified_gmt":"2020-06-15T21:50:48","slug":"marzec-bis-siedem-podobienstw","status":"publish","type":"post","link":"https:\/\/blog.polityka.pl\/passent\/2020\/06\/15\/marzec-bis-siedem-podobienstw\/","title":{"rendered":"Marzec bis? Siedem podobie\u0144stw"},"content":{"rendered":"\n<p>Rozumiem Agnieszk\u0119 Holland, prof. Jana Wole\u0144skiego i innych, kt\u00f3rzy por\u00f3wnuj\u0105 dzisiejsz\u0105 kampani\u0119 przeciwko LGBT &#8217;20 z marcem &#8217;68. Oto niekt\u00f3re podobie\u0144stwa.<\/p>\n\n\n\n<!--more-->\n\n\n\n<p><strong>1.<\/strong> Obie kampanie wymierzone s\u0105 w mniejszo\u015bci. \u201968 \u2013 mniejszo\u015b\u0107 narodowa, &#8217;20 \u2013 mniejszo\u015b\u0107 seksualna.<\/p>\n\n\n\n<p><strong>2.<\/strong> Obie mniejszo\u015bci s\u0105 \u201ezamkni\u0119te\u201d, nie mo\u017cna uciec od faktu, wyprze\u0107 si\u0119, \u017ce jest si\u0119 ich cz\u0142onkiem (-ini\u0105), nie mo\u017cna \u201ezej\u015b\u0107 z linii strza\u0142u\u201d.<\/p>\n\n\n\n<p><strong>3.<\/strong> Obie kampanie by\u0142y zainicjowane i sterowane przez w\u0142adze. Szczeg\u00f3ln\u0105 rol\u0119 odgrywa\u0142y najwa\u017cniejsze osoby w pa\u0144stwie oraz ich j\u0105trz\u0105ce przem\u00f3wienia na wiecach.<\/p>\n\n\n\n<p><strong>4.<\/strong> Obie kampanie by\u0142y wymierzone w \u015brodowiska n\u0119kane i prze\u015bladowane ju\u017c od dawna, nie tylko od stuleci, ale i w najnowszej historii, vide akcja Milicji przeciwko osobom LGBT.<\/p>\n\n\n\n<p><strong>5.<\/strong> Obie kampanie wywo\u0142a\u0142y protesty i zgorszenie na Zachodzie, w tamtejszych mediach i w kontrofensywie w\u0142adz polskich. SB rozpracowywa\u0142o korespondent\u00f3w zagranicznych oraz ich polskich znajomych.<\/p>\n\n\n\n<p><strong>6.<\/strong> Obie kampanie s\u0105 haniebne, odwo\u0142uj\u0105 si\u0119 do najgorszych instynkt\u00f3w, maj\u0105 na celu poni\u017cy\u0107 i zdyskredytowa\u0107 innych. W obu wa\u017cn\u0105 rol\u0119 odgrywa\u0142 Ko\u015bci\u00f3\u0142 katolicki.<\/p>\n\n\n\n<p><strong>7.<\/strong> Obie s\u0105 (by\u0142y) rozp\u0119tane w celach politycznych, w tym w celu odwr\u00f3cenia uwagi od bie\u017c\u0105cych niepowodze\u0144, takich jak kryzys II po\u0142owy lat \u201960, kryzys gomu\u0142kowszczyzny, pandemia \u201920 i strach przed utrat\u0105 w\u0142adzy.<\/p>\n\n\n\n<p>Mimo ogromnych r\u00f3\u017cnic \u2013 wtedy by\u0142a PRL, Uk\u0142ad Warszawski, RWPG, pa\u0144stwo na po\u0142y totalitarne, dzisiaj mamy wolno\u015b\u0107, demokracj\u0119, NATO, Uni\u0119 Europejsk\u0105, w\u0142adze wybrane w wolnych wyborach, nie ma cenzury, w naszych szufladach s\u0105 paszporty, a nie \u201edokumenty podro\u017cy\u201d, wtedy grozi\u0142o wi\u0119zienie, dzisiaj komisariat \u2013 tym niemniej oba zjawiska wyst\u0105pi\u0142y w tym samym kraju \u2013 w Polsce.<\/p>\n","protected":false},"excerpt":{"rendered":"<p>Rozumiem Agnieszk\u0119 Holland, prof. Jana Wole\u0144skiego i innych, kt\u00f3rzy por\u00f3wnuj\u0105 dzisiejsz\u0105 kampani\u0119 przeciwko LGBT &#8217;20 z marcem &#8217;68. Oto niekt\u00f3re podobie\u0144stwa.<\/p>\n","protected":false},"author":4,"featured_media":6165,"comment_status":"open","ping_status":"closed","sticky":false,"template":"","format":"standard","meta":{"footnotes":""},"categories":[1],"tags":[],"_links":{"self":[{"href":"https:\/\/blog.polityka.pl\/passent\/wp-json\/wp\/v2\/posts\/6164"}],"collection":[{"href":"https:\/\/blog.polityka.pl\/passent\/wp-json\/wp\/v2\/posts"}],"about":[{"href":"https:\/\/blog.polityka.pl\/passent\/wp-json\/wp\/v2\/types\/post"}],"author":[{"embeddable":true,"href":"https:\/\/blog.polityka.pl\/passent\/wp-json\/wp\/v2\/users\/4"}],"replies":[{"embeddable":true,"href":"https:\/\/blog.polityka.pl\/passent\/wp-json\/wp\/v2\/comments?post=6164"}],"version-history":[{"count":3,"href":"https:\/\/blog.polityka.pl\/passent\/wp-json\/wp\/v2\/posts\/6164\/revisions"}],"predecessor-version":[{"id":6168,"href":"https:\/\/blog.polityka.pl\/passent\/wp-json\/wp\/v2\/posts\/6164\/revisions\/6168"}],"wp:featuredmedia":[{"embeddable":true,"href":"https:\/\/blog.polityka.pl\/passent\/wp-json\/wp\/v2\/media\/6165"}],"wp:attachment":[{"href":"https:\/\/blog.polityka.pl\/passent\/wp-json\/wp\/v2\/media?parent=6164"}],"wp:term":[{"taxonomy":"category","embeddable":true,"href":"https:\/\/blog.polityka.pl\/passent\/wp-json\/wp\/v2\/categories?post=6164"},{"taxonomy":"post_tag","embeddable":true,"href":"https:\/\/blog.polityka.pl\/passent\/wp-json\/wp\/v2\/tags?post=6164"}],"curies":[{"name":"wp","href":"https:\/\/api.w.org\/{rel}","templated":true}]}}