
{"id":617,"date":"2009-10-14T12:54:06","date_gmt":"2009-10-14T10:54:06","guid":{"rendered":"http:\/\/passent.blog.polityka.pl\/?p=617"},"modified":"2009-10-14T12:54:06","modified_gmt":"2009-10-14T10:54:06","slug":"kkk","status":"publish","type":"post","link":"https:\/\/blog.polityka.pl\/passent\/2009\/10\/14\/kkk\/","title":{"rendered":"K&#038;K&#038;K"},"content":{"rendered":"<p><strong>Gdyby Mariusz Kami\u0144ski chcia\u0142 post\u0105pi\u0107 honorowo i z godno\u015bci\u0105, to z chwil\u0105, kiedy premier og\u0142osi\u0142, \u017ce straci\u0142 do niego zaufanie \u2013 natychmiast poda\u0142by si\u0119 do dymisji<\/strong>.<\/p>\n<p>Tymczasem nie tylko nie usuwa si\u0119 w cie\u0144, ale do ostatniej chwili podsuwa mediom (zaprzyja\u017anionym) kolejne afery i \u201eafery\u201d, a sam nie uznaje swojego odwo\u0142ania, zamierza zaskar\u017cy\u0107 je do s\u0105du; w dniu swojego odwo\u0142ania zostaje zaproszony przez prezydenta (!), a brat prezydenta grzmi, jak przysta\u0142o na szefa opozycji. Prawda zwyci\u0119\u017cy \u2013 obwieszcza Kami\u0144ski i wykonuje teatralne gesty. Krok za nim przebiera nogami oburzony do trzewi przewodnicz\u0105cy SLD, Napieralski.<\/p>\n<p>Spr\u00f3bujmy uporz\u0105dkowa\u0107 sprawy \u201ena dzie\u0144 dzisiejszy\u201d. Obejmuj\u0105c w\u0142adz\u0119, Tusk pozostawi\u0142 Kami\u0144skiego na stanowisku szefa CBA, poniewa\u017c tak by\u0142o \u0142atwo i elegancko. M\u00f3g\u0142 go odwo\u0142a\u0107 za komentarz do afery pos\u0142anki Sawickiej (\u017ce teraz Polacy b\u0119d\u0105 ju\u017c wiedzieli na kogo g\u0142osowa\u0107), ale nie uczyni\u0142 tego w ramach polityki mi\u0142o\u015bci, poczucia si\u0142y, a mo\u017ce i wiary, \u017ce na tym stanowisku przyda si\u0119 polityk opozycji. Kto dzisiaj jest m\u0105dry po szkodzie i m\u00f3wi, \u017ce T. powinien by\u0142 odwo\u0142a\u0107 K. od razu, powinien siedzie\u0107 cicho, je\u015bli tego wtedy nie m\u00f3wi\u0142. Powinien tak\u017ce wzi\u0105\u0107 pod uwag\u0119, \u017ce polityka mi\u0142o\u015bci obok szk\u00f3d (zaniedbanie obsady CBA, medi\u00f3w publicznych, pozostawienie kwestii lustracji) przynios\u0142a te\u017c Tuskowi i Platformie korzy\u015bci \u2013 spo\u0142ecze\u0144stwo akceptowa\u0142o stan b\u0142ogiego spokoju, jak\u017ce odmienny od wojny domowej prowadzonej przez PiS braci Kaczy\u0144skich.<\/p>\n<p>Teraz mleko si\u0119 rozla\u0142o, trio K&amp;K&amp;K wystawia rachunek za polityk\u0119 mi\u0142o\u015bci. Kolejne afery i \u201eafery\u201d, podrzucane wybranym mediom, maj\u0105 potwierdzi\u0107 tez\u0119 o zgnili\u017anie III RP i konieczno\u015bci powrotu do IV RP. Sprawa hazardowa kompromituje Platform\u0119, nie tyle przez szkody rzekomo wyrz\u0105dzone pa\u0144stwu, ile przez niestosowne znajomo\u015bci, dwuznaczne rozmowy, \u017ca\u0142osne spotykanie si\u0119 na cmentarzu, brak odpowiedzialno\u015bci, zwyk\u0142\u0105 g\u0142upot\u0119 i s\u0142abo\u015b\u0107 niekt\u00f3rych jej polityk\u00f3w.<\/p>\n<p>Kolejne afery rzucane na stos, na kt\u00f3rym sp\u0142on\u0105\u0107 ma Tusk i Platforma, s\u0105 ju\u017c bardziej dyskusyjne. W sprawie prywatyzacji stoczni rz\u0105d, a szczeg\u00f3lnie min. Grad, by\u0142 pomi\u0119dzy m\u0142otem a kowad\u0142em. Z jednej strony podejrzane towarzystwo z Kataru, a z drugiej podejrzane towarzystwo, kt\u00f3re w ka\u017cdej chwili mo\u017ce wyprowadzi\u0107 na ulice stoczniowc\u00f3w w obronie miejsc pracy (i nie tylko, bo dzisiejsza \u201eS\u201d to bli\u017aniak PiS). I to wszystko przed wyborami do Parlamentu Europejskiego, kiedy (z trzeciej strony) Tusk i Platforma potrzebuj\u0105 sukcesu, a Komisja Europejska (z czwartej strony) zmusza do sprzedania stoczni. Dobrego wyj\u015bcia nie by\u0142o, nie mia\u0142y go te\u017c poprzednie rz\u0105dy. Sko\u0144czy\u0142o si\u0119 fiaskiem, kt\u00f3re przykry\u0142o sukces rz\u0105du w sporze z Eureko, o czym nikt dzi\u015b nie m\u00f3wi. Czy dalsze \u201eafery\u201d (rafineria w Trzebini, prywatyzacja gie\u0142dy) to przest\u0119pstwa &#8211; poka\u017ce czas. Na razie to dobra amunicja dla opozycji. I o to chodzi.<\/p>\n<p>K&amp;K&amp;K zaatakowali z furi\u0105, wzbudzaj\u0105c entuzjazm medi\u00f3w opozycyjnych. Dob\u00f3r gazet, w kt\u00f3rych ukazuje si\u0119 serial, dziwnie pokrywa si\u0119 z ich linia polityczn\u0105 &#8211; Swoim \u201euda\u0142o si\u0119 zdoby\u0107\u201d, \u201euda\u0142o si\u0119 dotrze\u0107\u201d, pozostali to albo nieudacznicy, albo nie chc\u0105 uczestniczy\u0107 w pogoni za kwitami.<\/p>\n<p>Reakcja Donalda Tuska troch\u0119 mnie zdziwi\u0142a \u2013 pozby\u0142 si\u0119 nie tylko cz\u0142onk\u00f3w rz\u0105du, na kt\u00f3rych pad\u0142y podejrzenia, ze Schetyn\u0105 na czele, ale tak\u017ce swojego gabinetu politycznego. Si\u0142\u0105 rzeczy my\u015bli si\u0119 tak\u017ce o tych, z kt\u00f3rymi rozsta\u0142 si\u0119 dawniej: Olechowski, Piskorski, P\u0142a\u017cy\u0144ski, Rokita, teraz Chlebowski, Drzewiecki plus odsuni\u0119ci na dystans Schetyna, Nowak, Grupi\u0144ski \u2013 wszystko to czyni z Tuska coraz wi\u0119kszego samotnika. Jest os\u0142abiony. Obl\u0119\u017cony przez K&amp;K&amp;K, przestaje by\u0107 niekwestionowanym kandydatem na prezydenta, Palikot (kt\u00f3ry wzywa go do rezygnacji z kandydowania w tych wyborach) cz\u0119sto m\u00f3wi to, co inni boj\u0105 si\u0119 powiedzie\u0107. Moim zdaniem taka decyzja w tym momencie by\u0142aby dzia\u0142aniem na rzecz K&amp;K&amp;K oraz IV RP.<\/p>\n","protected":false},"excerpt":{"rendered":"<p>Gdyby Mariusz Kami\u0144ski chcia\u0142 post\u0105pi\u0107 honorowo i z godno\u015bci\u0105, to z chwil\u0105, kiedy premier og\u0142osi\u0142, \u017ce straci\u0142 do niego zaufanie \u2013 natychmiast poda\u0142by si\u0119 do dymisji. Tymczasem nie tylko nie usuwa si\u0119 w cie\u0144, ale do ostatniej chwili podsuwa mediom (zaprzyja\u017anionym) kolejne afery i \u201eafery\u201d, a sam nie uznaje swojego odwo\u0142ania, zamierza zaskar\u017cy\u0107 je do [&hellip;]<\/p>\n","protected":false},"author":4,"featured_media":0,"comment_status":"open","ping_status":"open","sticky":false,"template":"","format":"standard","meta":{"footnotes":""},"categories":[1],"tags":[],"_links":{"self":[{"href":"https:\/\/blog.polityka.pl\/passent\/wp-json\/wp\/v2\/posts\/617"}],"collection":[{"href":"https:\/\/blog.polityka.pl\/passent\/wp-json\/wp\/v2\/posts"}],"about":[{"href":"https:\/\/blog.polityka.pl\/passent\/wp-json\/wp\/v2\/types\/post"}],"author":[{"embeddable":true,"href":"https:\/\/blog.polityka.pl\/passent\/wp-json\/wp\/v2\/users\/4"}],"replies":[{"embeddable":true,"href":"https:\/\/blog.polityka.pl\/passent\/wp-json\/wp\/v2\/comments?post=617"}],"version-history":[{"count":0,"href":"https:\/\/blog.polityka.pl\/passent\/wp-json\/wp\/v2\/posts\/617\/revisions"}],"wp:attachment":[{"href":"https:\/\/blog.polityka.pl\/passent\/wp-json\/wp\/v2\/media?parent=617"}],"wp:term":[{"taxonomy":"category","embeddable":true,"href":"https:\/\/blog.polityka.pl\/passent\/wp-json\/wp\/v2\/categories?post=617"},{"taxonomy":"post_tag","embeddable":true,"href":"https:\/\/blog.polityka.pl\/passent\/wp-json\/wp\/v2\/tags?post=617"}],"curies":[{"name":"wp","href":"https:\/\/api.w.org\/{rel}","templated":true}]}}