
{"id":6179,"date":"2020-06-22T19:37:09","date_gmt":"2020-06-22T17:37:09","guid":{"rendered":"https:\/\/passent.blog.polityka.pl\/?p=6179"},"modified":"2020-06-22T20:34:57","modified_gmt":"2020-06-22T18:34:57","slug":"reka-reke-myje","status":"publish","type":"post","link":"https:\/\/blog.polityka.pl\/passent\/2020\/06\/22\/reka-reke-myje\/","title":{"rendered":"R\u0119ka r\u0119k\u0119 myje"},"content":{"rendered":"\n<p>Wyjazd prezydenta Dudy do Donalda Trumpa wygl\u0105da na zr\u0119czne posuni\u0119cie taktyczne, ale marne strategicznie. Taktycznie jest to wzmocnienie s\u0142abn\u0105cej kandydatury prezydenta w wyborach.<\/p>\n\n\n\n<!--more-->\n\n\n\n<p>Cz\u0119\u015b\u0107 wyborc\u00f3w pokiwa g\u0142ow\u0105 z uznaniem, \u017ce to ju\u017c 11. spotkanie (chyba licz\u0105c przej\u015bcia dla pieszych) obu przyw\u00f3dc\u00f3w, pierwsze po \u201eodmro\u017ceniu\u201d Bia\u0142ego Domu, \u015bwiadectwo znaczenia naszego kraju. Inni b\u0119d\u0105 zdegustowani: ostentacja, sztuczka wyborcza, wzajemna us\u0142uga (obaj prezydenci potrzebuj\u0105 g\u0142os\u00f3w w bliskich wyborach) kosztem powagi problem\u00f3w, jakie stoj\u0105 przed oboma krajami, ba, przed NATO i Uni\u0105, wreszcie przed naszymi stosunkami z Niemcami.<\/p>\n\n\n\n<p>Niekt\u00f3rzy, ca\u0142kiem liczni, b\u0119d\u0105 za\u017cenowani, \u017ce Polsk\u0119 reprezentowa\u0107 b\u0119dzie g\u0142owa pa\u0144stwa, kt\u00f3ra m\u00f3wi, \u017ce rz\u0105dy PO\/PSL by\u0142y gorsze ni\u017c koronawirus, zaanga\u017cowana w walk\u0119 z wyimaginowanym zagro\u017ceniem przez LGBT.<\/p>\n\n\n\n<p>Co do strategii, to s\u0105 plusy dodatnie (bli\u017csza wsp\u00f3\u0142praca z USA, zapewne wi\u0119cej \u017co\u0142nierzy ameryka\u0144skich w Polsce, mocniejsze posadowienie Polski w\u015br\u00f3d sojusznik\u00f3w Stan\u00f3w Zjednoczonych i Zachodu), ale i plusy ujemne: arogancja wobec europejskich sojusznik\u00f3w. S\u0105 te\u017c minusy \u2013 zaskoczenie Polek i Polak\u00f3w. Tak wa\u017cne fakty, rzutuj\u0105ce na przysz\u0142o\u015b\u0107, nie mog\u0105 zdarza\u0107 si\u0119 bez uprzedniego przekonania polskiej opinii publicznej, polskiego i ameryka\u0144skiego parlamentu, z zaskoczeniem naszych europejskich partner\u00f3w, w tym Niemiec i Francji.<\/p>\n\n\n\n<p>Chodzi o sprawy bardzo wa\u017cne, w tym o rozgrywk\u0119 Trump\u2013Merkel, USA\u2013Niemcy, Trump\u2013Europa. Nie chcemy by\u0107 pionkiem ani koniem troja\u0144skim w tym konflikcie. Stany s\u0105 gwarantem naszego bezpiecze\u0144stwa, Niemcy \u2013 najwa\u017cniejszym partnerem gospodarczym i europejskim. Nast\u0119pna sprawa to kolejne polskie wydatki (Trump nie zaprasza na darmowy lunch) w czasie pandemii oraz sprawy delikatne, takie jak immunitet prawny dla cz\u0142onk\u00f3w US Army.<\/p>\n\n\n\n<p>W sumie \u2013 bli\u017csza wsp\u00f3\u0142praca, wi\u0119cej \u017co\u0142nierzy ameryka\u0144skich w Polsce i tego, co si\u0119 z tym wi\u0105\u017ce, to dobrze. Spos\u00f3b doj\u015bcia do tych decyzji i moment ich og\u0142oszenia obni\u017ca rang\u0119 samego wydarzenia oraz wybor\u00f3w w Polsce. Wy sobie wybierajcie, ja mam wa\u017cniejsz\u0105 spraw\u0119 \u2013 musz\u0119 wygra\u0107 za wszelk\u0105 cen\u0119.<\/p>\n\n\n\n<p><strong>Zaproszenie<\/strong><br>Wydarzenie dnia (!): dr Patrycja SASNAL (arabistka, filozofka, autorytet w dziedzinie Bliskiego Wschodu z PISM) oraz dr hab. Karolina WIGURA (socjolo\u017cka, historyczka z UW, redaktorka &#8222;Kultury Liberalnej&#8221;) b\u0119d\u0105 naszymi go\u015b\u0107mi w TOK FM &#8211; niedziela 28 czerwca, godz. 10:05.<\/p>\n","protected":false},"excerpt":{"rendered":"<p>Wyjazd prezydenta Dudy do Donalda Trumpa wygl\u0105da na zr\u0119czne posuni\u0119cie taktyczne, ale marne strategicznie. Taktycznie jest to wzmocnienie s\u0142abn\u0105cej kandydatury prezydenta w wyborach.<\/p>\n","protected":false},"author":4,"featured_media":6183,"comment_status":"open","ping_status":"closed","sticky":false,"template":"","format":"standard","meta":{"footnotes":""},"categories":[1],"tags":[],"_links":{"self":[{"href":"https:\/\/blog.polityka.pl\/passent\/wp-json\/wp\/v2\/posts\/6179"}],"collection":[{"href":"https:\/\/blog.polityka.pl\/passent\/wp-json\/wp\/v2\/posts"}],"about":[{"href":"https:\/\/blog.polityka.pl\/passent\/wp-json\/wp\/v2\/types\/post"}],"author":[{"embeddable":true,"href":"https:\/\/blog.polityka.pl\/passent\/wp-json\/wp\/v2\/users\/4"}],"replies":[{"embeddable":true,"href":"https:\/\/blog.polityka.pl\/passent\/wp-json\/wp\/v2\/comments?post=6179"}],"version-history":[{"count":5,"href":"https:\/\/blog.polityka.pl\/passent\/wp-json\/wp\/v2\/posts\/6179\/revisions"}],"predecessor-version":[{"id":6186,"href":"https:\/\/blog.polityka.pl\/passent\/wp-json\/wp\/v2\/posts\/6179\/revisions\/6186"}],"wp:featuredmedia":[{"embeddable":true,"href":"https:\/\/blog.polityka.pl\/passent\/wp-json\/wp\/v2\/media\/6183"}],"wp:attachment":[{"href":"https:\/\/blog.polityka.pl\/passent\/wp-json\/wp\/v2\/media?parent=6179"}],"wp:term":[{"taxonomy":"category","embeddable":true,"href":"https:\/\/blog.polityka.pl\/passent\/wp-json\/wp\/v2\/categories?post=6179"},{"taxonomy":"post_tag","embeddable":true,"href":"https:\/\/blog.polityka.pl\/passent\/wp-json\/wp\/v2\/tags?post=6179"}],"curies":[{"name":"wp","href":"https:\/\/api.w.org\/{rel}","templated":true}]}}