
{"id":6187,"date":"2020-06-25T18:18:24","date_gmt":"2020-06-25T16:18:24","guid":{"rendered":"https:\/\/passent.blog.polityka.pl\/?p=6187"},"modified":"2020-06-25T19:19:06","modified_gmt":"2020-06-25T17:19:06","slug":"krajobraz-po-podrozy","status":"publish","type":"post","link":"https:\/\/blog.polityka.pl\/passent\/2020\/06\/25\/krajobraz-po-podrozy\/","title":{"rendered":"Krajobraz po podr\u00f3\u017cy"},"content":{"rendered":"\n<p>Kto jest gorszy \u2013 Trump czy Duda? Kiedy s\u0142ucha\u0142em po raz setny, \u017ce to dla nas wielkie wyr\u00f3\u017cnienie, i\u017c nasz prezydent zosta\u0142 zaproszony jako pierwszy po odmro\u017ceniu Bia\u0142ego Domu, \u017ce zaszczyt, \u017ce jako pierwszy od marca, pierwszy od wybuchu pandemii, to czu\u0142em si\u0119 za\u017cenowany. Ile\u017c razy mo\u017cna bi\u0107 pok\u0142ony?<\/p>\n\n\n\n<!--more-->\n\n\n\n<p>Ale bardziej rozczarowa\u0142 mnie Trump, kt\u00f3ry ci\u0105gle wraca\u0142 do kasy, do \u201ezad\u0142u\u017cenia\u201d Niemiec. Oni p\u0142ac\u0105 Rosji za gaz, a my mamy im pomaga\u0107? \u2013 pyta\u0142 retorycznie. Ataki Trumpa na Niemcy, w obecno\u015bci Dudy, stawia\u0142y polskiego prezydenta w co najmniej niezr\u0119cznej, dwuznacznej sytuacji. Tym bardziej \u017ce przemawiaj\u0105c po Trumpie, mia\u0142 okazj\u0119 si\u0119 zdystansowa\u0107. Trump ma mentalno\u015b\u0107 sklepikarza, nale\u017cy mu si\u0119 kasa, wi\u0119c o co chodzi? A chodzi o to, \u017ceby rozpatrze\u0107 (niekoniecznie uzna\u0107) argumenty Niemiec. Niemcy twierdz\u0105, \u017ce ich wydatki na obron\u0119 rosn\u0105. Po drugie \u2013 w liczbach bezwzgl\u0119dnych s\u0105 zdecydowanie najwi\u0119ksze w\u015br\u00f3d europejskich cz\u0142onk\u00f3w NATO, od Portugalii a\u017c do Polski.<\/p>\n\n\n\n<p>Wreszcie po trzecie i najwa\u017cniejsze, nie wszyscy w Niemczech i w ca\u0142ej Europie zapomnieli o II wojnie \u015bwiatowej. Nie wszyscy marz\u0105, \u017ceby Niemcy mieli najwi\u0119cej armat i bombowc\u00f3w. Dotychczas Berlin stara\u0142 si\u0119 wydawa\u0107 swoje \u201eoszcz\u0119dno\u015bci\u201d na pomoc dla innych kraj\u00f3w. Pomoc niemiecka i wk\u0142ad Niemiec w rozmaite cele pokojowe jest najwy\u017csza w Europie. Donald Trump powinien przynajmniej wspomnie\u0107, \u017ce zna i rozumie to stanowisko, nawet gdy go nie podziela. Pogl\u0105dy spo\u0142ecze\u0144stwa niemieckiego na te delikatne sprawy nie s\u0105 to\u017csame ze stanowiskiem republikan\u00f3w. S\u0105 bli\u017csze skrupu\u0142om, jakie mia\u0142a (ma?) Japonia.<\/p>\n\n\n\n<p>Nie podoba\u0142o mi si\u0119, \u017ce ani Duda, ani Trump nie wspomnieli o roli, jak\u0105 Stany odegra\u0142y i maj\u0105 do odegrania w walce o demokracj\u0119, prawa cz\u0142owieka, prawa mniejszo\u015bci, i to w sytuacji, kiedy jeszcze kilka tygodni temu p\u0142on\u0119\u0142y miasta, kiedy rozwa\u017cana jest g\u0142\u0119boka reorganizacja policji, kiedy kwestia rasowa nie pozwala o sobie zapomnie\u0107\u2026 Trump m\u00f3g\u0142by o tym wspomnie\u0107, a nie tylko liczy\u0107 kas\u0119.<\/p>\n\n\n\n<p>Nie widz\u0119, jakie trofea militarne przywozi Duda z Ameryki. Fort Trump zawali\u0142 si\u0119, zanim powsta\u0142. Z konkretnej inicjatywy zosta\u0142 zredukowany do symbolu, do sposobu my\u015blenia i skr\u00f3tu my\u015blowego. Nie ustalono, ilu \u017co\u0142nierzy mo\u017cemy si\u0119 spodziewa\u0107. Na uznanie zas\u0142uguje rzecz sk\u0105din\u0105d oczywista, \u017ce Duda chocia\u017c wspomnia\u0142 o Europie i jej bezpiecze\u0144stwie, upomnia\u0142 si\u0119, by \u017co\u0142nierze ameryka\u0144scy \u201eprzebazowani\u201d z Niemiec \u2013 pozostali na \u201estarym kontynencie\u201d.<\/p>\n\n\n\n<p>Rezultaty gospodarcze b\u0142yskawicznej (troch\u0119 \u201ena gwizdek\u201d) podr\u00f3\u017cy Dudy wymagaj\u0105 zapoznania si\u0119 ze szczeg\u00f3\u0142ami. (Diabe\u0142 tkwi w szczeg\u00f3\u0142ach). Tak np. zapowied\u017a wsp\u00f3\u0142pracy w dziedzinie pokojowego wykorzystania energii atomowej wymaga wyja\u015bnienia, co, czy i za ile kupimy \u2013 wszak nie brak i innych ofert, np. Francji. Tak zwana wsp\u00f3\u0142praca w dziedzinie prac nad szczepionk\u0105 na koronawirusa praktycznie nie istnieje z powodu wielkich r\u00f3\u017cnic w potencjale naukowo-badawczym i gospodarczym obu pa\u0144stw. Poniewa\u017c trwa wy\u015bcig o wielkie pieni\u0105dze (setki milion\u00f3w szczepionek, miliardy dolar\u00f3w), s\u0142absi nie maj\u0105 szans.<\/p>\n\n\n\n<p>Je\u017celi dobrze s\u0142ysza\u0142em, to pod koniec konferencji prasowej, ju\u017c w drodze do wyj\u015bcia, Trump wspomnia\u0142 o mo\u017cliwo\u015bci wsp\u00f3\u0142pracy z Rosj\u0105 (czy tylko ogl\u0105dania defilady), i wspomnia\u0142, \u017ce Stany Zjednoczone b\u0119dzie reprezentowa\u0142 ambasador, na co Duda si\u0119 odci\u0105\u0142, \u017ce on jedzie pracowa\u0107 dla pa\u0144stwa, a nie defilowa\u0107. Ta b\u0142yskotliwa i b\u0142yskawiczna riposta nie zmienia faktu, \u017ce podr\u00f3\u017c Dudy trudno uzna\u0107 za owocn\u0105. Najwi\u0119kszym skarbem by\u0142o poparcie jego kandydatury przez Trumpa. To oczywista i niedopuszczalna  ingerencja w nasze sprawy wewn\u0119trzne. Czy ciemny lud to kupi \u2013 zobaczymy lada dzie\u0144.<\/p>\n\n\n\n<p><strong>Zaproszenie<\/strong><br>Dr Patrycja Sasnal (PISM, UW) oraz dr Karolina Wigura (UW, &#8222;Kultura Liberalna&#8221;) b\u0119d\u0105 naszymi go\u015b\u0107mi w TOK FM, niedziela 28 czerwca, godz. 10:05.<\/p>\n","protected":false},"excerpt":{"rendered":"<p>Kto jest gorszy \u2013 Trump czy Duda? Kiedy s\u0142ucha\u0142em po raz setny, \u017ce to dla nas wielkie wyr\u00f3\u017cnienie, i\u017c nasz prezydent zosta\u0142 zaproszony jako pierwszy po odmro\u017ceniu Bia\u0142ego Domu, \u017ce zaszczyt, \u017ce jako pierwszy od marca, pierwszy od wybuchu pandemii, to czu\u0142em si\u0119 za\u017cenowany. Ile\u017c razy mo\u017cna bi\u0107 pok\u0142ony?<\/p>\n","protected":false},"author":4,"featured_media":6190,"comment_status":"open","ping_status":"closed","sticky":false,"template":"","format":"standard","meta":{"footnotes":""},"categories":[1],"tags":[],"_links":{"self":[{"href":"https:\/\/blog.polityka.pl\/passent\/wp-json\/wp\/v2\/posts\/6187"}],"collection":[{"href":"https:\/\/blog.polityka.pl\/passent\/wp-json\/wp\/v2\/posts"}],"about":[{"href":"https:\/\/blog.polityka.pl\/passent\/wp-json\/wp\/v2\/types\/post"}],"author":[{"embeddable":true,"href":"https:\/\/blog.polityka.pl\/passent\/wp-json\/wp\/v2\/users\/4"}],"replies":[{"embeddable":true,"href":"https:\/\/blog.polityka.pl\/passent\/wp-json\/wp\/v2\/comments?post=6187"}],"version-history":[{"count":4,"href":"https:\/\/blog.polityka.pl\/passent\/wp-json\/wp\/v2\/posts\/6187\/revisions"}],"predecessor-version":[{"id":6192,"href":"https:\/\/blog.polityka.pl\/passent\/wp-json\/wp\/v2\/posts\/6187\/revisions\/6192"}],"wp:featuredmedia":[{"embeddable":true,"href":"https:\/\/blog.polityka.pl\/passent\/wp-json\/wp\/v2\/media\/6190"}],"wp:attachment":[{"href":"https:\/\/blog.polityka.pl\/passent\/wp-json\/wp\/v2\/media?parent=6187"}],"wp:term":[{"taxonomy":"category","embeddable":true,"href":"https:\/\/blog.polityka.pl\/passent\/wp-json\/wp\/v2\/categories?post=6187"},{"taxonomy":"post_tag","embeddable":true,"href":"https:\/\/blog.polityka.pl\/passent\/wp-json\/wp\/v2\/tags?post=6187"}],"curies":[{"name":"wp","href":"https:\/\/api.w.org\/{rel}","templated":true}]}}