
{"id":6194,"date":"2020-06-28T22:56:05","date_gmt":"2020-06-28T20:56:05","guid":{"rendered":"https:\/\/passent.blog.polityka.pl\/?p=6194"},"modified":"2020-06-28T23:35:22","modified_gmt":"2020-06-28T21:35:22","slug":"moglo-byc-gorzej-2","status":"publish","type":"post","link":"https:\/\/blog.polityka.pl\/passent\/2020\/06\/28\/moglo-byc-gorzej-2\/","title":{"rendered":"Dobrze, ale nie beznadziejnie"},"content":{"rendered":"\n<p>Mog\u0142o by\u0107 gorzej. Jako urodzony pesymista pierwsz\u0105 tur\u0119 wybor\u00f3w prezydenckich na podstawie wynik\u00f3w sonda\u017cowych (!) przyjmuj\u0119 z umiarkowanym zadowoleniem. Zadowoleniem, poniewa\u017c jeszcze mam w uszach i pami\u0119ci skandowanie zwolennik\u00f3w Andrzeja Dudy: \u201ePierwsza tura! Pierwsza tura!\u201d. Na szcz\u0119\u015bcie to marzenie si\u0119 nie zi\u015bci\u0142o, ale ob\u00f3z w\u0142adzy w osobie urz\u0119duj\u0105cego prezydenta otrzyma\u0142 41,8 proc. g\u0142os\u00f3w i mo\u017ce by\u0107 w miar\u0119 zadowolony. W pierwszych s\u0142owach Duda elegancko, po prezydencku, podzi\u0119kowa\u0142 rywalom &#8211; czy ciemny lud to kupi?<\/p>\n\n\n\n<!--more-->\n\n\n\n<p>Po tylu aferach i skandalach, przy coraz wi\u0119kszej izolacji w Unii Europejskiej, po brutalnej ofensywie na s\u0105dy i s\u0119dzi\u00f3w, po wybrykach Antoniego Macierewicza w si\u0142ach zbrojnych, po drastycznym \u0142amaniu prawa przez prezydenta i przez rz\u0105d, po \u0142ama\u0144cach maj\u0105cych na celu doprowadzenie do wybor\u00f3w 10 maja, po wyrzuceniu 70 mln z\u0142 na papeteri\u0119 Morawieckiego i Sasina, po propagandowych wielkich budowlach kapitalizmu (Mierzeja, CPK), po nabijaniu sobie i swoim ludziom portfeli i torebek, zw\u0142aszcza kosztem sp\u00f3\u0142ek skarbu pa\u0144stwa, po rozwaleniu dyplomacji, po zast\u0105pieniu finezyjnej polityki zagranicznej przez uzale\u017cnienie od Donalda Trumpa, po pora\u017ckach ochrony zdrowia i wpadkach ministra Szumowskiego, po katastrofie Najwy\u017cszej Izby Kontroli, po zagrabieniu Telewizji Publicznej i po wielu innych powodach do wstydu &#8211; ob\u00f3z w\u0142adzy w osobie Andrzeja Dudy zebra\u0142 prawie 42 proc. g\u0142os\u00f3w \u2013 to jest pot\u0119\u017cny fundament.<\/p>\n\n\n\n<p>Ale trzeba te\u017c powiedzie\u0107, \u017ce PiS si\u0119gn\u0105\u0142 po wszystkie atuty, w\u0142\u0105cznie z b\u0142ogos\u0142awie\u0144stwem prezydenta Stan\u00f3w Zjednoczonych, co jest bez precedensu w stosunkach mi\u0119dzynarodowych. Ilo\u015b\u0107 naszych wsp\u00f3lnych pieni\u0119dzy, jakie w\u0142adza rozda\u0142a wyborcom, \u017ceby kupi\u0107 ich g\u0142osy, nie ma sobie r\u00f3wnych w historii Polski. Je\u017celi Andrzej Duda wygra drug\u0105 tur\u0119, to b\u0119dzie to najdro\u017cszy (nie m\u00f3wi\u0105c o szkodach, jakie powoduje) prezydent w historii naszego kraju.<\/p>\n\n\n\n<p>Wynik Rafa\u0142a Trzaskowskiego (30,4 proc. w sonda\u017cu) zas\u0142uguje na uznanie, jest lepszy, ni\u017c oczekiwa\u0142em. Trzeba pami\u0119ta\u0107, \u017ce g\u0142osy opozycji to r\u00f3wnie\u017c 13,3 proc. Szymona Ho\u0142owni, 2,9 proc. Roberta Biedronia, 2,6 proc. W\u0142adys\u0142awa Kosiniaka-Kamysza. Trzeba pami\u0119ta\u0107, \u017ce g\u0142osy Trzaskowskiego to tak\u017ce g\u0142osy oddane mimo, a nie dzi\u0119ki Platformie, po d\u0142ugotrwa\u0142ym kryzysie partii Schetyny, Budki, Kidawy, po okresie braku przyw\u00f3dztwa, po serii przegranych wybor\u00f3w, po \u201elast minute\u201d zamianie niefortunnej kandydatki na kandydata z prawdziwego zdarzenia.<\/p>\n\n\n\n<p>W pierwszej turze wiele jest znacz\u0105cych wydarze\u0144, w tym kl\u0119ska lewicy i sukces \u201eideowej prawicy\u201d, ale na pisanie o nich przyjdzie czas, dzisiaj najwa\u017cniejsze s\u0105 najbli\u017csze dwa tygodnie. Duda ma ponad 11 proc. przewagi nad Trzaskowskim. To wi\u0119cej ni\u017c du\u017co, ale wybory nie s\u0105 rozstrzygni\u0119te.<\/p>\n","protected":false},"excerpt":{"rendered":"<p>Mog\u0142o by\u0107 gorzej. Jako urodzony pesymista pierwsz\u0105 tur\u0119 wybor\u00f3w prezydenckich na podstawie wynik\u00f3w sonda\u017cowych (!) przyjmuj\u0119 z umiarkowanym zadowoleniem. Zadowoleniem, poniewa\u017c jeszcze mam w uszach i pami\u0119ci skandowanie zwolennik\u00f3w Andrzeja Dudy: \u201ePierwsza tura! Pierwsza tura!\u201d. Na szcz\u0119\u015bcie to marzenie si\u0119 nie zi\u015bci\u0142o, ale ob\u00f3z w\u0142adzy w osobie urz\u0119duj\u0105cego prezydenta otrzyma\u0142 41,8 proc. g\u0142os\u00f3w i mo\u017ce [&hellip;]<\/p>\n","protected":false},"author":4,"featured_media":6200,"comment_status":"open","ping_status":"closed","sticky":false,"template":"","format":"standard","meta":{"footnotes":""},"categories":[1],"tags":[],"_links":{"self":[{"href":"https:\/\/blog.polityka.pl\/passent\/wp-json\/wp\/v2\/posts\/6194"}],"collection":[{"href":"https:\/\/blog.polityka.pl\/passent\/wp-json\/wp\/v2\/posts"}],"about":[{"href":"https:\/\/blog.polityka.pl\/passent\/wp-json\/wp\/v2\/types\/post"}],"author":[{"embeddable":true,"href":"https:\/\/blog.polityka.pl\/passent\/wp-json\/wp\/v2\/users\/4"}],"replies":[{"embeddable":true,"href":"https:\/\/blog.polityka.pl\/passent\/wp-json\/wp\/v2\/comments?post=6194"}],"version-history":[{"count":5,"href":"https:\/\/blog.polityka.pl\/passent\/wp-json\/wp\/v2\/posts\/6194\/revisions"}],"predecessor-version":[{"id":6199,"href":"https:\/\/blog.polityka.pl\/passent\/wp-json\/wp\/v2\/posts\/6194\/revisions\/6199"}],"wp:featuredmedia":[{"embeddable":true,"href":"https:\/\/blog.polityka.pl\/passent\/wp-json\/wp\/v2\/media\/6200"}],"wp:attachment":[{"href":"https:\/\/blog.polityka.pl\/passent\/wp-json\/wp\/v2\/media?parent=6194"}],"wp:term":[{"taxonomy":"category","embeddable":true,"href":"https:\/\/blog.polityka.pl\/passent\/wp-json\/wp\/v2\/categories?post=6194"},{"taxonomy":"post_tag","embeddable":true,"href":"https:\/\/blog.polityka.pl\/passent\/wp-json\/wp\/v2\/tags?post=6194"}],"curies":[{"name":"wp","href":"https:\/\/api.w.org\/{rel}","templated":true}]}}