
{"id":62,"date":"2006-06-12T23:59:32","date_gmt":"2006-06-12T21:59:32","guid":{"rendered":"http:\/\/passent.blog.polityka.pl\/?p=62"},"modified":"2006-06-13T00:33:39","modified_gmt":"2006-06-12T22:33:39","slug":"wybieramy-lze-elite","status":"publish","type":"post","link":"https:\/\/blog.polityka.pl\/passent\/2006\/06\/12\/wybieramy-lze-elite\/","title":{"rendered":"Wybieramy \u0142\u017ce-elit\u0119."},"content":{"rendered":"<p>Do\u015b\u0107 og\u00f3lnik\u00f3w o \u0142\u017ce-elicie, od s\u0142\u00f3w trzeba przej\u015b\u0107 do czyn\u00f3w &#8211; m\u00f3wi\u0107 \u015bmia\u0142o i po nazwiskach. Musimy przyspieszy\u0107. Wsp\u00f3lnie ustalimy, kto wchodzi w sk\u0142ad skompromitowanej \u0142\u017ce-elity III RP. Im pr\u0119dzej ich zdemaskujemy, im pr\u0119dzej oczy\u015bcimy \u017cycie publiczne z pseudo-autorytet\u00f3w, kreowanych przez pos\u0142uszne im media, tym bli\u017cej b\u0119dziemy celu, jakim jest Polska prawa i sprawiedliwa.\u00a0<br \/>\nDo dzie\u0142a! Chodzi o zaledwie\u00a0 kilkusetosobow\u0105 GRUP\u0118: \u201eMy si\u0119 odnosimy krytycznie do ledwie kilkusetosobowej grupy, kt\u00f3ra znajduje si\u0119 w r\u00f3\u017cnych wa\u017cnych punktach naszego \u017cycia spo\u0142ecznego, a niekiedy obdarzona jest r\u00f3\u017cnego rodzaju tytu\u0142ami, \u017cyje w zamkni\u0119tym \u015bwiecie, g\u0142\u00f3wnie we w\u0142asnym gronie, i we w\u0142asnym gronie przekonuje si\u0119 o swoich racjach i dziko\u015bci ca\u0142ej reszty\u201d \u2013 powiedzia\u0142 4 czerwca prezes PiS na kongresie\u00a0 partii.<br \/>\nKto wchodzi w sk\u0142ad tej kilkusetosobowej grupy? Pom\u00f3\u017cmy partii &#8211; przewodniej sile IV RP &#8211; zdemaskowa\u0107 wrog\u00f3w. Nadsy\u0142ajcie nazwiska skompromitowanych cz\u0142onk\u00f3w \u0142\u017ce-elity, b\u0119dziemy ich demaskowa\u0107 wszelkimi zgodnymi z prawem (bo jeste\u015bmy praworz\u0105dni) metodami. Wa\u017cne b\u0119d\u0105 tylko zg\u0142oszenia pe\u0142ne, zawieraj\u0105ce imi\u0119 i nazwisko cz\u0142onka \u0142\u017ce-elity, tak aby wyeliminowa\u0107 mo\u017cliwo\u015b\u0107 pomy\u0142ki. Zg\u0142oszenie mo\u017ce, ale nie musi,\u00a0 zawiera\u0107 kr\u00f3tkie uzasadnienie. Na list\u0119 mo\u017cna wpisa\u0107 siebie samego, ale nie przez fa\u0142szywie rozumian\u0105 solidarno\u015b\u0107, lecz tylko z kr\u00f3tkim uzasadnieniem.\u00a0 Nie chodzi o kogo\u015b, kto by\u0142 zaledwie ma\u0142ym trybikiem\u00a0 w\u00a0 III RP, ma najwy\u017cej 30 lat i\u00a0 rokuje jeszcze nadzieje na\u00a0popraw\u0119. Chodzi o prawdziwe bestie \u2013 filary Uk\u0142adu. Oto kilka nazwisk na pocz\u0105tek, prosz\u0119 o ci\u0105g dalszy:<\/p>\n<p><strong>ALEKSANDER KWA\u015aNIEWSKI<\/strong> \u2013 ojciec chrzestny uk\u0142adu, patron zmowy post-komunist\u00f3w i libera\u0142\u00f3w, by\u0142y cz\u0142onek. Jego kadencja dobieg\u0142a ko\u0144ca, musia\u0142 odej\u015b\u0107.<br \/>\n<strong>ADAM MICHNIK <\/strong>\u2013 przed 1989 rokiem jeden z najwa\u017cniejszych dzia\u0142aczy opozycji, p\u00f3\u017aniej otumani\u0142 nar\u00f3d, duchowy patron pojednania kat\u00f3w i ofiar, gorliwy wyznawca \u2018grubej kreski\u2019, przeciwnik lustracji, filar \u201eGazety Wyborczej\u201d \u2013 organu III RP. Kreowany na autorytet moralny. Musi odej\u015b\u0107.<br \/>\n<strong>LESZEK BALCEROWICZ<\/strong> \u2013 autor szkodliwej reformy gospodarczej po 1989 r., gorliwy ucze\u0144 Jeffreya Sachsa i\u00a0 zwolennik\u00f3w\u00a0 terapii szokowej, ajatollah wolnego rynku, g\u0142\u00f3wny odpowiedzialny za wysokie bezrobocie i nier\u00f3wno\u015bci spo\u0142eczne. Doktor Mengele gospodarki. By\u0142y cz\u0142onek, obdarzony tytu\u0142ami. Musi odej\u015b\u0107.<br \/>\n<strong>MAREK SAFJAN<\/strong> \u2013 obdarzony tytu\u0142em profesora prawa, w orzeczeniach nie kieruje si\u0119 jedynie wiedz\u0105 prawnicz\u0105, pod jego przewodnictwem Trybuna\u0142 Konstytucyjny zakwestionowa\u0142 fragmenty Ustawy o KRRiTV oraz o otwarciu korporacji zawodowych. Sabotuje IV RP. Jego kadencja na szcz\u0119\u015bcie dobiega ko\u0144ca. Musi odej\u015b\u0107.<br \/>\n<strong>CEZARY STYPU\u0141KOWSKI<\/strong> \u2013 \u2018\u015bcis\u0142y cz\u0142onek\u2019 uk\u0142adu. Jako prezes PZU, a przedtem Banku Handlowego, zapewnia\u0142 uk\u0142adowi obecno\u015b\u0107 w newralgicznym punkcie gospodarki. By\u0142 na stypendium w USA, a wiadomo, kto wtedy wyje\u017cd\u017ca\u0142. Zna\u0142 osobi\u015bcie ojca chrzestnego III RP. Obdarzony m.in. tytu\u0142em najlepszego mened\u017cera polskiego przez miesi\u0119cznik \u201eForbes\u201d. Musia\u0142 odej\u015b\u0107.<br \/>\n<strong>ADAM BONIECKI<\/strong> \u2013 Kreowany na autorytet moralny,\u00a0 zapiek\u0142y krytyk Radia Maryja, za to, \u017ce dobrze s\u0142u\u017cy IV RP. Redaktor naczelny \u201eTygodnika Powszechnego\u201d, kt\u00f3ry ukazuje si\u0119 tylko po to, \u017ceby \u201eGazeta Wyborcza\u201d mog\u0142a go zacytowa\u0107.\u00a0<br \/>\n<strong>STEFAN MELLER <\/strong>\u2013 ambasador Kwa\u015bniewskiego w Pary\u017cu i w Moskwie, ko\u0144 troja\u0144ski III RP w MSZ.<br \/>\n<strong>PAWE\u0141 JANAS <\/strong>\u2013 odziedziczony po III RP, kompromituje IV RP na oczach 2,5 miliarda ludzi. Przez niego ludzie m\u00f3wi\u0105, \u017ce za komuny pi\u0142karze grali lepiej.<\/p>\n<p>Baw si\u0119 razem z nami \u2013 dopisz dalsze osobisto\u015bci \u0142\u017ce-elity. Jedna osoba mo\u017ce zg\u0142osi\u0107 najwy\u017cej 5 dalszych nazwisk. Termin nadsy\u0142ania zg\u0142osze\u0144 up\u0142ywa we czwartek, 15 czerwca br., czyli za 48 godzin. Zdemaskujemy \u0142\u017ce-elit\u0119 w trybie dora\u017anym oraz interaktywnym. Wszak musimy przyspieszy\u0107.<\/p>\n","protected":false},"excerpt":{"rendered":"<p>Do\u015b\u0107 og\u00f3lnik\u00f3w o \u0142\u017ce-elicie, od s\u0142\u00f3w trzeba przej\u015b\u0107 do czyn\u00f3w &#8211; m\u00f3wi\u0107 \u015bmia\u0142o i po nazwiskach. Musimy przyspieszy\u0107. Wsp\u00f3lnie ustalimy, kto wchodzi w sk\u0142ad skompromitowanej \u0142\u017ce-elity III RP. Im pr\u0119dzej ich zdemaskujemy, im pr\u0119dzej oczy\u015bcimy \u017cycie publiczne z pseudo-autorytet\u00f3w, kreowanych przez pos\u0142uszne im media, tym bli\u017cej b\u0119dziemy celu, jakim jest Polska prawa i sprawiedliwa.\u00a0 Do [&hellip;]<\/p>\n","protected":false},"author":4,"featured_media":0,"comment_status":"open","ping_status":"open","sticky":false,"template":"","format":"standard","meta":{"footnotes":""},"categories":[1],"tags":[],"_links":{"self":[{"href":"https:\/\/blog.polityka.pl\/passent\/wp-json\/wp\/v2\/posts\/62"}],"collection":[{"href":"https:\/\/blog.polityka.pl\/passent\/wp-json\/wp\/v2\/posts"}],"about":[{"href":"https:\/\/blog.polityka.pl\/passent\/wp-json\/wp\/v2\/types\/post"}],"author":[{"embeddable":true,"href":"https:\/\/blog.polityka.pl\/passent\/wp-json\/wp\/v2\/users\/4"}],"replies":[{"embeddable":true,"href":"https:\/\/blog.polityka.pl\/passent\/wp-json\/wp\/v2\/comments?post=62"}],"version-history":[{"count":0,"href":"https:\/\/blog.polityka.pl\/passent\/wp-json\/wp\/v2\/posts\/62\/revisions"}],"wp:attachment":[{"href":"https:\/\/blog.polityka.pl\/passent\/wp-json\/wp\/v2\/media?parent=62"}],"wp:term":[{"taxonomy":"category","embeddable":true,"href":"https:\/\/blog.polityka.pl\/passent\/wp-json\/wp\/v2\/categories?post=62"},{"taxonomy":"post_tag","embeddable":true,"href":"https:\/\/blog.polityka.pl\/passent\/wp-json\/wp\/v2\/tags?post=62"}],"curies":[{"name":"wp","href":"https:\/\/api.w.org\/{rel}","templated":true}]}}