
{"id":622,"date":"2009-11-02T00:01:26","date_gmt":"2009-11-01T22:01:26","guid":{"rendered":"http:\/\/passent.blog.polityka.pl\/?p=622"},"modified":"2009-11-02T01:27:48","modified_gmt":"2009-11-01T23:27:48","slug":"wywiad-obcy-ale-dobry","status":"publish","type":"post","link":"https:\/\/blog.polityka.pl\/passent\/2009\/11\/02\/wywiad-obcy-ale-dobry\/","title":{"rendered":"Wywiad obcy, ale dobry"},"content":{"rendered":"<p><strong>\u201eS\u0105 tacy, kt\u00f3rzy kupuj\u0105 \u2018Rzeczpospolit\u0105\u2019, tacy, kt\u00f3rzy kupuj\u0105 \u2018Wyborcz\u0105\u2019, s\u0105 wreszcie i tacy, kt\u00f3rzy s\u0142uchaj\u0105 TOK FM\u2026\u201d \u2013 m\u00f3wi Ewa Wanat, redaktor naczelna TOK FM. Je\u015bli chodzi o mnie, to nale\u017c\u0119 do wszystkich trzech kategorii \u2013 \u015bledz\u0119 wszystkie te media<\/strong>.<\/p>\n<p>W miniony weekend najwi\u0119ksz\u0105 satysfakcj\u0119 sprawi\u0142y mi dwa wywiady w \u201eRz\u201d: z Ew\u0105 Wanat i ze Zbigniewem Brzezi\u0144skim. Wanat m\u00f3wi, \u017ce robi radio liberalne, otwarte, najbli\u017cej jej do niemieckich Wolnych Demokrat\u00f3w (FDP), w Polsce nie ma \u2018swojej\u2019 partii, ale pogl\u0105dy ma. Wie, w jakim kraju chcia\u0142aby \u017cy\u0107. \u201eChcia\u0142abym, by wszelkie mniejszo\u015bci czu\u0142y si\u0119 r\u00f3wnie dobrze jak wi\u0119kszo\u015b\u0107 i by wsp\u00f3\u0142istnia\u0142y r\u00f3\u017cne \u015bwiatopogl\u0105dy, a nie tylko katolicki, i to w specyficznym, narodowokatolickim wydaniu, jak teraz (\u2026). W sprawie wychowania seksualnego w szko\u0142ach wszystkie kolejne rz\u0105dy ulegaj\u0105 dyktatowi Ko\u015bcio\u0142a. (\u2026) Je\u015bli homoseksuali\u015bci nie mog\u0105 si\u0119 afiszowa\u0107, to heteroseksuali\u015bci r\u00f3wnie\u017c, bo inaczej by\u0142aby to dyskryminacja. Je\u015bli heteroseksuali\u015bci mog\u0105 chodzi\u0107 za r\u0119k\u0119, opowiada\u0107 publicznie o wakacjach z \u017con\u0105, to homoseksuali\u015bci powinni mie\u0107 podobne prawa.\u201d<\/p>\n<p>Pani Ewa nie traci nadziei, \u017ce w Polsce zajd\u0105 podobne zmiany, co w Hiszpanii i we W\u0142oszech. Ja te\u017c mam tak\u0105 nadziej\u0119, a Pani Ewie gratuluj\u0119, \u017ce poradzi\u0142a sobie z \u201eobcym wywiadem\u201d.<\/p>\n<p>Druga rozmowa tak\u017ce pochodzi z \u201eRz.\u201d. To wywiad z prof. Zbigniewem Brzezi\u0144skim, pod wymownym tytu\u0142em \u201ePolska musi wreszcie dorosn\u0105\u0107\u201d. Brzezi\u0144ski wytyka nam wady, kt\u00f3re dobrze znamy \u2013 megalomani\u0119, egocentryzm, roszczeniowy stosunek do \u015bwiata, sk\u0142onno\u015b\u0107 do my\u015blenia w kategoriach czarno &#8211; bia\u0142ych, ale rzadko kto\u015b m\u00f3wi o tym tak wprost, i ten \u201ekto\u015b\u201d to nie jest byle kto, nie spos\u00f3b oskar\u017cy\u0107 go o brak sympatii dla Polski.<\/p>\n<p>Nawi\u0105zuj\u0105c do komplement\u00f3w, jakie wiceprezydent Biden prawi\u0142 Polsce podczas niedawnej wizyty, Z.B. m\u00f3wi: \u201ePoniewa\u017c mocno wida\u0107, jak strasznie stronie polskiej zale\u017cy na r\u00f3\u017cnych komplementach, to Amerykanie \u2013 nie ponosz\u0105c z tego tytu\u0142u specjalnych koszt\u00f3w \u2013 zdecydowali si\u0119 na takie formy wypowiedzi. (\u2026) Strona ameryka\u0144ska nie czuje si\u0119 jednak zobowi\u0105zana do specjalnych \u015bwiadcze\u0144 wobec Polski (\u2026) Amerykanie podchodz\u0105 jednak racjonalnie do istotnych dysproporcji w potencjale Polski i USA. Je\u017celi polskiemu rz\u0105dowi \u0142atwiej jest ten fakt prze\u0142kn\u0105\u0107 pod przykrywk\u0105 daleko id\u0105cych komplement\u00f3w, to prosz\u0119 bardzo.\u201d<\/p>\n<p>W polskim nastawieniu \u2013 m\u00f3wi dalej Brzezi\u0144ski \u2013 typowe jest ci\u0105gle \u0142aszenie si\u0119 o s\u0142owa uznania. \u201eNajwy\u017cszy czas, by Polska sta\u0142a si\u0119 pa\u0144stwem powa\u017cnym, a nie \u017cy\u0142a ci\u0105gle w zawieszeniu mi\u0119dzy niebem a piek\u0142em. Niebo jest w\u00f3wczas, gdy Ameryka nas kocha (\u2026), a piek\u0142o, kiedy mo\u017cna zakrzykn\u0105\u0107: znowu nas zdradzili\u015bcie\u2026\u201d (Do tej manichejskiej wizji zaliczy\u0142bym tak\u017ce uto\u017csamianie Rosji z piek\u0142em. Najnowsze wydarzenia \u2013 protest grupy rosyjskich uczonych przeciwko praktykom w\u0142adz, a tak\u017ce przypomnienie przez prezydenta Miedwiediewa o nie maj\u0105cych usprawiedliwienia zbrodniach stalinizmu wskazuj\u0105, \u017ce i tam nie wszystko jest czarne jak noc \u2013 Pass.)<\/p>\n<p>Zamiast dba\u0107 o swoje interesy \u2013 m\u00f3wi dalej Z.B. &#8211; Polska boczy si\u0119 na ruroci\u0105g p\u00f3\u0142nocny i \u201eogranicza si\u0119 do oczekiwania, \u017ce inni \u2013 m.in. te pa\u0144stwa, kt\u00f3re widz\u0105 w projekcie gazoci\u0105gu p\u00f3\u0142nocnego bardzo konkretne dla siebie korzy\u015bci \u2013 b\u0119d\u0105 dba\u0107 o polskie interesy. Niemcy od razu zaproponowali przecie\u017c odnog\u0119 do Polski, ale w\u0142adze w Warszawie t\u0119 propozycj\u0119 odrzuci\u0142y. (\u2026) Je\u017celi przez tak wiele lat nie podejmowa\u0142o si\u0119 konkretnych krok\u00f3w zapobiegawczych, to jak mo\u017cna domaga\u0107 si\u0119 zapewnie\u0144, \u017ce w razie czego pot\u0119\u017cni przyjaciele przyjd\u0105 z pomoc\u0105?\u201d Bardzo ma\u0142o s\u0142ycha\u0107 o tym, co Polska konkretnie robi, \u017ceby zadba\u0107 o swoje interesy, \u201eza to bardzo du\u017co si\u0119 m\u00f3wi o tym, co inni powinni dla Polski zrobi\u0107.\u201d<\/p>\n<p>\u015awi\u0119te s\u0142owa! Tak\u017ce w innych fragmentach rozmowy Brzezi\u0144ski \u015bci\u0105ga dziennikarza na ziemi\u0119. Gor\u0105co polecam lektur\u0119 obu rozm\u00f3w. Nareszcie kto\u015b m\u00f3wi to, co inni my\u015bl\u0105 lub czuj\u0105, ale nie maj\u0105 odwagi powiedzie\u0107. (Minister Sikorski, kt\u00f3ry por\u00f3wna\u0142 ruroci\u0105g p\u00f3\u0142nocny do paktu Ribbentrop \u2013 Mo\u0142otow, powinien przeczyta\u0107 obowi\u0105zkowo). Przy okazji tej lektury zauwa\u017cam, \u017ce z biegiem lat moje sk\u0142onno\u015bci (temperament?) publicystyczne ulegaj\u0105 zmianie. Kiedy by\u0142em m\u0142ody \u2013 si\u0119ga\u0142em po pi\u00f3ro przede wszystkim, \u017ceby polemizowa\u0107, pojedynkowa\u0107 si\u0119, adwersarza rozgromi\u0107, a samemu &#8211; wygra\u0107. Z biegiem lat coraz cz\u0119\u015bciej siadam do komputera, \u017ceby poprze\u0107 innych, tych, z kt\u00f3rymi si\u0119 zgadzam.<\/p>\n<p>By\u0107 mo\u017ce dzisiaj szczeg\u00f3lnie. By\u0142em na Cmentarzu Komunalnym na Pow\u0105zkach, jecha\u0142em na rowerze przez opustosza\u0142em miasto, za to na cmentarzu zobaczy\u0142em tysi\u0105ce ludzi, po\u0142o\u017cy\u0142em kwiaty na grobie rodziny, a niedaleko widzia\u0142em \u0142un\u0119 \u015bwiat\u0142a od setek zniczy przed trzema s\u0105siaduj\u0105cymi grobami: Jacka Kuronia, Bronis\u0142awa Geremka i Leszka Ko\u0142akowskiego. W taki dzie\u0144 nie spos\u00f3b si\u0119 k\u0142\u00f3ci\u0107.<\/p>\n","protected":false},"excerpt":{"rendered":"<p>\u201eS\u0105 tacy, kt\u00f3rzy kupuj\u0105 \u2018Rzeczpospolit\u0105\u2019, tacy, kt\u00f3rzy kupuj\u0105 \u2018Wyborcz\u0105\u2019, s\u0105 wreszcie i tacy, kt\u00f3rzy s\u0142uchaj\u0105 TOK FM\u2026\u201d \u2013 m\u00f3wi Ewa Wanat, redaktor naczelna TOK FM. Je\u015bli chodzi o mnie, to nale\u017c\u0119 do wszystkich trzech kategorii \u2013 \u015bledz\u0119 wszystkie te media. W miniony weekend najwi\u0119ksz\u0105 satysfakcj\u0119 sprawi\u0142y mi dwa wywiady w \u201eRz\u201d: z Ew\u0105 Wanat i [&hellip;]<\/p>\n","protected":false},"author":4,"featured_media":0,"comment_status":"open","ping_status":"open","sticky":false,"template":"","format":"standard","meta":{"footnotes":""},"categories":[1],"tags":[],"_links":{"self":[{"href":"https:\/\/blog.polityka.pl\/passent\/wp-json\/wp\/v2\/posts\/622"}],"collection":[{"href":"https:\/\/blog.polityka.pl\/passent\/wp-json\/wp\/v2\/posts"}],"about":[{"href":"https:\/\/blog.polityka.pl\/passent\/wp-json\/wp\/v2\/types\/post"}],"author":[{"embeddable":true,"href":"https:\/\/blog.polityka.pl\/passent\/wp-json\/wp\/v2\/users\/4"}],"replies":[{"embeddable":true,"href":"https:\/\/blog.polityka.pl\/passent\/wp-json\/wp\/v2\/comments?post=622"}],"version-history":[{"count":0,"href":"https:\/\/blog.polityka.pl\/passent\/wp-json\/wp\/v2\/posts\/622\/revisions"}],"wp:attachment":[{"href":"https:\/\/blog.polityka.pl\/passent\/wp-json\/wp\/v2\/media?parent=622"}],"wp:term":[{"taxonomy":"category","embeddable":true,"href":"https:\/\/blog.polityka.pl\/passent\/wp-json\/wp\/v2\/categories?post=622"},{"taxonomy":"post_tag","embeddable":true,"href":"https:\/\/blog.polityka.pl\/passent\/wp-json\/wp\/v2\/tags?post=622"}],"curies":[{"name":"wp","href":"https:\/\/api.w.org\/{rel}","templated":true}]}}