
{"id":623,"date":"2009-11-04T23:09:01","date_gmt":"2009-11-04T22:09:01","guid":{"rendered":"http:\/\/passent.blog.polityka.pl\/?p=623"},"modified":"2009-11-04T23:09:01","modified_gmt":"2009-11-04T22:09:01","slug":"zwierzo-czleko-kibole","status":"publish","type":"post","link":"https:\/\/blog.polityka.pl\/passent\/2009\/11\/04\/zwierzo-czleko-kibole\/","title":{"rendered":"Zwierzo-cz\u0142eko-kibole"},"content":{"rendered":"<p><strong>Premier Tusk, zapalony pi\u0142karz, powinien zaanga\u017cowa\u0107 si\u0119 w zwalczanie bandytyzmu na stadionach pi\u0142karskich. To samo powinni zrobi\u0107 jego wp\u0142ywowi koledzy z boiska \u2013 ministrowie, prezesi bank\u00f3w, ludzie o du\u017cych mo\u017cliwo\u015bciach<\/strong>.<\/p>\n<p>Cho\u0107 od soboty min\u0119\u0142o ju\u017c kilka dni, nie mog\u0119 och\u0142on\u0105\u0107 z wra\u017cenia, jakie wywar\u0142o na mnie zachowanie zwierzo &#8211; cz\u0142eko &#8211; kiboli Legii w Warszawie. Po informacji o \u015bmierci wsp\u00f3\u0142w\u0142a\u015bciciela klubu, 59-letniego Jana Wejcherta, cz\u0119\u015b\u0107 kibic\u00f3w skandowa\u0142a \u201eJeszcze jeden!\u201d, co dotyczy\u0142o drugiego wsp\u00f3\u0142w\u0142a\u015bciciela Klubu, Mariusza Waltera \u2013 cz\u0142owieka o wielkich zas\u0142ugach dla polskiej kultury, pi\u0142ki i medi\u00f3w, pogr\u0105\u017conego w \u017ca\u0142obie po \u015bmierci jednego z najbli\u017cszych swoich wsp\u00f3\u0142pracownik\u00f3w. \u201eTo skandal nie do opisania i oznaka zezwierz\u0119cenia. Jak mo\u017cna nie uszanowa\u0107 pami\u0119ci zmar\u0142ej osoby?\u201d \u2013 o\u015bwiadczy\u0142 przedstawiciel klubu i zapowiedzia\u0142 sankcje (zakaz wst\u0119pu na Legi\u0119) dla os\u00f3b, kt\u00f3re zostan\u0105 rozpoznane z nagra\u0144 video.<\/p>\n<p>Nagranie oburzaj\u0105cych i wstrz\u0105saj\u0105cych scen na Legii pokaza\u0142 m.in. Tomasz Lis w swoim programie w TVP. Moim zdaniem, to nie byli kibice, ale po prostu faszy\u015bci. Na ich widok cz\u0142owieka przechodz\u0105 a\u017c ciarki. \u201eGazeta Wyborcza\u201d informuje, \u017ce do gorsz\u0105cych zaj\u015b\u0107 zasz\u0142o tak\u017ce na stadionach w innych miastach, m.in. kibice Wis\u0142y Krak\u00f3w (miasto inteligencji i duchowie\u0144stwa, duchowa stolica Polski), skandowali \u201eRachu ciachu, Ma\u0142pa w piachu\u201d, co by\u0142o aluzj\u0105 do \u015bmierci w wyniku napa\u015bci przez bandyt\u00f3w z Krakowa. Jest to ju\u017c w Polsce zjawisko cz\u0119ste.<\/p>\n<p>W takiej chwili, kiedy bandyci ze stadionu Legii skanduj\u0105 \u201eJeszcze jeden!\u201d, ogarnia cz\u0142owieka wstyd i poczucie bezsilno\u015bci. Przecie\u017c stadion na \u0141azienkowskiej znajduje si\u0119 zaledwie kilkaset metr\u00f3w od polskiego parlamentu i siedziby rz\u0105du. To nie jest \u017cadna wiocha, to centrum stolicy kraju, kt\u00f3ry ma o sobie wysokie mniemanie i ch\u0119tnie poucza innych, da\u0142 \u015bwiatu laureat\u00f3w Nobla, papie\u017ca i Wa\u0142\u0119s\u0119. O rzut kamieniem od ambasad Francji, Niemiec, USA. Wstyd, wielki wstyd i smutek, \u017ce takie potwory \u017cyj\u0105 w\u015br\u00f3d nas.<\/p>\n<p>Te potwory hodowane s\u0105 m. in. przez PZPN, przez \u015bwiatek pi\u0142karski, a przede wszystkim przez kluby, kt\u00f3re kokietuj\u0105 kibic\u00f3w, pob\u0142a\u017caj\u0105 im, bo si\u0119 ich boj\u0105, bez nich nie mog\u0105 \u017cy\u0107, a tak\u017ce przez media i wszystkich, kt\u00f3rzy przyczyniaj\u0105 si\u0119 do chamstwa oraz szowinizmu. Problem zdziczenia kibic\u00f3w pi\u0142karskich nie narodzi\u0142 si\u0119 w Polsce, istnieje na ten temat obfita literatura i do\u015bwiadczenie innych pa\u0144stw (o ile wiem, w W. Brytanii uda\u0142o si\u0119 to zjawisko opanowa\u0107, natomiast w Chile ogl\u0105da\u0142em sceny podobne jak u nas, a nawet gorsze).<\/p>\n<p>Przychodzi mi na my\u015bl, \u017ce na czele rz\u0105du stoi dzi\u015b zapalony mi\u0142o\u015bnik pi\u0142karstwa. To dobra chwila, \u017ceby premier zaanga\u017cowa\u0142 sw\u00f3j autorytet, przeprosi\u0142 za nie swoje grzechy, ale w imieniu nas \u2013 oburzonych i zawstydzonych, wszystkich, kt\u00f3rzy poczuli si\u0119 obra\u017ceni przez bandyt\u00f3w ze stadionu Legii. Przecie\u017c to s\u0105 nasi rodacy, wsp\u00f3\u0142obywatele RP. By\u0142oby \u0142adnie, a mo\u017ce i skutecznie, gdyby wp\u0142ywowi koledzy Donalda Tuska z boiska wyst\u0105pili z jak\u0105\u015b inicjatyw\u0105 na rzecz zwalczania bandytyzmu i zezwierz\u0119cenia, kt\u00f3re towarzyszy polskiej pi\u0142ce no\u017cnej. Nie mo\u017cna si\u0119 ogranicza\u0107 do budowy \u201eOrlik\u00f3w\u201d. S\u0105dz\u0119, \u017ce inicjatywa premiera Tuska (cho\u0107by jego g\u0142os w tej sprawie) by\u0142aby celowa i po\u017cyteczna tak\u017ce z punktu widzenia jego PR (pi-ar). R\u00f3wnie\u017c Ko\u015bci\u00f3\u0142 m\u00f3g\u0142by otworzy\u0107 usta w tej sprawie. Mo\u017ce znajdzie si\u0119 odwa\u017cny polityk albo duchowny, kt\u00f3ry zejdzie z ambony, albo wyjdzie ze studia TV i usi\u0105dzie podczas meczu na \u201e\u017cylecie\u201d. Skoro kontaktu z t\u0142umem nie boi si\u0119 Owsiak, to mo\u017ce znajd\u0105 si\u0119 inni odwa\u017cni.<\/p>\n","protected":false},"excerpt":{"rendered":"<p>Premier Tusk, zapalony pi\u0142karz, powinien zaanga\u017cowa\u0107 si\u0119 w zwalczanie bandytyzmu na stadionach pi\u0142karskich. To samo powinni zrobi\u0107 jego wp\u0142ywowi koledzy z boiska \u2013 ministrowie, prezesi bank\u00f3w, ludzie o du\u017cych mo\u017cliwo\u015bciach. Cho\u0107 od soboty min\u0119\u0142o ju\u017c kilka dni, nie mog\u0119 och\u0142on\u0105\u0107 z wra\u017cenia, jakie wywar\u0142o na mnie zachowanie zwierzo &#8211; cz\u0142eko &#8211; kiboli Legii w Warszawie. [&hellip;]<\/p>\n","protected":false},"author":4,"featured_media":0,"comment_status":"open","ping_status":"open","sticky":false,"template":"","format":"standard","meta":{"footnotes":""},"categories":[1],"tags":[],"_links":{"self":[{"href":"https:\/\/blog.polityka.pl\/passent\/wp-json\/wp\/v2\/posts\/623"}],"collection":[{"href":"https:\/\/blog.polityka.pl\/passent\/wp-json\/wp\/v2\/posts"}],"about":[{"href":"https:\/\/blog.polityka.pl\/passent\/wp-json\/wp\/v2\/types\/post"}],"author":[{"embeddable":true,"href":"https:\/\/blog.polityka.pl\/passent\/wp-json\/wp\/v2\/users\/4"}],"replies":[{"embeddable":true,"href":"https:\/\/blog.polityka.pl\/passent\/wp-json\/wp\/v2\/comments?post=623"}],"version-history":[{"count":0,"href":"https:\/\/blog.polityka.pl\/passent\/wp-json\/wp\/v2\/posts\/623\/revisions"}],"wp:attachment":[{"href":"https:\/\/blog.polityka.pl\/passent\/wp-json\/wp\/v2\/media?parent=623"}],"wp:term":[{"taxonomy":"category","embeddable":true,"href":"https:\/\/blog.polityka.pl\/passent\/wp-json\/wp\/v2\/categories?post=623"},{"taxonomy":"post_tag","embeddable":true,"href":"https:\/\/blog.polityka.pl\/passent\/wp-json\/wp\/v2\/tags?post=623"}],"curies":[{"name":"wp","href":"https:\/\/api.w.org\/{rel}","templated":true}]}}