
{"id":624,"date":"2009-11-07T00:10:35","date_gmt":"2009-11-06T23:10:35","guid":{"rendered":"http:\/\/passent.blog.polityka.pl\/?p=624"},"modified":"2009-11-07T16:59:52","modified_gmt":"2009-11-07T15:59:52","slug":"na-lawie-oskarzonych","status":"publish","type":"post","link":"https:\/\/blog.polityka.pl\/passent\/2009\/11\/07\/na-lawie-oskarzonych\/","title":{"rendered":"Na \u0142awie oskar\u017conych"},"content":{"rendered":"<p>Jak zapewne wiele os\u00f3b wie, pan Jan Kobyla\u0144ski \u2013 baron polonijny z Ameryki \u0141aci\u0144skiej, tw\u00f3rca fasadowej organizacji polonijnej USOPA\u0141 (Unia Stowarzysze\u0144 i Organizacji Polonijnych Ameryki \u0141aci\u0144skiej), znany ze swoich antysemickich pogl\u0105d\u00f3w i dzia\u0142alno\u015bci na szkod\u0119 pa\u0144stwa polskiego \u2013 wni\u00f3s\u0142 przed s\u0105dem w Warszawie spraw\u0119 karn\u0105 z pow\u00f3dztwa cywilnego przeciwko 19 dziennikarzom i dyplomatom polskim, kt\u00f3rzy o nim pisali krytycznie. \u201ePoszkodowany\u201d zarzuca oskar\u017conym przede wszystkim znies\u0142awienie, naruszenie d\u00f3br osobistych, czyny z art.212 par. 2 Kodeksu Karnego i inne zbrodnie. Na \u0142awie oskar\u017conych zasiedli publicy\u015bci, jak Miko\u0142aj Lizut, redaktorzy naczelni, m.in. Adam Michnik, Jerzy Baczy\u0144ski, Grzegorz Gauden, byli ambasadorowie \u2013 Jaros\u0142aw Guga\u0142a, Ryszard Schnepf i ni\u017cej podpisany. Dla mnie ten proces to pierwsze tego typu do\u015bwiadczenie \u2013 nigdy przedtem nie zasiada\u0142em na \u0142awie oskar\u017conych, i od razu znalaz\u0142em si\u0119 w takim doborowym towarzystwie. Jestem dumny, \u017ce znalaz\u0142em si\u0119 na \u0142awie oskar\u017conych obok Adami Michnika, aczkolwiek o kilkadziesi\u0105t lat za p\u00f3\u017ano. Trzeba by\u0142o siedzie\u0107 w\u00f3wczas!<\/p>\n<p>Proces odbywa si\u0119 przy drzwiach otwartych. W\u015br\u00f3d publiczno\u015bci przewa\u017caj\u0105 sympatycy Radia Maryja i &#8222;Naszego Dziennika&#8221;. Na og\u00f3\u0142 ludzie starsi, kt\u00f3rzy maj\u0105 czas na chodzenie po s\u0105dach, posiadaj\u0105 bia\u0142o-czerwone szturm\u00f3wki i transparenty, niekt\u00f3rzy w mundurach paramilitarnych, gromadz\u0105 si\u0119 przed budynkiem s\u0105du, gdzie g\u0142osz\u0105 swoje superpatriotyczne has\u0142a i walcz\u0105 ze \u0142\u017ce-elit\u0105, wyzywaj\u0105c oskar\u017conych od bydlak\u00f3w i najgorszych. Wyzywaj\u0105 si\u0119 g\u0142\u00f3wnie w korytarzu i przy szatni, gdy\u017c na poprzedniej rozprawie s\u0105d usun\u0105\u0142 ich z sali rozpraw. W\u015br\u00f3d publiczno\u015bci s\u0105 te\u017c obserwatorzy z organizacji zajmuj\u0105cych si\u0119 monitorowaniem praw cz\u0142owieka.<\/p>\n<p>Dobiega ko\u0144ca pierwsza faza procesu, w kt\u00f3rej oskar\u017ceni wyg\u0142aszaj\u0105 swoje o\u015bwiadczenia. \u017baden nie przyzna\u0142 si\u0119 do winy. 5. listopada zeznawa\u0142 m.in. Miko\u0142aj Lizut, dziennikarz \u201eGazety Wyborczej\u201d, kt\u00f3ry kilka lat temu ws\u0142awi\u0142 si\u0119 demaskatorskim reporta\u017cem \u2013 wywiadem z Janem Kobyla\u0144skim, nagrywaj\u0105c jego \u017ca\u0142osne wypowiedzi. Lizut powiedzia\u0142, \u017ce napisa\u0142 o Kobyla\u0144skim, poniewa\u017c opinii publicznej nale\u017cy si\u0119 wiedza, kim jest ten \u201ehojny filantrop, sponsor Radia Maryja, prawdziwy patriota\u201d, kt\u00f3ry pr\u00f3buje wp\u0142ywa\u0107 na polsk\u0105 scen\u0119 polityczn\u0105. Kobyla\u0144ski, bogacz z Urugwaju, to \u201esamozwa\u0144czy lider Polonii w A\u0141, cz\u0142owiek o niejasnej przesz\u0142o\u015bci i antysemickich pogl\u0105dach\u201d. IPN na pocz\u0105tku 2007 r. umorzy\u0142 \u015bledztwo w sprawie domniemanego szmalcownictwa, kt\u00f3rego J.K. mia\u0142 si\u0119 dopu\u015bci\u0107 ze swoim ojcem, Stanis\u0142awem, w 1943 roku. Cho\u0107 zbrodnie ludob\u00f3jstwa nie ulegaj\u0105 przedawnieniu, IPN \u015bledztwo umorzy\u0142, poniewa\u017c nie ma dowod\u00f3w, \u017ce rzekomo zadencjunowana rodzina nie \u017cyje. \u201eBrak informacji o \u015bmierci Rodziny Szenker\u00f3w jest s\u0142abym dowodem na to, \u017ce prze\u017cyli\u201d.<\/p>\n<p>Kobyla\u0144skiego za szmalcownictwo nikt ju\u017c nie ska\u017ce. Ale to nie ze wzgl\u0119du na przesz\u0142o\u015b\u0107 minister Rados\u0142aw Sikorskich zabroni\u0142 dyplomatom polskim kontakt\u00f3w z tym cz\u0142owiekiem. Oto pr\u00f3bka jego pogl\u0105d\u00f3w: \u201eOd stuleci najwi\u0119kszymi wrogami Polak\u00f3w byli i s\u0105 \u017bydzi. Wsz\u0119dzie wle\u017ali. Do rz\u0105du, do Sejmu, do biznesu, a nawet do Episkopatu. Jedna trzecia polskich biskup\u00f3w to \u017bydzi. \u017byd zawsze b\u0119dzie nienawidzi\u0142 Polak\u00f3w i innych narod\u00f3w. Ma to wpisane w swoja religi\u0119 i parszywe geny.\u201d Na marginesie lustracji abpa Wielgusa, Kobyla\u0144ski twierdzi\u0142, \u017ce \u201eabp \u017byci\u0144ski, Goc\u0142owski, Pieronek i wielu innych hierarch\u00f3w Ko\u015bcio\u0142a w Polsce, swoim dzia\u0142aniem wspieraj\u0105 \u017cydokomunistyczn\u0105 i liberaln\u0105 mafi\u0119 polityczna w naszym Kraju\u201d.<\/p>\n<p>\u201eWiadomo\u015bci\u201d pokaza\u0142y wczoraj \u2013 m\u00f3wi\u0142 dalej oskar\u017cony Lizut &#8211; fragment niepublikowanego wywiadu Telewizji Polonia z Janem Kobyla\u0144skim, w 2005 roku. \u201eTo tragedia \u2013 m\u00f3wi\u0142 J.K. \u2013 \u017ce w polskim MSZ 85 proc. funkcji maj\u0105 \u017bydzi. Czy to \u017cydowski czy polski MSZ? Minister spraw zagranicznych \u2013 \u017byd Bartoszewski. Niech on b\u0119dzie ministrem w Izraelu! Dlaczego w Polsce? Nienawi\u015b\u0107 \u017byd\u00f3w do Polak\u00f3w jest nieprawdopodobna\u201d. (W\u0142adys\u0142aw Bartoszewski pozbawi\u0142 Kobyla\u0144skiego godno\u015bci konsula honorowego w Punta del Este).<\/p>\n<p>O\u015bwiadczenie przed S\u0105dem wyg\u0142osi\u0142 wczoraj tak\u017ce Jaros\u0142aw Guga\u0142a, b. ambasador w Urugwaju, znany publicysta i dziennikarz telewizyjny. Po zako\u0144czeniu swojej misji w Montevideo, J.G. napisa\u0142 g\u0142o\u015bny artyku\u0142 \u201eSami utuczyli\u015bmy te besti\u0119\u201d (\u201eGW\u201d), w kt\u00f3rym pokaza\u0142 jak polski establishment, g\u0142\u00f3wnie niekt\u00f3rzy cz\u0142onkowie Senatu (kt\u00f3remu podlegaj\u0105 stosunki z Poloni\u0105) oraz ze Wsp\u00f3lnoty Polskiej, dali si\u0119 korumpowa\u0107, woleli si\u0119 moczy\u0107 w basenie Kobyla\u0144skiego w jego Rancho Don Juan i przymyka\u0107 oczy na pogl\u0105dy gospodarza. Guga\u0142a m\u00f3wi\u0142, \u017ce USOPA\u0141 jest organizacj\u0105 fasadow\u0105, kt\u00f3ra budzi b. ma\u0142e zainteresowanie, natomiast antagonizuje wielotysi\u0119czn\u0105 rzesz\u0119 emigrant\u00f3w z Polski pochodzenia \u017cydowskiego, kt\u00f3rzy piel\u0119gnuj\u0105 j\u0119zyk i wi\u0119zy z Polsk\u0105, ale USOPA\u0141 omijaj\u0105 szerokim \u0142ukiem. Zdaniem Guga\u0142y, zanim nie dosz\u0142o do zmiany podej\u015bcia w\u0142adz polskich do USOPA\u0141U i jego sponsora, ten zosta\u0142 \u201erozbestwiony\u201d i uwa\u017ca\u0142 si\u0119 za jedyne prawdziwego przedstawiciela i obro\u0144c\u0119 interes\u00f3w Polski na terenie Ameryki \u0141aci\u0144skiej.<\/p>\n<p>Wszyscy oskar\u017ceni podtrzymali swoje pogl\u0105dy na temat Jana Kobyla\u0144skiego i nie przyznali si\u0119 do winy. Na kolejnej rozprawie g\u0142os ma zabra\u0107 oskar\u017cony Adam Michnik. Rozprawa ma odby\u0107 si\u0119 8 grudnia o godz. 9.30, w S\u0105dzie Okr\u0119gowym w Warszawie, ul. Sala 238. By\u0107 mo\u017ce proces zainteresuje nie tylko sympatyk\u00f3w \u201epokrzywdzonego\u201d i Radia Maryja.<\/p>\n","protected":false},"excerpt":{"rendered":"<p>Jak zapewne wiele os\u00f3b wie, pan Jan Kobyla\u0144ski \u2013 baron polonijny z Ameryki \u0141aci\u0144skiej, tw\u00f3rca fasadowej organizacji polonijnej USOPA\u0141 (Unia Stowarzysze\u0144 i Organizacji Polonijnych Ameryki \u0141aci\u0144skiej), znany ze swoich antysemickich pogl\u0105d\u00f3w i dzia\u0142alno\u015bci na szkod\u0119 pa\u0144stwa polskiego \u2013 wni\u00f3s\u0142 przed s\u0105dem w Warszawie spraw\u0119 karn\u0105 z pow\u00f3dztwa cywilnego przeciwko 19 dziennikarzom i dyplomatom polskim, kt\u00f3rzy [&hellip;]<\/p>\n","protected":false},"author":4,"featured_media":0,"comment_status":"open","ping_status":"open","sticky":false,"template":"","format":"standard","meta":{"footnotes":""},"categories":[1],"tags":[],"_links":{"self":[{"href":"https:\/\/blog.polityka.pl\/passent\/wp-json\/wp\/v2\/posts\/624"}],"collection":[{"href":"https:\/\/blog.polityka.pl\/passent\/wp-json\/wp\/v2\/posts"}],"about":[{"href":"https:\/\/blog.polityka.pl\/passent\/wp-json\/wp\/v2\/types\/post"}],"author":[{"embeddable":true,"href":"https:\/\/blog.polityka.pl\/passent\/wp-json\/wp\/v2\/users\/4"}],"replies":[{"embeddable":true,"href":"https:\/\/blog.polityka.pl\/passent\/wp-json\/wp\/v2\/comments?post=624"}],"version-history":[{"count":0,"href":"https:\/\/blog.polityka.pl\/passent\/wp-json\/wp\/v2\/posts\/624\/revisions"}],"wp:attachment":[{"href":"https:\/\/blog.polityka.pl\/passent\/wp-json\/wp\/v2\/media?parent=624"}],"wp:term":[{"taxonomy":"category","embeddable":true,"href":"https:\/\/blog.polityka.pl\/passent\/wp-json\/wp\/v2\/categories?post=624"},{"taxonomy":"post_tag","embeddable":true,"href":"https:\/\/blog.polityka.pl\/passent\/wp-json\/wp\/v2\/tags?post=624"}],"curies":[{"name":"wp","href":"https:\/\/api.w.org\/{rel}","templated":true}]}}