
{"id":625,"date":"2009-11-10T13:12:46","date_gmt":"2009-11-10T12:12:46","guid":{"rendered":"http:\/\/passent.blog.polityka.pl\/?p=625"},"modified":"2009-11-10T13:12:46","modified_gmt":"2009-11-10T12:12:46","slug":"zemsta","status":"publish","type":"post","link":"https:\/\/blog.polityka.pl\/passent\/2009\/11\/10\/zemsta\/","title":{"rendered":"&#8222;Zemsta&#8221;"},"content":{"rendered":"<p><strong>Jak poinformowa\u0142a Wirtualna Polska, znany aktor, a tak\u017ce cz\u0142onek opozycji demokratycznej w Polsce, odm\u00f3wi\u0142 przyj\u0119cia nagrody specjalnej im. Zbyszka Cybulskiego, przyznanej mu przez Fundacj\u0119 Kino. Jak wyja\u015bni\u0142 aktor w li\u015bcie otwartym, nie m\u00f3g\u0142by przyj\u0105\u0107 nagrody \u201eza prze\u015bladowanie na polu artystycznym z powod\u00f3w politycznych&#8221;. (Obok Seweryna nagrody specjalne otrzymali Joanna Szczepkowska i Bogus\u0142aw Linda)<\/strong>.<\/p>\n<p>&#8211; Chcecie mnie nagrodzi\u0107 nie za moj\u0105 prac\u0119, sztuk\u0119, rol\u0119, ale za to, \u017ce wyrazi\u0142em kilkakrotnie publicznie m\u00f3j negatywny stosunek do \u00f3wczesnego systemu politycznego \u2013 napisa\u0142 Seweryn (cytuje za WP \u2013 Pass), kt\u00f3ry w 1968 roku sp\u0119dzi\u0142 kilka miesi\u0119cy w wi\u0119zieniu za protest przeciwko wkroczeniu wojsk bloku sowieckiego do Czechos\u0142owacji, a od 1976 r. wsp\u00f3\u0142pracowa\u0142 z KOR.<\/p>\n<p>\u201eBywa\u0142o, \u017ce w zwi\u0105zku z aktywna dzia\u0142alno\u015bci\u0105 antykomunistyczn\u0105 aktorzy nie otrzymywali r\u00f3l na miar\u0119 swojego talentu\u201d \u2013 napisano w uzasadnieniu przyznania nagr\u00f3d specjalnych. Uzasadnienie to jest absurdalne, wynika ze\u0144 bowiem, \u017ce z powodu wszystkich moich skonfiskowanych przez cenzur\u0119 artyku\u0142\u00f3w i felieton\u00f3w, ja tez by\u0142em represjonowany. Nic dziwnego, \u017ce Seweryn, kt\u00f3ry jest cz\u0142owiekiem powa\u017cnym i wiele lat mieszka\u0142 oraz pracowa\u0142 we Francji, zaprzeczy\u0142 takiemu uzasadnieniu.  Przypomnia\u0142, \u017ce np. Halina Miko\u0142ajska (osoba niew\u0105tpliwie represjonowana) zagra\u0142a w filmie Zanussiego \u201eBarwy ochronne\u201d, a on sam zagra\u0142 w tym czasie m.in \u201eZiemi obiecanej\u201d, \u201eAlbumie polskim\u201d, \u201eNocach i dniach\u201d, \u201ePolskich drogach\u201d, \u201eBez znieczulenia\u201d, \u201eDyrygencie\u201d, w sumie w 13-tu filmach, do 1979 r. zagra\u0142 w 50 teatrach TVP, pracuj\u0105c z wybitnymi re\u017cyserami, m.in. Bardinim, Majewskim, Woszczerowiczem, Hubnerem, \u015awiderskim, Korzeniowskim, Warmi\u0144skim i innymi, czyli sam\u0105 elit\u0105 kultury polskiej.<\/p>\n<p>\u201eJak m\u00f3g\u0142bym przyj\u0105\u0107 nagrod\u0119 \u2013 pisze Seweryn \u2013 (\u2026) skoro np. z paszportem s\u0142u\u017cbowym  PAGART-u odwiedzi\u0142em z teatrami lub ekipami filmowymi Francj\u0119, W\u0142ochy, Niemcy, Mongoli\u0119, ZSRR, W\u0119gry, Rumuni\u0119, Bu\u0142gari\u0119, Czechos\u0142owacj\u0119,  Norwegi\u0119 i Szwecj\u0119\u201d.<\/p>\n<p>Prezes Fundacji Kino, przyznaj\u0105cej nagrod\u0119,  Jacek Cegie\u0142ka, odm\u00f3wi\u0142 komentarza.<\/p>\n<p>Nie odm\u00f3wili natomiast internauci. Oto pierwszych kilkana\u015bcie wpis\u00f3w pod t\u0105 wiadomo\u015bci\u0105 na WP: \u201eJestem nie tylko pe\u0142en uznania dla Pana Andrzeja, co r\u00f3wnie\u017c dla komentarzy pod\u2026\u201d; \u201ew tym \u015bwiecie bez idea\u0142\u00f3w to jest wspania\u0142y czyn\u201d, \u201eto postawa godna cz\u0142owieka honoru i  aktora\u201d; \u201eChyba jedyny porz\u0105dny cz\u0142owiek z kr\u0119gu artyst\u00f3w\u201d; \u201eMa\u0142o mamy ludzi honoru. Dzi\u0119kuj\u0119 za taki wspania\u0142y przyk\u0142ad\u201d; \u201eTrzeba przyzna\u0107 ma klas\u0119, czego nie mo\u017cna powiedzie\u0107 o innych\u201d; \u201eNareszcie kto\u015b mia\u0142 odwag\u0119 powiedzie\u0107 prawd\u0119\u201d: \u201eoch, \u017ceby ka\u017cdy z ludzi publicznych mia\u0142 tak\u0105 klas\u0119\u201d; \u201eK\u0142aniam si\u0119 w pas\u201d; \u201eChyl\u0119 czo\u0142a. Pan jest wielki!\u201d<\/p>\n<p>I ja do\u0142\u0105czam si\u0119 do tej owacji na stoj\u0105co! Ciekaw jestem komentarzy na naszym blogu. Brawo Andrzej Seweryn!<\/p>\n","protected":false},"excerpt":{"rendered":"<p>Jak poinformowa\u0142a Wirtualna Polska, znany aktor, a tak\u017ce cz\u0142onek opozycji demokratycznej w Polsce, odm\u00f3wi\u0142 przyj\u0119cia nagrody specjalnej im. Zbyszka Cybulskiego, przyznanej mu przez Fundacj\u0119 Kino. Jak wyja\u015bni\u0142 aktor w li\u015bcie otwartym, nie m\u00f3g\u0142by przyj\u0105\u0107 nagrody \u201eza prze\u015bladowanie na polu artystycznym z powod\u00f3w politycznych&#8221;. (Obok Seweryna nagrody specjalne otrzymali Joanna Szczepkowska i Bogus\u0142aw Linda). &#8211; Chcecie [&hellip;]<\/p>\n","protected":false},"author":4,"featured_media":0,"comment_status":"open","ping_status":"open","sticky":false,"template":"","format":"standard","meta":{"footnotes":""},"categories":[1],"tags":[],"_links":{"self":[{"href":"https:\/\/blog.polityka.pl\/passent\/wp-json\/wp\/v2\/posts\/625"}],"collection":[{"href":"https:\/\/blog.polityka.pl\/passent\/wp-json\/wp\/v2\/posts"}],"about":[{"href":"https:\/\/blog.polityka.pl\/passent\/wp-json\/wp\/v2\/types\/post"}],"author":[{"embeddable":true,"href":"https:\/\/blog.polityka.pl\/passent\/wp-json\/wp\/v2\/users\/4"}],"replies":[{"embeddable":true,"href":"https:\/\/blog.polityka.pl\/passent\/wp-json\/wp\/v2\/comments?post=625"}],"version-history":[{"count":0,"href":"https:\/\/blog.polityka.pl\/passent\/wp-json\/wp\/v2\/posts\/625\/revisions"}],"wp:attachment":[{"href":"https:\/\/blog.polityka.pl\/passent\/wp-json\/wp\/v2\/media?parent=625"}],"wp:term":[{"taxonomy":"category","embeddable":true,"href":"https:\/\/blog.polityka.pl\/passent\/wp-json\/wp\/v2\/categories?post=625"},{"taxonomy":"post_tag","embeddable":true,"href":"https:\/\/blog.polityka.pl\/passent\/wp-json\/wp\/v2\/tags?post=625"}],"curies":[{"name":"wp","href":"https:\/\/api.w.org\/{rel}","templated":true}]}}