
{"id":626,"date":"2009-11-13T00:04:20","date_gmt":"2009-11-12T23:04:20","guid":{"rendered":"http:\/\/passent.blog.polityka.pl\/?p=626"},"modified":"2009-11-13T01:04:43","modified_gmt":"2009-11-13T00:04:43","slug":"niebezpieczny-listopad","status":"publish","type":"post","link":"https:\/\/blog.polityka.pl\/passent\/2009\/11\/13\/niebezpieczny-listopad\/","title":{"rendered":"Niebezpieczny listopad"},"content":{"rendered":"<p><strong>\u201eListopad \u2013 to dla Polski niebezpieczna pora\u201d &#8211; pisa\u0142 Wyspia\u0144ski i mia\u0142 racj\u0119. Tegoroczny listopad obfituje w wypowiedzi bez sensu<\/strong>.<\/p>\n<p>Minister Sikorski, kt\u00f3rego mam za cz\u0142owieka rozs\u0105dnego, ale nieco infantylnego i sk\u0142onnego do efekciarstwa, powiedzia\u0142, \u017ce Pa\u0142ac Kultury nale\u017ca\u0142oby zburzy\u0107 i na tym miejscu zasia\u0107 trawk\u0119 (chyba po to, \u017ceby\u015bmy mieli w stolicy Central Park). Dawno ju\u017c nie s\u0142ysza\u0142em wi\u0119kszego absurdu. Gdyby PKiN mia\u0142 by\u0107 zburzony jako symbol sowieckiej dominacji, to r\u00f3wnie dobrze mo\u017cna by zburzy\u0107 Nowa Hut\u0119, kt\u00f3ra pracowa\u0142a na rudzie przywo\u017conej ze \u201eZwi\u0105zunia\u201d, Stoczni\u0119 Gda\u0144sk\u0105 (imienia Lenina), kt\u00f3ra budowa\u0142a statki na sowieckie zam\u00f3wienia (do kt\u00f3rych Polska zreszt\u0105 podobno dop\u0142aca\u0142a), jak i odda\u0107 Ziemie Zachodnie w zamian za Lw\u00f3w &#8211; na czym by\u015bmy ewidentnie stracili. Niestety, podobny pogl\u0105d na temat Pa\u0142acu wypowiedzia\u0142 kiedy\u015b w wywiadzie minister Kultury (!) B. Zdrojewski, ale ten przynajmniej zaznaczy\u0142, \u017ce m\u00f3wi to prywatnie.<\/p>\n<p>Jest to pogl\u0105d tak niem\u0105dry, \u017ce nawet nie warto z nim polemizowa\u0107. Szkoda tylko, \u017ce minister Sikorski od czasu do czasu palnie co\u015b nieodpowiedzialnego, np. por\u00f3wna gazoci\u0105g p\u00f3\u0142nocny do paktu Ribbentrop \u2013 Mo\u0142otow, a teraz wychodzi na to, \u017ce Polska zamiast z\u0142orzeczy\u0107 powinna si\u0119 do tego przedsi\u0119wzi\u0119cia przy\u0142\u0105czy\u0107, w my\u015bl zasady \u201eIf you cannot beat them \u2013 join them\u201d. M\u00f3wi\u0142 o tym w arcym\u0105drym wywiadzie dla \u201eRz.\u201d Zbigniew Brzezi\u0144ski 1 listopada, co \u015bwiadczy, \u017ce w tym miesi\u0105cu nie wszystkim rozum odebra\u0142o. Na standardowe pytanie dziennikarza: \u201eCzy po wybudowaniu gazoci\u0105gu p\u00f3\u0142nocnego Moskwa nie zechce wykorzystywa\u0107 szanta\u017cu energetycznego o wiele cz\u0119\u015bciej i w spos\u00f3b o wiele gro\u017aniejszy ni\u017c dot\u0105d?\u201d, Brzezi\u0144ski odpowiada: \u201eJest to b. prawdopodobne. Wiemy jednak o takim ryzyku od lat. Ale Polska zn\u00f3w ogranicza si\u0119 do oczekiwania, \u017ce inni \u2013 m.in. te pa\u0144stwa, kt\u00f3re widz\u0105 w projekcie gazoci\u0105gu p\u00f3\u0142nocnego bardzo konkretne dla siebie korzy\u015bci \u2013 b\u0119d\u0105 dba\u0107 o polskie interesy. NIEMCY OD RAZU ZAPROPONOWALI PRZECIE\u017b ODNOG\u0118 PROWADZ\u0104CA DO POLSKI, ALE W\u0141ADZE W WARSZAWIE ODM\u00d3WI\u0141Y\u201d.<br \/>\n&#8211; Powinny by\u0142y j\u0105 przyj\u0105\u0107?<br \/>\n&#8211; A dlaczego nie? (\u2026) Obowi\u0105zkiem polskich w\u0142adz jest podj\u0119cie krok\u00f3w zapobiegawczych. I to jak najwcze\u015bniej, a nie dopiero wtedy, gdy ten ruroci\u0105g b\u0119dzie ju\u017c praktycznie gotowy. (\u2026) I nie chodzi tu o stanowisko typu \u2018to mi si\u0119 nie podoba\u2019, \u2018my si\u0119 tego boimy\u2019, tylko konkretne dzia\u0142ania (\u2026)\u201d. (Podkre\u015blenie \u2013 Pass.)<\/p>\n<p>Niestety, minister Sikorski nie jest chyba w stanie przezwyci\u0119\u017cy\u0107 rozpowszechnionej u nas rusofobii, do kt\u00f3rej Rosja dostarczy\u0142a a\u017c nadto powod\u00f3w, ale to nie zwalnia polityk\u00f3w od tego, aby widzie\u0107 dalej. Niech we\u017amie przyk\u0142ad z rosyjskiego ministra SZ \u0141awrowa, kt\u00f3ry rozwa\u017cnie nie chcia\u0142 skomentowa\u0107 przekr\u0119conej przez media (Reuters!) wypowiedzi polskiego ministra Sikorskiego o rosyjskim zagro\u017ceniu. Polscy politycy rz\u0105dz\u0105cy mogliby cho\u0107 raz wesprze\u0107 dobre, zdrowe tendencje w polityce rosyjskiej, jak np. wpis prezydenta Miedwiediewa na jego blogu o zbrodniach systemu sowieckiego, czy ten fragment jego przem\u00f3wienia na uroczysto\u015bciach w Berlinie, kiedy m\u00f3wi\u0142 o udziale Rosji Gorbaczowa (kt\u00f3rego nb. nie wymieni\u0142) w zjednoczeniu Niemiec. Wtedy bardziej autentycznie brzmia\u0142oby nasze oburzenie na pretensje rosyjskiego ambasadora w NATO (wyj\u0105tkowy b\u0119cwa\u0142) zgorszonego tym, \u017ce Wa\u0142\u0119sa dosta\u0142 od organizator\u00f3w najwi\u0119cej czasu. Notabene przem\u00f3wienie Miedwiediewa by\u0142o du\u017co gorsze od przem\u00f3wie\u0144 innych przyw\u00f3dc\u00f3w, zw\u0142aszcza Browna i Merkel, ale to inna sprawa, to kwestia kultury. Rados\u0142aw Sikorski zajmuje zbyt powa\u017cne stanowisko, \u017ceby ba\u0107 si\u0119 zarzutu, i\u017c nale\u017cy do \u201epartii rosyjskiej\u201d, kt\u00f3rym to oskar\u017ceniem szafuje Jaros\u0142aw Kaczy\u0144ski i szanta\u017cuje polskich polityk\u00f3w.<\/p>\n<p>Czas wyzwoli\u0107 si\u0119 z kompleks\u00f3w w polityce zagranicznej. Przyk\u0142adem takiego kompleksu by\u0142y tak\u017ce polskie relacje z obchod\u00f3w rocznicy obalenia muru berli\u0144skiego. Relacje te by\u0142y skupione przede wszystkim na tym, jak bardzo podkre\u015blano wk\u0142ad Polski w obalenie muru i zjednoczenie Niemiec. Trzeba przyzna\u0107, \u017ce kanclerz Merkel i organizatorzy zachowali si\u0119 z klas\u0105, na ka\u017cdym kroku podkre\u015blaj\u0105c polskie zas\u0142ugi i daj\u0105c pierwsze\u0144stwo Lechowi Wa\u0142\u0119sie (prezydent Kaczy\u0144ski \u015bwi\u0119towa\u0142 wtedy <em>ausgerechnet<\/em> w Nowym S\u0105czu\u2026). Dobrze, \u017ce przynajmniej Niemcy zachowali si\u0119 z klas\u0105, a nowy minister SZ i wicekanclerz poskromi\u0142 Erik\u0119 Steinbach. Co my, biedni, bez niej zrobimy? Kim b\u0119dziemy straszy\u0107, je\u015bli Berlin pozostanie przyjazny, a Moskwa, m\u00f3wi\u0105c o zbrodniach sowieckich, wyduka w ko\u0144cu to, na co Polska czeka?<\/p>\n<p>***<\/p>\n<p><strong>PS<\/strong>. Obsesja \u017cydowska prze\u015bladuje niekt\u00f3rych blogowicz\u00f3w, zw\u0142aszcza jednego. <a href=\"http:\/\/passent.blog.polityka.pl\/?p=625\" target=\"_blank\"><strong>M\u00f3j poprzedni wpis<\/strong><\/a> dotyczy\u0142 Andrzeja Seweryna, kt\u00f3ry nie przyj\u0105\u0142 nagrody. Nie mia\u0142o to nic wsp\u00f3lnego z \u017bydami, tymczasem \u00f3w obsesjonat zasypywa\u0142 nas wpisami ca\u0142kowicie nie na temat &#8211; o \u017bydach i Polakach. Czy innych temat\u00f3w ju\u017c nie ma? A mo\u017ce to winien listopad?<\/p>\n","protected":false},"excerpt":{"rendered":"<p>\u201eListopad \u2013 to dla Polski niebezpieczna pora\u201d &#8211; pisa\u0142 Wyspia\u0144ski i mia\u0142 racj\u0119. Tegoroczny listopad obfituje w wypowiedzi bez sensu. Minister Sikorski, kt\u00f3rego mam za cz\u0142owieka rozs\u0105dnego, ale nieco infantylnego i sk\u0142onnego do efekciarstwa, powiedzia\u0142, \u017ce Pa\u0142ac Kultury nale\u017ca\u0142oby zburzy\u0107 i na tym miejscu zasia\u0107 trawk\u0119 (chyba po to, \u017ceby\u015bmy mieli w stolicy Central Park). [&hellip;]<\/p>\n","protected":false},"author":4,"featured_media":0,"comment_status":"open","ping_status":"open","sticky":false,"template":"","format":"standard","meta":{"footnotes":""},"categories":[1],"tags":[],"_links":{"self":[{"href":"https:\/\/blog.polityka.pl\/passent\/wp-json\/wp\/v2\/posts\/626"}],"collection":[{"href":"https:\/\/blog.polityka.pl\/passent\/wp-json\/wp\/v2\/posts"}],"about":[{"href":"https:\/\/blog.polityka.pl\/passent\/wp-json\/wp\/v2\/types\/post"}],"author":[{"embeddable":true,"href":"https:\/\/blog.polityka.pl\/passent\/wp-json\/wp\/v2\/users\/4"}],"replies":[{"embeddable":true,"href":"https:\/\/blog.polityka.pl\/passent\/wp-json\/wp\/v2\/comments?post=626"}],"version-history":[{"count":0,"href":"https:\/\/blog.polityka.pl\/passent\/wp-json\/wp\/v2\/posts\/626\/revisions"}],"wp:attachment":[{"href":"https:\/\/blog.polityka.pl\/passent\/wp-json\/wp\/v2\/media?parent=626"}],"wp:term":[{"taxonomy":"category","embeddable":true,"href":"https:\/\/blog.polityka.pl\/passent\/wp-json\/wp\/v2\/categories?post=626"},{"taxonomy":"post_tag","embeddable":true,"href":"https:\/\/blog.polityka.pl\/passent\/wp-json\/wp\/v2\/tags?post=626"}],"curies":[{"name":"wp","href":"https:\/\/api.w.org\/{rel}","templated":true}]}}