
{"id":6264,"date":"2020-08-03T19:55:12","date_gmt":"2020-08-03T17:55:12","guid":{"rendered":"https:\/\/passent.blog.polityka.pl\/?p=6264"},"modified":"2020-08-03T22:25:16","modified_gmt":"2020-08-03T20:25:16","slug":"janusz-jade-z-toba","status":"publish","type":"post","link":"https:\/\/blog.polityka.pl\/passent\/2020\/08\/03\/janusz-jade-z-toba\/","title":{"rendered":"Janusz, jad\u0119 z Tob\u0105!"},"content":{"rendered":"\n<p>Podobno ponadstuletni most w Pilchowicach mo\u017ce zosta\u0107 sprzedany filmowcom z USA celem widowiskowego wysadzenia go w powietrze. Podobno zabytkowy most ma by\u0107 zamordowany przez znanego aktora (Toma Cruise\u2019a) w serialu &#8222;Mission Impossible&#8221;. Jest to tak bezsensowny pomys\u0142, i\u017c wiele os\u00f3b protestuje, a mimo to jest rozpatrywany serio przez ministerstwo kultury.<\/p>\n\n\n\n<!--more-->\n\n\n\n<p>\u201eWyborcza\u201d drukuje tekst listu przewodnicz\u0105cego Mi\u0119dzynarodowego Komitetu Ochrony Dziedzictwa Przemys\u0142owego do premiera Morawieckiego, aby uratowa\u0107 ten \u201epomnik pocz\u0105tk\u00f3w przemys\u0142u energii odnawialnej\u201d.<\/p>\n\n\n\n<p>W podobnym duchu wypowiada si\u0119 prof. Ma\u0142gorzata Omilanowska, by\u0142a minister kultury, w li\u015bcie otwartym: \u201eTak ra\u017c\u0105cej buty, ignorancji, braku kompetencji i lekcewa\u017cenia prawa dawno ju\u017c nie by\u0142o na polskiej scenie politycznej, niewolnej przecie\u017c od uchybie\u0144. Dla pana Lewandowskiego powinno to oznacza\u0107 koniec kariery urz\u0119dniczej i politycznej\u201d.<\/p>\n\n\n\n<p>Wiceminister Pawe\u0142 Lewandowski stwierdzi\u0142 w rozmowie dla WP, \u017ce most nie jest zabytkiem (w wojew\u00f3dzkiej ewidencji zabytk\u00f3w ju\u017c jest), to relikt postindustrialny, kt\u00f3ry stoi zrujnowany i nieu\u017cywany, \u201enikt nie cieszy tym oka. To nie ma warto\u015bci ani naukowej, ani artystycznej, ani spo\u0142ecznej\u201d &#8211; i potwierdzi\u0142 plany zniszczenia mostu.<\/p>\n\n\n\n<p>Moim skromnym zdaniem reliktem jest minister Lewandowski, kt\u00f3ry zamiast broni\u0107 stuletniego mostu do ostatniej kropli krwi, traktuje ameryka\u0144sk\u0105 ofert\u0119 serio. Nic dziwnego, i\u017c zewsz\u0105d s\u0142ycha\u0107 protesty. Do mnie szczeg\u00f3lnie przemawia Janusz Majewski, wybitny re\u017cyser filmowy, honorowy prezes Stowarzyszenia Filmowc\u00f3w Polskich (a prywatnie m\u00f3j druh), kt\u00f3ry wzywa do protestu \u201eprzeciwko temu barbarzy\u0144stwu\u201d.<\/p>\n\n\n\n<p>Poniewa\u017c si\u0142a perswazji pieni\u0119dzy jest ogromna, podobnie jak lekcewa\u017cenie g\u0142os\u00f3w opinii publicznej, \u201egdyby dosz\u0142o do tego naprawd\u0119, pojed\u017amy tam wszyscy i zablokujmy ten most\u201d. Janusz Majewski \u201epod s\u0142owem honoru\u201d zapowiada, \u017ce wsi\u0105dzie do tej lokomotywy, \u201eniech mnie wysadz\u0105\u201d.<\/p>\n\n\n\n<p>Drogi Januszu! Po starej przyja\u017ani i pod s\u0142owem honoru jad\u0119 z Tob\u0105! Najlepiej \u201eCzarnym Mercedesem\u201d!<\/p>\n","protected":false},"excerpt":{"rendered":"<p>Podobno ponadstuletni most w Pilchowicach mo\u017ce zosta\u0107 sprzedany filmowcom z USA celem widowiskowego wysadzenia go w powietrze. Podobno zabytkowy most ma by\u0107 zamordowany przez znanego aktora (Toma Cruise\u2019a) w serialu &#8222;Mission Impossible&#8221;. Jest to tak bezsensowny pomys\u0142, i\u017c wiele os\u00f3b protestuje, a mimo to jest rozpatrywany serio przez ministerstwo kultury.<\/p>\n","protected":false},"author":4,"featured_media":6269,"comment_status":"open","ping_status":"closed","sticky":false,"template":"","format":"standard","meta":{"footnotes":""},"categories":[1],"tags":[],"_links":{"self":[{"href":"https:\/\/blog.polityka.pl\/passent\/wp-json\/wp\/v2\/posts\/6264"}],"collection":[{"href":"https:\/\/blog.polityka.pl\/passent\/wp-json\/wp\/v2\/posts"}],"about":[{"href":"https:\/\/blog.polityka.pl\/passent\/wp-json\/wp\/v2\/types\/post"}],"author":[{"embeddable":true,"href":"https:\/\/blog.polityka.pl\/passent\/wp-json\/wp\/v2\/users\/4"}],"replies":[{"embeddable":true,"href":"https:\/\/blog.polityka.pl\/passent\/wp-json\/wp\/v2\/comments?post=6264"}],"version-history":[{"count":5,"href":"https:\/\/blog.polityka.pl\/passent\/wp-json\/wp\/v2\/posts\/6264\/revisions"}],"predecessor-version":[{"id":6270,"href":"https:\/\/blog.polityka.pl\/passent\/wp-json\/wp\/v2\/posts\/6264\/revisions\/6270"}],"wp:featuredmedia":[{"embeddable":true,"href":"https:\/\/blog.polityka.pl\/passent\/wp-json\/wp\/v2\/media\/6269"}],"wp:attachment":[{"href":"https:\/\/blog.polityka.pl\/passent\/wp-json\/wp\/v2\/media?parent=6264"}],"wp:term":[{"taxonomy":"category","embeddable":true,"href":"https:\/\/blog.polityka.pl\/passent\/wp-json\/wp\/v2\/categories?post=6264"},{"taxonomy":"post_tag","embeddable":true,"href":"https:\/\/blog.polityka.pl\/passent\/wp-json\/wp\/v2\/tags?post=6264"}],"curies":[{"name":"wp","href":"https:\/\/api.w.org\/{rel}","templated":true}]}}