
{"id":6271,"date":"2020-08-05T22:19:00","date_gmt":"2020-08-05T20:19:00","guid":{"rendered":"https:\/\/passent.blog.polityka.pl\/?p=6271"},"modified":"2020-08-06T00:17:56","modified_gmt":"2020-08-05T22:17:56","slug":"gajos-jest-od-grania","status":"publish","type":"post","link":"https:\/\/blog.polityka.pl\/passent\/2020\/08\/05\/gajos-jest-od-grania\/","title":{"rendered":"Gajos jest od grania"},"content":{"rendered":"\n<p>Wielki aktor Janusz Gajos, chyba jeden z najwi\u0119kszych, kt\u00f3rego mo\u017cna wymieni\u0107 jednym tchem z Gustawem Holoubkiem i Tadeuszem \u0141omnickim, wyprowadzi\u0142 Prawo i Sprawiedliwo\u015b\u0107 z r\u00f3wnowagi. O\u015bmieli\u0142 si\u0119 powiedzie\u0107, \u017ce \u201ema\u0142y cz\u0142owiek jednym ruchem r\u0119ki podzieli\u0142 nasz kraj i nas samych na dwie cz\u0119\u015bci. To jest zbrodnia. (\u2026) W ten spos\u00f3b powstawa\u0142y najgorsze sprawy na \u015bwiecie. Tak powstawa\u0142o to, co p\u00f3\u017aniej nazwano hitleryzmem\u2026\u201d.<\/p>\n\n\n\n<!--more-->\n\n\n\n<p>Pierwsza odezwa\u0142a si\u0119 Miss Parlamentu Europejskiego Beata Mazurek, kt\u00f3ra powiedzia\u0142a, \u017ce \u201eCzterej pancerni i pies\u201d odcisn\u0119li trwa\u0142y \u015blad na m\u00f3zgu Gajosa. Gajos to prostak \u2013 stwierdzi\u0142a Miss PiS.<\/p>\n\n\n\n<p>Wt\u00f3rowa\u0142 jej minister kultury Piotr Gli\u0144ski, raczej niezbyt popularny w liberalnym \u015brodowisku z powodu kompleks\u00f3w i arogancji. \u201eDobry aktor nie jest \u015bwi\u0119t\u0105 krow\u0105\u201d \u2013 zauwa\u017cy\u0142 odkrywczo wicepremier od propagandy i nadbudowy (podlega mu m.in. TVP). \u201eNie mo\u017cemy godzi\u0107 si\u0119 na takie obelgi w \u017cyciu publicznym. Niech Pan Janusz Gajos sobie przypomni, kto rozpocz\u0105\u0142 przemys\u0142 pogardy wymierzony w Prezydenta, kt\u00f3ry nada\u0142 mu tytu\u0142 profesorski\u201d.<\/p>\n\n\n\n<p>Tytu\u0142 profesora nadany Gajosowi nie by\u0142 chyba w\u0142asno\u015bci\u0105 prywatn\u0105 i upominkiem prezydenta dla prof. Gajosa. To nie jest niczyja \u0142aska, tylko tytu\u0142 ci\u0119\u017cko zapracowany, wi\u0119c pan prof. Gli\u0144ski (czy kto\u015b pami\u0119ta, kto i za co nadawa\u0142 mu tytu\u0142?) niech si\u0119gnie po lepsze argumenty.<\/p>\n\n\n\n<p>Drugi ju\u017c re\u017cim z kolei twierdzi, \u017ce \u201eaktor jest od grania, dupa jest od srania\u201d. S\u0105 to s\u0142ynne s\u0142owa Kazimierza Dejmka, wybitnego re\u017cysera, kt\u00f3ry przej\u015bciowo by\u0142 ministrem kultury. Biedny Gajos! Mazurek i Gli\u0144ski s\u0105 w\u015bciekli, poniewa\u017c tak pogardzana elita co pewien czas o\u015bmiela si\u0119 odezwa\u0107 i pokaza\u0107, \u017ce nie jest tylko od grania. Wymieni\u0119 tylko kilkoro. Najlepsi z najlepszych: Daniel Olbrychski, znienawidzeni przez PiS Krystyna Janda i Maciej Stuhr, Jerzy Stuhr, Maja Ostaszewska, Olgierd \u0141ukaszewicz, Magdalena Cielecka, Marian Opania, Mateusz Dami\u0119cki i wielu innych, kwiat aktorstwa polskiego m\u00f3wi: \u201enie!\u201d. Tylko Katarzyna \u0141aniewska (pozdrawia dawny s\u0105siad z ul. Ho\u017cej) i Jerzy Zelnik konsekwentnie s\u0105 innego zdania i nikt nie nazywa ich prostakami. A co do Hitlera, to mo\u017ce lepiej by\u0142o doda\u0107 Stalina i by\u0142oby po krzyku.<\/p>\n\n\n\n<p><strong>Zaproszenie<\/strong><br>Profesor prawa karnego (UW) Monika P\u0142atek, nieustraszona bojowniczka o prawa cz\u0142owieka, oraz prof. Andrzej Rychard (dyrektor Instytutu filozofii i socjologii PAN) b\u0119d\u0105 naszymi go\u015b\u0107mi w TOK FM w niedziel\u0119 o godz. 10:05.<\/p>\n","protected":false},"excerpt":{"rendered":"<p>Wielki aktor Janusz Gajos, chyba jeden z najwi\u0119kszych, kt\u00f3rego mo\u017cna wymieni\u0107 jednym tchem z Gustawem Holoubkiem i Tadeuszem \u0141omnickim, wyprowadzi\u0142 Prawo i Sprawiedliwo\u015b\u0107 z r\u00f3wnowagi. O\u015bmieli\u0142 si\u0119 powiedzie\u0107, \u017ce \u201ema\u0142y cz\u0142owiek jednym ruchem r\u0119ki podzieli\u0142 nasz kraj i nas samych na dwie cz\u0119\u015bci. To jest zbrodnia. (\u2026) W ten spos\u00f3b powstawa\u0142y najgorsze sprawy na \u015bwiecie. [&hellip;]<\/p>\n","protected":false},"author":4,"featured_media":6273,"comment_status":"open","ping_status":"closed","sticky":false,"template":"","format":"standard","meta":{"footnotes":""},"categories":[1],"tags":[],"_links":{"self":[{"href":"https:\/\/blog.polityka.pl\/passent\/wp-json\/wp\/v2\/posts\/6271"}],"collection":[{"href":"https:\/\/blog.polityka.pl\/passent\/wp-json\/wp\/v2\/posts"}],"about":[{"href":"https:\/\/blog.polityka.pl\/passent\/wp-json\/wp\/v2\/types\/post"}],"author":[{"embeddable":true,"href":"https:\/\/blog.polityka.pl\/passent\/wp-json\/wp\/v2\/users\/4"}],"replies":[{"embeddable":true,"href":"https:\/\/blog.polityka.pl\/passent\/wp-json\/wp\/v2\/comments?post=6271"}],"version-history":[{"count":3,"href":"https:\/\/blog.polityka.pl\/passent\/wp-json\/wp\/v2\/posts\/6271\/revisions"}],"predecessor-version":[{"id":6275,"href":"https:\/\/blog.polityka.pl\/passent\/wp-json\/wp\/v2\/posts\/6271\/revisions\/6275"}],"wp:featuredmedia":[{"embeddable":true,"href":"https:\/\/blog.polityka.pl\/passent\/wp-json\/wp\/v2\/media\/6273"}],"wp:attachment":[{"href":"https:\/\/blog.polityka.pl\/passent\/wp-json\/wp\/v2\/media?parent=6271"}],"wp:term":[{"taxonomy":"category","embeddable":true,"href":"https:\/\/blog.polityka.pl\/passent\/wp-json\/wp\/v2\/categories?post=6271"},{"taxonomy":"post_tag","embeddable":true,"href":"https:\/\/blog.polityka.pl\/passent\/wp-json\/wp\/v2\/tags?post=6271"}],"curies":[{"name":"wp","href":"https:\/\/api.w.org\/{rel}","templated":true}]}}