
{"id":6277,"date":"2020-08-09T15:55:27","date_gmt":"2020-08-09T13:55:27","guid":{"rendered":"https:\/\/passent.blog.polityka.pl\/?p=6277"},"modified":"2020-08-09T16:08:35","modified_gmt":"2020-08-09T14:08:35","slug":"bandyci-i-policjanci","status":"publish","type":"post","link":"https:\/\/blog.polityka.pl\/passent\/2020\/08\/09\/bandyci-i-policjanci\/","title":{"rendered":"Bandyci i policjanci"},"content":{"rendered":"\n<p>W polityce nie brak ludzi z\u0142ych, ale Zbigniew Ziobro nale\u017cy do najgorszych. Nawet Piotr Gli\u0144ski mu nie dor\u00f3wnuje. Chorobliwie ambitny, pami\u0119tliwy, m\u015bciwy, zacietrzewiony i fanatyczny, nadaje si\u0119 na ministra sprawiedliwo\u015bci jak ja do baletu.<\/p>\n\n\n\n<!--more-->\n\n\n\n<p>\u201ePolitycy opozycji stoj\u0105 po stronie bandytyzmu\u201d \u2013 powiedzia\u0142 ostatnio na tle wydarze\u0144 w Warszawie. Demonstranci w obronie ludzi LGBT starli si\u0119 z policj\u0105. Policja zdo\u0142a\u0142a upolowa\u0107 48 \u201ebandyt\u00f3w\u201d, kt\u00f3rym postawiono zarzut czynnego uczestnictwa (?) w zbiegowisku. \u201eCzynny udzia\u0142\u201d to chyba znaczy, \u017ce ci ludzie nie byli tylko gapiami. Mamy tu naprzeciw siebie ludzi LGBT, kt\u00f3rzy walcz\u0105 z dyskryminacj\u0105 i poni\u017ceniem (z ust samego prezydenta) oraz policj\u0105 dzia\u0142aj\u0105c\u0105 w imieniu pa\u0144stwa polskiego.<\/p>\n\n\n\n<p>\u201eBandyci\u201d, jak rozumiem, atakowali ci\u0119\u017car\u00f3wk\u0119 ha\u0144by, kt\u00f3ra w imieniu jednej z fundacji pro-life kr\u0105\u017cy po ulicach i uprawia agresywn\u0105 propagand\u0119. Straty wed\u0142ug fundacji wynios\u0142y 6 tys z\u0142. \u201eBandyci\u201d opanowali tak\u017ce samoch\u00f3d policyjny, w kt\u00f3rym policja przetrzymywa\u0142a bodaj liderk\u0119 demonstrant\u00f3w. \u201eBandyci\u201d weszli nawet na dach samochodu i atakowali go ze wszystkich stron i na r\u00f3\u017cne sposoby.<\/p>\n\n\n\n<p>Licznie reprezentowana policja si\u0142\u0105 zatrzymywa\u0142a i \u0142adowa\u0142a uczestniczki i uczestnik\u00f3w oraz osoby przypadkowe do swoich pojazd\u00f3w i odwozi\u0142a ich na ro\u017cne komisariaty. Trwa\u0142a prawdziwa \u0142apanka. Dochodzi\u0142o do scen brutalnych, gdy\u017c \u201ebandyci&#8221; nie podporz\u0105dkowywali si\u0119 poleceniom str\u00f3\u017c\u00f3w prawa, a ci nie szcz\u0119dzili si\u0142y. By\u0142y sceny jak z rozp\u0119dzania demonstracji w USA. Inne gesty sprzeciwu obejmowa\u0142y zawieszenie t\u0119czowych flag m.in. na pomniku Kopernika i figurze Chrystusa przed ko\u015bcio\u0142em. Osoby zatrzymane pozbawione by\u0142y przez pewien czas pomocy prawnej, nie wiedzia\u0142y, co im si\u0119 zarzuca, dok\u0105d i na jak d\u0142ugo s\u0105 odwo\u017cone, gdzie si\u0119 znajduj\u0105 etc.<\/p>\n\n\n\n<p>Moja opinia: racja jest absolutnie po stronie demonstrant\u00f3w. Walcz\u0105 o r\u00f3wnouprawnienie mniejszo\u015bci. Walcz\u0105 o pa\u0144stwo demokratyczne, tolerancyjne i przyjazne. Maj\u0105 przeciw sobie pa\u0144stwo, znaczn\u0105 cz\u0119\u015b\u0107 spo\u0142ecze\u0144stwa (gminy \u201ewolne od LGBT\u201d), Ko\u015bci\u00f3\u0142, cz\u0119\u015b\u0107 medi\u00f3w, w tym media pa\u0144stwowe. Ale jest jedno \u201eale\u201d, jedno pytanie, mianowicie czy obro\u0144cy demokracji podejmuj\u0105 odpowiednie kroki, czy aby nie szkodz\u0105 sprawie, o kt\u00f3r\u0105 walcz\u0105? Atakowani wszem wobec przez niekt\u00f3rych polityk\u00f3w jako \u201ebandyci\u201d mo\u017ce uczyniliby lepiej, zostawiaj\u0105c Chrystusa w spokoju, nie wdrapuj\u0105c si\u0119 na samochody i nie niszcz\u0105c mienia, nie bij\u0105c si\u0119 z policj\u0105, a zamiast tego stosuj\u0105c bierny op\u00f3r &#8211; metody Gandhiego i Lutra Kinga. Wiem, \u017ce Gandhiego wspomnia\u0142 Radek Sikorski, ale co Gandhi winien, \u017ce ma zwolennik\u00f3w r\u00f3\u017cnej ma\u015bci? Chodzi mi o to, \u017ceby strona demokratyczna nie dostarcza\u0142a w\u0142adzy niepotrzebnych pretekst\u00f3w do represji i strawy dla TVP Info. Ch\u0119tnie wys\u0142ucham argument\u00f3w przeciwnych.<\/p>\n\n\n\n<p>Wydawa\u0142o si\u0119, \u017ce po tym, jak PiS sze\u015b\u0107 razy z rz\u0119du wygra\u0142 wybory i posiada wraz z przystawkami rz\u0105d, Sejm, znaczn\u0105 cz\u0119\u015b\u0107 wymiaru sprawiedliwo\u015bci, w\u0142adza si\u0119 zreflektuje i na chwil\u0119 przyhamuje, zajmie tym, co najwa\u017cniejsze &#8211; gospodark\u0105 i epidemi\u0105, kt\u00f3ra ma coraz gorszy przebieg. Tymczasem jest odwrotnie. Ziobro ju\u017c otwiera nowy front, poluje na organizacje pozarz\u0105dowe &#8211; najpierw te wspomagane z zagranicy. B\u0119d\u0105 to \u201ezagraniczni agenci i lobby\u015bci\u201d. Widocznie zapomnia\u0142, sk\u0105d dostawa\u0142a wsparcie \u201eSolidarno\u015b\u0107\u201d.<\/p>\n\n\n\n<p>Zaostrza si\u0119 tak\u017ce walka w obozie w\u0142adzy, kt\u00f3r\u0105 ludzie tacy jak Ziobro jeszcze podgrzewaj\u0105, dolewaj\u0105c oliwy do ognia. W tej sytuacji trudno nawo\u0142ywa\u0107 do pow\u015bci\u0105gliwo\u015bci \u201ebandyt\u00f3w\u201d.<\/p>\n","protected":false},"excerpt":{"rendered":"<p>W polityce nie brak ludzi z\u0142ych, ale Zbigniew Ziobro nale\u017cy do najgorszych. Nawet Piotr Gli\u0144ski mu nie dor\u00f3wnuje. Chorobliwie ambitny, pami\u0119tliwy, m\u015bciwy, zacietrzewiony i fanatyczny, nadaje si\u0119 na ministra sprawiedliwo\u015bci jak ja do baletu.<\/p>\n","protected":false},"author":4,"featured_media":6280,"comment_status":"open","ping_status":"closed","sticky":false,"template":"","format":"standard","meta":{"footnotes":""},"categories":[1],"tags":[],"_links":{"self":[{"href":"https:\/\/blog.polityka.pl\/passent\/wp-json\/wp\/v2\/posts\/6277"}],"collection":[{"href":"https:\/\/blog.polityka.pl\/passent\/wp-json\/wp\/v2\/posts"}],"about":[{"href":"https:\/\/blog.polityka.pl\/passent\/wp-json\/wp\/v2\/types\/post"}],"author":[{"embeddable":true,"href":"https:\/\/blog.polityka.pl\/passent\/wp-json\/wp\/v2\/users\/4"}],"replies":[{"embeddable":true,"href":"https:\/\/blog.polityka.pl\/passent\/wp-json\/wp\/v2\/comments?post=6277"}],"version-history":[{"count":7,"href":"https:\/\/blog.polityka.pl\/passent\/wp-json\/wp\/v2\/posts\/6277\/revisions"}],"predecessor-version":[{"id":6286,"href":"https:\/\/blog.polityka.pl\/passent\/wp-json\/wp\/v2\/posts\/6277\/revisions\/6286"}],"wp:featuredmedia":[{"embeddable":true,"href":"https:\/\/blog.polityka.pl\/passent\/wp-json\/wp\/v2\/media\/6280"}],"wp:attachment":[{"href":"https:\/\/blog.polityka.pl\/passent\/wp-json\/wp\/v2\/media?parent=6277"}],"wp:term":[{"taxonomy":"category","embeddable":true,"href":"https:\/\/blog.polityka.pl\/passent\/wp-json\/wp\/v2\/categories?post=6277"},{"taxonomy":"post_tag","embeddable":true,"href":"https:\/\/blog.polityka.pl\/passent\/wp-json\/wp\/v2\/tags?post=6277"}],"curies":[{"name":"wp","href":"https:\/\/api.w.org\/{rel}","templated":true}]}}