
{"id":628,"date":"2009-11-16T00:01:07","date_gmt":"2009-11-15T23:01:07","guid":{"rendered":"http:\/\/passent.blog.polityka.pl\/?p=628"},"modified":"2009-11-16T01:24:51","modified_gmt":"2009-11-16T00:24:51","slug":"wirus-kochanowskiego","status":"publish","type":"post","link":"https:\/\/blog.polityka.pl\/passent\/2009\/11\/16\/wirus-kochanowskiego\/","title":{"rendered":"Wirus Kochanowskiego"},"content":{"rendered":"<p><strong>Pierwsze symptomy wirusa Kochanowskiego to podwy\u017cszona temperatura, nadaktywno\u015b\u0107, wybuja\u0142e ambicje, z\u0142o\u015bliwo\u015b\u0107, urojenia, szybsze m\u00f3wienie ni\u017c my\u015blenie, utrata poczucia rzeczywisto\u015bci. Szczeg\u00f3lnie dotkliwe s\u0105 uporczywe zaburzenia r\u00f3wnowagi pomi\u0119dzy opozycj\u0105 a rz\u0105dem, kt\u00f3ra powinna cechowa\u0107 rzecznika praw obywatelskich<\/strong>.<\/p>\n<p>W ci\u0105gu ostatnich tygodni RPO obrazi\u0142 feministki (kt\u00f3re nast\u0119pnie przeprosi\u0142), dziennikarza TVN 24, Piotra Marciniaka, kt\u00f3ry go przes\u0142uchiwa\u0142 w spos\u00f3b do\u015b\u0107 bezceremonialny (co Kochanowski por\u00f3wna\u0142 do przes\u0142ucha\u0144 przez UB i te\u017c si\u0119 z tego wycofa\u0142), a przede wszystkim zaatakowa\u0142 minister zdrowia, dr Ew\u0119 Kopacz za to, \u017ce nie zakupuj\u0105c szczepionki przeciw grypie A\/H1N1 nie dope\u0142nia obowi\u0105zku i by\u0107 mo\u017ce sprowadza zagro\u017cenie epidemiologiczne.<\/p>\n<p>W pi\u0105tek, 13 bm., dr (praw) Kochanowski postawi\u0142 min. Kopacz prawdziwe ultimatum. Albo do poniedzia\u0142ku 16 bm. odpowie na jego zarzuty, albo on zawiadomi tego dnia prokuratur\u0119. Gotowe do podpisu pismo, niczym na\u0142adowany i odbezpieczony pistolet, le\u017cy ju\u017c na biurku rzecznika. Ofiar\u0105, ma by\u0107 \u2013 oczywi\u015bcie \u2013 nie tylko Kopacz, ale i Tusk oraz Platforma przed wyborami. Tylko patrze\u0107, jak powa\u017cnie zaniepokojony prezydent wezwie Kopacz na dywanik.<\/p>\n<p>Pierwsze, co mi przysz\u0142o na my\u015bl, kiedy s\u0142ucha\u0142em rzecznika (kt\u00f3ry, jak\u017ce by inaczej, zwo\u0142a\u0142 konferencj\u0119 prasow\u0105) to dzia\u0142anie na szkod\u0119 strony polskiej. Kiedy wiadomo, \u017ce trwaj\u0105 nie\u0142atwe negocjacje strony polskiej z koncernami farmaceutycznymi, Janusz Kochanowski dzia\u0142a, jak gdyby by\u0142 \u201erzecznikiem interesu koncern\u00f3w\u201d, a nie rzecznikiem praw obywatelskich, gdy\u017c przystawia stronie polskiej pistolet do skroni, os\u0142abia jej pozycj\u0119 i daje argument producentom szczepionki, \u017ceby nie ust\u0119powali, bo Polska ma n\u00f3\u017c na gardle.<\/p>\n<p>Co wi\u0119cej, rzecznik poni\u017ca minister Kopacz, m\u00f3wi\u0105c, \u017ce jej nie wierzy, ani w tej, ani w innych sprawach, \u017ce nie wierzy rz\u0105dowi, nie wierzy, i\u017c producent szczepionek chce je sprzedawa\u0107 bez gwarancji, \u017ce nie chce wzi\u0105\u0107 odpowiedzialno\u015bci za ewentualne skutki uboczne. To wszystko \u201enie trzyma si\u0119 kupy\u201d \u2013 m\u00f3wi Kochanowski. A czego trzyma si\u0119 rzecznik? Celnie odpowiedzia\u0142 mu wiceminister zdrowia, Jakub Szulc, m\u00f3wi\u0105c, ze minister zdrowia podlega\u0142aby odpowiedzialno\u015bci karnej, gdyby zakupi\u0142a szczepionki bez sprawdzenia jako\u015bci, skuteczno\u015bci, bezpiecze\u0144stwa i ewentualnych konsekwencji prawnych. Tak\u017ce pogr\u00f3\u017cki, do jakich ucieka si\u0119 rzecznik, uw\u0142aczaj\u0105ce czci osoby zagro\u017conej, lub gro\u017aba spowodowania post\u0119powania karnego, podpadaj\u0105 pod kodeks karny.<\/p>\n<p>Nie po raz pierwszy dr Janusz Kochanowski pokazuje, \u017ce nie dor\u00f3s\u0142 do swojego stanowiska, w niekt\u00f3rych swoich wypowiedziach zachowuje si\u0119 jak polityk opozycji, ochoczo przy\u0142\u0105cza si\u0119 do oskar\u017ce\u0144, jakie opozycja wysuwa pod adresem rz\u0105du, do czego opozycja ma pe\u0142ne prawo, aczkolwiek w przypadku epidemii lepiej by\u0142oby zawiesi\u0107 walk\u0119 polityczn\u0105 i wszystko, co prowadzi do zwi\u0119kszenia paniki. Rzecznik nie ma jednak zahamowa\u0144, zaciera r\u0105czki, straszy sprowadzeniem zagro\u017cenia epidemiologicznego, wymachuje pismem do prokuratury, wywija pistoletem, jak szeryf na Dzikim Zachodzie.<\/p>\n<p>Pose\u0142 Wiki\u0144ski z SLD doradza rzecznikowi wizyt\u0119 u psychiatry. Ja bym si\u0119 tak daleko w argumentach ad personam nie posun\u0105\u0142. Ale jaka\u015b kuracja przeciwko wirusowi Kochanowskiego by\u0142aby celowa. A mo\u017ce istnieje na to szczepionka? Je\u015bli tak, to kupi\u0107 koniecznie!<\/p>\n","protected":false},"excerpt":{"rendered":"<p>Pierwsze symptomy wirusa Kochanowskiego to podwy\u017cszona temperatura, nadaktywno\u015b\u0107, wybuja\u0142e ambicje, z\u0142o\u015bliwo\u015b\u0107, urojenia, szybsze m\u00f3wienie ni\u017c my\u015blenie, utrata poczucia rzeczywisto\u015bci. Szczeg\u00f3lnie dotkliwe s\u0105 uporczywe zaburzenia r\u00f3wnowagi pomi\u0119dzy opozycj\u0105 a rz\u0105dem, kt\u00f3ra powinna cechowa\u0107 rzecznika praw obywatelskich. W ci\u0105gu ostatnich tygodni RPO obrazi\u0142 feministki (kt\u00f3re nast\u0119pnie przeprosi\u0142), dziennikarza TVN 24, Piotra Marciniaka, kt\u00f3ry go przes\u0142uchiwa\u0142 w spos\u00f3b [&hellip;]<\/p>\n","protected":false},"author":4,"featured_media":0,"comment_status":"open","ping_status":"open","sticky":false,"template":"","format":"standard","meta":{"footnotes":""},"categories":[1],"tags":[],"_links":{"self":[{"href":"https:\/\/blog.polityka.pl\/passent\/wp-json\/wp\/v2\/posts\/628"}],"collection":[{"href":"https:\/\/blog.polityka.pl\/passent\/wp-json\/wp\/v2\/posts"}],"about":[{"href":"https:\/\/blog.polityka.pl\/passent\/wp-json\/wp\/v2\/types\/post"}],"author":[{"embeddable":true,"href":"https:\/\/blog.polityka.pl\/passent\/wp-json\/wp\/v2\/users\/4"}],"replies":[{"embeddable":true,"href":"https:\/\/blog.polityka.pl\/passent\/wp-json\/wp\/v2\/comments?post=628"}],"version-history":[{"count":0,"href":"https:\/\/blog.polityka.pl\/passent\/wp-json\/wp\/v2\/posts\/628\/revisions"}],"wp:attachment":[{"href":"https:\/\/blog.polityka.pl\/passent\/wp-json\/wp\/v2\/media?parent=628"}],"wp:term":[{"taxonomy":"category","embeddable":true,"href":"https:\/\/blog.polityka.pl\/passent\/wp-json\/wp\/v2\/categories?post=628"},{"taxonomy":"post_tag","embeddable":true,"href":"https:\/\/blog.polityka.pl\/passent\/wp-json\/wp\/v2\/tags?post=628"}],"curies":[{"name":"wp","href":"https:\/\/api.w.org\/{rel}","templated":true}]}}