
{"id":6287,"date":"2020-08-13T22:25:58","date_gmt":"2020-08-13T20:25:58","guid":{"rendered":"https:\/\/passent.blog.polityka.pl\/?p=6287"},"modified":"2020-08-14T00:16:59","modified_gmt":"2020-08-13T22:16:59","slug":"policjanci-i-zlodzieje","status":"publish","type":"post","link":"https:\/\/blog.polityka.pl\/passent\/2020\/08\/13\/policjanci-i-zlodzieje\/","title":{"rendered":"Policjanci i z\u0142odzieje"},"content":{"rendered":"\n<p>Zale\u017cy nam na dobrym wizerunku Polski w \u015bwiecie? To po co urz\u0105dzamy tak\u0105 hec\u0119 jak policja 7\/8 sierpnia w Warszawie? Oczywi\u015bcie, policja ma prawo u\u017cy\u0107 si\u0142y, je\u015bli wszelkie inne \u015brodki zawiod\u0142y, filmy z tak demokratycznych kraj\u00f3w jak Francja i USA tylko to potwierdzaj\u0105, ale policja ameryka\u0144ska w \u017cadnym wypadku nie mo\u017ce by\u0107 wzorem.<\/p>\n\n\n\n<!--more-->\n\n\n\n<p>Pami\u0119tam (by\u0142em wtedy w Ameryce), jak w latach 60. najstarszy dziennik ameryka\u0144ski &#8222;Philadelphia Inquirer&#8221; (wychodzi od 1829 r.) otrzyma\u0142 nagrod\u0119 Pulitzera za cykl artyku\u0142\u00f3w o tym, jak policja w tym mie\u015bcie szkoli swoje psy, \u017ceby atakowa\u0142y czarnosk\u00f3rych i broni\u0142y bia\u0142ych.<\/p>\n\n\n\n<p>Tak wi\u0119c policja potrafi w ro\u017cny spos\u00f3b broni\u0107 konstytucji. W weekend 7\/8 sierpnia \u201ebroni\u0142a\u201d \u0142adu i porz\u0105dku w spos\u00f3b niedopuszczalny. Maj\u0105c przeciw sobie manifestant\u00f3w (-tki), kt\u00f3rzy \u0142amali prawo, niszczyli samochody i wchodzili na dach, odmawiali zastosowania si\u0119 do polece\u0144 policji, mo\u017cna by\u0142o obezw\u0142adnia\u0107 ich w spos\u00f3b mniej brutalny i ograniczy\u0107 si\u0119 do tych najaktywniejszych, a nie urz\u0105dza\u0107 \u0142apank\u0119, kt\u00f3ra przypomina\u0142a gr\u0119 w kotka i myszk\u0119. Obrazy z Warszawy posz\u0142y w \u015bwiat, niekt\u00f3re \u017cywcem przypomina\u0142y te z USA czy Bia\u0142orusi.<\/p>\n\n\n\n<p>A niekt\u00f3rzy nasi (?) przedstawiciele w Unii Europejskiej? Przecie\u017c samo dochodzenie w sprawie o wy\u0142udzanie pieni\u0119dzy przez polskiego eurodeputowanego to wstyd i ha\u0144ba. Ludzie tak znakomicie wynagradzani jeszcze uciekaj\u0105 si\u0119 do drobnych kant\u00f3w. S\u0105 nienasyceni w swojej zach\u0142anno\u015bci. Przecie\u017c Ryszard Czarnecki (PiS) nie by\u0142 pierwszy! Przed nim by\u0142 by\u0142y s\u0119dzia, prezes NIK, audytor Unii Europejskiej, komisarz do spraw rolnictwa Janusz Wojciechowski (PiS), kt\u00f3ry z \u201ew\u0142asnej woli\u201d zwr\u00f3ci\u0142 bodaj 10 tys. euro. Dok\u0142adnej przyczyny nie znam, ale nie s\u0142ysza\u0142em, \u017ceby kto\u015b bez powodu da\u0142 Unii 10 tys. \u2013 raczej ka\u017cdy bierze\u2026<\/p>\n\n\n\n<p>Podczas gdy niekt\u00f3rzy politycy przynosz\u0105 wstyd w kraju i za granic\u0105, ludzie kultury i sztuki rozs\u0142awiaj\u0105 nasz kraj. Z jednego tylko artyku\u0142u Jacka Cie\u015blaka (\u201eRz\u201d) o dorocznym festiwalu w Salzburgu dowiadujemy si\u0119, \u017ce \u201eElektra\u201d Richarda Straussa w re\u017cyserii Krzysztofa Warlikowskiego i w jego scenografii otwiera\u0142a festiwal i zaplanowano \u0142\u0105cznie sze\u015b\u0107 spektakli, pianista Jan Lisiecki z barytonem Matthiasem Goernem przygotowali wiecz\u00f3r pie\u015bni beethovenowskich, \u015bwiatowej s\u0142awy artysta Piotr Becza\u0142a wykona\u0142 pie\u015bni Gustawa Mahlera, a kierownictwo festiwalu w specjalnym o\u015bwiadczeniu podkre\u015bli\u0142o zas\u0142ugi Krzysztofa Pendereckiego.<\/p>\n\n\n\n<p>To niesforni arty\u015bci, b\u0119d\u0105cy nie raz w konflikcie z w\u0142adz\u0105, przynosz\u0105 chlub\u0119 naszemu krajowi, podczas gdy politycy, kt\u00f3rzy wydaj\u0105 miliony na obron\u0119 wizerunku, sami mu szkodz\u0105.<\/p>\n\n\n\n<p><strong>Zaproszenie<\/strong><br>Edwin Bendyk (znakomity publicysta \u201ePolityki\u201d, kt\u00f3ry specjalizuje si\u0119 sprawach samorz\u0105du, nauki i cywilizacji, nowy prezes Fundacji Batorego) oraz Anna Maria Dyner (analityczka spraw Bia\u0142orusi, kierowniczka projektu Europa Wschodnia w PISM) b\u0119d\u0105 naszymi go\u015b\u0107mi w TOK FM, niedziela 16 lipca, godz. jak zwykle 10:05.<\/p>\n","protected":false},"excerpt":{"rendered":"<p>Zale\u017cy nam na dobrym wizerunku Polski w \u015bwiecie? To po co urz\u0105dzamy tak\u0105 hec\u0119 jak policja 7\/8 sierpnia w Warszawie? Oczywi\u015bcie, policja ma prawo u\u017cy\u0107 si\u0142y, je\u015bli wszelkie inne \u015brodki zawiod\u0142y, filmy z tak demokratycznych kraj\u00f3w jak Francja i USA tylko to potwierdzaj\u0105, ale policja ameryka\u0144ska w \u017cadnym wypadku nie mo\u017ce by\u0107 wzorem.<\/p>\n","protected":false},"author":4,"featured_media":6290,"comment_status":"open","ping_status":"closed","sticky":false,"template":"","format":"standard","meta":{"footnotes":""},"categories":[1],"tags":[],"_links":{"self":[{"href":"https:\/\/blog.polityka.pl\/passent\/wp-json\/wp\/v2\/posts\/6287"}],"collection":[{"href":"https:\/\/blog.polityka.pl\/passent\/wp-json\/wp\/v2\/posts"}],"about":[{"href":"https:\/\/blog.polityka.pl\/passent\/wp-json\/wp\/v2\/types\/post"}],"author":[{"embeddable":true,"href":"https:\/\/blog.polityka.pl\/passent\/wp-json\/wp\/v2\/users\/4"}],"replies":[{"embeddable":true,"href":"https:\/\/blog.polityka.pl\/passent\/wp-json\/wp\/v2\/comments?post=6287"}],"version-history":[{"count":3,"href":"https:\/\/blog.polityka.pl\/passent\/wp-json\/wp\/v2\/posts\/6287\/revisions"}],"predecessor-version":[{"id":6291,"href":"https:\/\/blog.polityka.pl\/passent\/wp-json\/wp\/v2\/posts\/6287\/revisions\/6291"}],"wp:featuredmedia":[{"embeddable":true,"href":"https:\/\/blog.polityka.pl\/passent\/wp-json\/wp\/v2\/media\/6290"}],"wp:attachment":[{"href":"https:\/\/blog.polityka.pl\/passent\/wp-json\/wp\/v2\/media?parent=6287"}],"wp:term":[{"taxonomy":"category","embeddable":true,"href":"https:\/\/blog.polityka.pl\/passent\/wp-json\/wp\/v2\/categories?post=6287"},{"taxonomy":"post_tag","embeddable":true,"href":"https:\/\/blog.polityka.pl\/passent\/wp-json\/wp\/v2\/tags?post=6287"}],"curies":[{"name":"wp","href":"https:\/\/api.w.org\/{rel}","templated":true}]}}