
{"id":6293,"date":"2020-08-19T13:04:24","date_gmt":"2020-08-19T11:04:24","guid":{"rendered":"https:\/\/passent.blog.polityka.pl\/?p=6293"},"modified":"2020-08-19T13:18:01","modified_gmt":"2020-08-19T11:18:01","slug":"trzyma-kozak-tatarzyna","status":"publish","type":"post","link":"https:\/\/blog.polityka.pl\/passent\/2020\/08\/19\/trzyma-kozak-tatarzyna\/","title":{"rendered":"Trzyma Kozak Tatarzyna"},"content":{"rendered":"\n<p>Szumowski i Morawiecki nie m\u00f3wi\u0105 prawdy. Profesor \u0141ukasz Szumowski, twierdz\u0105c, \u017ce premier oraz prezes Kaczy\u0144ski wiedzieli co najmniej od dw\u00f3ch tygodni o jego rezygnacji ze stanowiska, chyba \u017cartuj\u0105.<\/p>\n\n\n\n<!--more-->\n\n\n\n<p>Gdyby wiedzieli, to Szumowski nie og\u0142asza\u0142by rezygnacji sam. Gdyby Morawiecki od dawna wiedzia\u0142, to przez te dwa tygodnie znalaz\u0142by nowego ministra, odby\u0142aby si\u0119 normalna konferencja prasowa z udzia\u0142em premiera, Szumowskiego i jego nast\u0119pcy. Nie jestem zwolennikiem M.M., ale nie jest mo\u017cliwe, \u017ceby w trakcie pandemii premier, wiedz\u0105c, \u017ce minister odchodzi, nie szuka\u0142 nast\u0119pcy.<\/p>\n\n\n\n<p>Zapowied\u017a, \u017ce nowy minister zostanie przedstawiony \u201edo ko\u0144ca tygodnia\u201d, \u015bwiadczy o tym, \u017ce w tej sprawie panuje chaos. Kto\u015b tu kr\u0119ci. Trwa \u0142apanka na ministra zdrowia, wyobra\u017cam sobie, \u017ce w trakcie pandemii i \u015bledztwa prokuratury nie\u0142atwo znale\u017a\u0107 ch\u0119tnego.<\/p>\n\n\n\n<p>Wbrew temu, co m\u00f3wi\u0105 \u0141ukasz Szumowski i Janusz Cieszy\u0144ski (odchodz\u0105cy wiceminister), \u017ce ich rezygnacje nie s\u0105 zwi\u0105zane z \u017cadnym \u015bledztwem, jest dok\u0142adnie odwrotnie &#8211; ich dymisje na pewno s\u0105 wynikiem trwaj\u0105cego \u015bledztwa w \u201esprawie\u201d (jeszcze nie \u201eprzeciwko\u201d) ogromnych nadu\u017cy\u0107 czy lekkomy\u015blno\u015bci w resorcie przy zakupach u progu epidemii. Nad tym wszystkim \u201eczuwa\u201d prokurator generalny i minister sprawiedliwo\u015bci Zbigniew Ziobro. Ten ostatni szalenie si\u0119 uaktywni\u0142, bez ogr\u00f3dek atakuje premiera za to, i\u017c ten w pierwszym rz\u0119dzie chce zaj\u0105\u0107 si\u0119 \u201egospodark\u0105, reformami spo\u0142ecznymi i przebudow\u0105 instytucji pa\u0144stwa\u201d (wywiad, &#8222;Rz&#8221;, 18 sierpnia). A prof. Szumowski to osoba wskazana i powo\u0142ana na ministra przez Morawieckiego.<\/p>\n\n\n\n<p>Natomiast Ziobro za najwa\u017cniejsz\u0105 uwa\u017ca \u201enasz\u0105 polsk\u0105 dusz\u0119\u201d, przeciwko kt\u00f3rej trwa \u201enies\u0142ychana agresja \u2013 ta w kraju i ta kierowana z zagranicy\u201d. Ziobro chce si\u0119 bi\u0107 o \u201enasz\u0105 polsk\u0105 to\u017csamo\u015b\u0107\u201d, przeciwko \u201eideologii\u201d LGBT, \u201etakich Timmermans\u00f3w i jemu podobnych\u201d, kt\u00f3rym marzy si\u0119 zwi\u0105zek praworz\u0105dno\u015bci i finans\u00f3w. Kr\u00f3tko m\u00f3wi\u0105c, priorytet premiera to \u201egospodarka, g\u0142upcze\u201d, natomiast koalicjant, minister i prokurator generalny Ziobro na pierwszym planie widz\u0105 \u201ewojn\u0119 kulturow\u0105&#8221;. Trzyma Kozak Tatarzyna, a Tatarzyn za \u0142eb trzyma.<\/p>\n\n\n\n<p>I tu powraca sprawa Szumowskiego i innych. Wed\u0142ug wprowadzonych przez PiS zasad mamy ministerstwo i prokuratur\u0119 po\u0142\u0105czone w jednych r\u0119kach, a uprawnienia prokuratora generalnego s\u0105 ogromne, daj\u0105 mu m.in. prawo wgl\u0105du w ka\u017cd\u0105 spraw\u0119. Tak wi\u0119c Ziobro trzyma Szumowskiego i Cieszy\u0144skiego jako zak\u0142adnik\u00f3w. To s\u0105 jego atuty w walce z premierem. Pozwalaj\u0105 trzyma\u0107 Morawieckiego w szachu.<\/p>\n\n\n\n<p><strong>Zaproszenie<\/strong><br>By\u0142y minister zdrowia dr Marek Balicki oraz publicystka \u201ePolityki\u201d Joanna Solska, kt\u00f3ra specjalizuje si\u0119 w ochronie zdrowia, b\u0119d\u0105 naszymi go\u015b\u0107mi w TOK FM, niedziela 23 sierpnia, godz. jak zwykle 10:05.<\/p>\n","protected":false},"excerpt":{"rendered":"<p>Szumowski i Morawiecki nie m\u00f3wi\u0105 prawdy. Profesor \u0141ukasz Szumowski, twierdz\u0105c, \u017ce premier oraz prezes Kaczy\u0144ski wiedzieli co najmniej od dw\u00f3ch tygodni o jego rezygnacji ze stanowiska, chyba \u017cartuj\u0105.<\/p>\n","protected":false},"author":4,"featured_media":6300,"comment_status":"open","ping_status":"closed","sticky":false,"template":"","format":"standard","meta":{"footnotes":""},"categories":[1],"tags":[],"_links":{"self":[{"href":"https:\/\/blog.polityka.pl\/passent\/wp-json\/wp\/v2\/posts\/6293"}],"collection":[{"href":"https:\/\/blog.polityka.pl\/passent\/wp-json\/wp\/v2\/posts"}],"about":[{"href":"https:\/\/blog.polityka.pl\/passent\/wp-json\/wp\/v2\/types\/post"}],"author":[{"embeddable":true,"href":"https:\/\/blog.polityka.pl\/passent\/wp-json\/wp\/v2\/users\/4"}],"replies":[{"embeddable":true,"href":"https:\/\/blog.polityka.pl\/passent\/wp-json\/wp\/v2\/comments?post=6293"}],"version-history":[{"count":7,"href":"https:\/\/blog.polityka.pl\/passent\/wp-json\/wp\/v2\/posts\/6293\/revisions"}],"predecessor-version":[{"id":6302,"href":"https:\/\/blog.polityka.pl\/passent\/wp-json\/wp\/v2\/posts\/6293\/revisions\/6302"}],"wp:featuredmedia":[{"embeddable":true,"href":"https:\/\/blog.polityka.pl\/passent\/wp-json\/wp\/v2\/media\/6300"}],"wp:attachment":[{"href":"https:\/\/blog.polityka.pl\/passent\/wp-json\/wp\/v2\/media?parent=6293"}],"wp:term":[{"taxonomy":"category","embeddable":true,"href":"https:\/\/blog.polityka.pl\/passent\/wp-json\/wp\/v2\/categories?post=6293"},{"taxonomy":"post_tag","embeddable":true,"href":"https:\/\/blog.polityka.pl\/passent\/wp-json\/wp\/v2\/tags?post=6293"}],"curies":[{"name":"wp","href":"https:\/\/api.w.org\/{rel}","templated":true}]}}