
{"id":6303,"date":"2020-08-23T18:02:12","date_gmt":"2020-08-23T16:02:12","guid":{"rendered":"https:\/\/passent.blog.polityka.pl\/?p=6303"},"modified":"2020-08-23T21:13:12","modified_gmt":"2020-08-23T19:13:12","slug":"wierzchowski-nie-jest-sam","status":"publish","type":"post","link":"https:\/\/blog.polityka.pl\/passent\/2020\/08\/23\/wierzchowski-nie-jest-sam\/","title":{"rendered":"Wierzchowski nie jest sam"},"content":{"rendered":"\n<p>Grzegorz Wierzchowski, kurator \u0142\u00f3dzki, zosta\u0142 odwo\u0142any. Za co? Tego nam nie m\u00f3wi\u0105. Mo\u017cna si\u0119 domy\u015bla\u0107, \u017ce za haniebne s\u0142owa o \u201ewirusie LGBT&#8221;, kt\u00f3ry \u201edehumanizuje\u201d spo\u0142ecze\u0144stwo i m\u0142odych ludzi. Jego zdaniem ludzie LGBT nie maj\u0105 \u017cadnych zasad, nie uznaj\u0105 \u017cadnych warto\u015bci.<\/p>\n\n\n\n<!--more-->\n\n\n\n<p>Wojewoda \u0142\u00f3dzki Tobiasz Boche\u0144ski twierdzi, \u017ce odwo\u0142anie Wierzchowskiego \u201enie ma zwi\u0105zku z jego niedzielnymi wypowiedziami\u201d. By\u0142a to decyzja wielokrotnie omawiana z resortem edukacji \u2013 przekonuje. Albo wi\u0119c m\u00f3wi prawd\u0119 i wtedy powinien wyja\u015bni\u0107, dlaczego pozostaje bierny w sprawie skandalicznej wypowiedzi kuratora, albo k\u0142amie, bo odwo\u0142a\u0142 Wierzchowskiego, ale boi si\u0119 przyzna\u0107, bo Wierzchowski NIE JEST SAM.<\/p>\n\n\n\n<p>Broni go np. Solidarna Polska Ziobry, kt\u00f3ra coraz bardziej przesuwa si\u0119 w prawo. Z drugiej strony podoba mi si\u0119 reakcja Paw\u0142a Lisickiego (&#8222;Do Rzeczy&#8221;), kt\u00f3ry domaga si\u0119 natychmiastowej rezygnacji ministra. Popieram!<\/p>\n\n\n\n<p>Pozosta\u0144my jednak w \u015brodowisku kurator\u00f3w. Barbara Nowak, ma\u0142opolska kuratorka, napisa\u0142a na Twitterze: \u201eZawalczmy o prawd\u0119 w\u015br\u00f3d m\u0142odych \u017byd\u00f3w! Po obozie Auschwitz powinni oprowadza\u0107 TYLKO POLSCY LICENCJONOWANI PRZEWODNICY. Dzi\u015b obca, a nie polska, narracja kr\u00f3luje w Auschwitz. Czas z tym sko\u0144czy\u0107!\u201d (pisownia oryginalna).<\/p>\n\n\n\n<p>M\u0105\u017c pani kurator Ryszard Nowacki jest dyrektorem liceum w Krakowie. \u201eM\u0142odzi \u017bydzi \u2013 pisa\u0142 \u2013 powinni si\u0119 wreszcie dowiedzie\u0107, gdzie s\u0105 nasze korzenie\u201d (chodzi o s\u0105dowe morderstwo stalinowskie gen. Fieldorfa \u201eNila\u201d z udzia\u0142em komunist\u00f3w pochodzenia \u017cydowskiego). Wzruszaj\u0105ca jest ta troska Nowackich o wykszta\u0142cenie m\u0142odych \u017byd\u00f3w. Dbaj\u0105 oni r\u00f3wnie\u017c o siebie, gdy\u017c odwo\u0142a\u0107 dyr. Nowackiego (czego domagali si\u0119 niekt\u00f3rzy) mo\u017ce jego\u2026 \u017cona.<\/p>\n\n\n\n<p>Czy to wszystko przypadkowa zbie\u017cno\u015b\u0107 pogl\u0105d\u00f3w kurator\u00f3w, czy te\u017c wynik \u015bwiadomej polityki kadrowej by\u0142ej minister o\u015bwiaty Anny Zalewskiej, ulokowanej dzi\u015b w Parlamencie Europejskim? Mo\u017ce w tej sprawie zabierze g\u0142os minister Piontkowski? Obawiam si\u0119, \u017ce nie otworzy ust. Bo kurator Wierzchowski nie jest sam. O jego przysz\u0142o\u015b\u0107 mo\u017cemy by\u0107 spokojni.<\/p>\n","protected":false},"excerpt":{"rendered":"<p>Grzegorz Wierzchowski, kurator \u0142\u00f3dzki, zosta\u0142 odwo\u0142any. Za co? Tego nam nie m\u00f3wi\u0105. Mo\u017cna si\u0119 domy\u015bla\u0107, \u017ce za haniebne s\u0142owa o \u201ewirusie LGBT&#8221;, kt\u00f3ry \u201edehumanizuje\u201d spo\u0142ecze\u0144stwo i m\u0142odych ludzi. Jego zdaniem ludzie LGBT nie maj\u0105 \u017cadnych zasad, nie uznaj\u0105 \u017cadnych warto\u015bci.<\/p>\n","protected":false},"author":4,"featured_media":6307,"comment_status":"open","ping_status":"closed","sticky":false,"template":"","format":"standard","meta":{"footnotes":""},"categories":[1],"tags":[],"_links":{"self":[{"href":"https:\/\/blog.polityka.pl\/passent\/wp-json\/wp\/v2\/posts\/6303"}],"collection":[{"href":"https:\/\/blog.polityka.pl\/passent\/wp-json\/wp\/v2\/posts"}],"about":[{"href":"https:\/\/blog.polityka.pl\/passent\/wp-json\/wp\/v2\/types\/post"}],"author":[{"embeddable":true,"href":"https:\/\/blog.polityka.pl\/passent\/wp-json\/wp\/v2\/users\/4"}],"replies":[{"embeddable":true,"href":"https:\/\/blog.polityka.pl\/passent\/wp-json\/wp\/v2\/comments?post=6303"}],"version-history":[{"count":5,"href":"https:\/\/blog.polityka.pl\/passent\/wp-json\/wp\/v2\/posts\/6303\/revisions"}],"predecessor-version":[{"id":6309,"href":"https:\/\/blog.polityka.pl\/passent\/wp-json\/wp\/v2\/posts\/6303\/revisions\/6309"}],"wp:featuredmedia":[{"embeddable":true,"href":"https:\/\/blog.polityka.pl\/passent\/wp-json\/wp\/v2\/media\/6307"}],"wp:attachment":[{"href":"https:\/\/blog.polityka.pl\/passent\/wp-json\/wp\/v2\/media?parent=6303"}],"wp:term":[{"taxonomy":"category","embeddable":true,"href":"https:\/\/blog.polityka.pl\/passent\/wp-json\/wp\/v2\/categories?post=6303"},{"taxonomy":"post_tag","embeddable":true,"href":"https:\/\/blog.polityka.pl\/passent\/wp-json\/wp\/v2\/tags?post=6303"}],"curies":[{"name":"wp","href":"https:\/\/api.w.org\/{rel}","templated":true}]}}