
{"id":6311,"date":"2020-08-28T11:44:36","date_gmt":"2020-08-28T09:44:36","guid":{"rendered":"https:\/\/passent.blog.polityka.pl\/?p=6311"},"modified":"2020-08-28T12:15:38","modified_gmt":"2020-08-28T10:15:38","slug":"od-kryzysu-do-kryzysu","status":"publish","type":"post","link":"https:\/\/blog.polityka.pl\/passent\/2020\/08\/28\/od-kryzysu-do-kryzysu\/","title":{"rendered":"Od kryzysu do kryzysu"},"content":{"rendered":"\n<p>Kryzys pierwszy: rozpocz\u0119cie roku szkolnego w warunkach pandemii. Kryzys niebezpieczny, poniewa\u017c szko\u0142y nie s\u0105 dostatecznie przygotowane i nie wszystko mo\u017ce by\u0107 naprawione z powodu biedy, np. szko\u0142y s\u0105 przeludnione, brak wystarczaj\u0105co du\u017cych sal lekcyjnych, zaopatrzenie w maseczki oraz inne \u015brodki ochrony uczni\u00f3w i pracownik\u00f3w szk\u00f3\u0142 jest symboliczne.<\/p>\n\n\n\n<!--more-->\n\n\n\n<p>To wszystko na tle dwuw\u0142adzy. Szko\u0142y podlegaj\u0105 samorz\u0105dowi, kt\u00f3remu rz\u0105d sk\u0105pi pieni\u0119dzy, bo wi\u0119kszo\u015b\u0107 w\u00f3jt\u00f3w czy prezydent\u00f3w miast nie jest z PiS, wi\u0119c warto ich skompromitowa\u0107, kierowa\u0107 pretensje pod ich adresem. W dodatku sytuacja jest obiektywnie bardzo trudna, wzrost liczby zaka\u017ce\u0144 w szko\u0142ach i rodzinach &#8211; wysoce prawdopodobny.<\/p>\n\n\n\n<p>Wobec tego rz\u0105d przerzuca odpowiedzialno\u015b\u0107 na dyrektor\u00f3w. To oni b\u0119d\u0105 odpowiedzialni za ewentualn\u0105 zmian\u0119 trybu nauczania (hybrydowy, zdalny), oczywi\u015bcie bez dodatkowych pieni\u0119dzy na ewentualny podzia\u0142 klas na grupy (kto zap\u0142aci za dodatkowe godziny?). Dyrektorzy nie b\u0119d\u0105 mieli swobody ruch\u00f3w, poniewa\u017c ich decyzje musz\u0105 by\u0107 akceptowane przez sanepid \u2013 instytucj\u0119 podleg\u0142\u0105 rz\u0105dowi. Tak wi\u0119c czeka nas uroczysta inauguracja roku szkolnego, \u015blubowanie, sztandar, zapewne tak\u017ce \u201eor\u0119dzie\u201d, czyli tradycyjne przem\u00f3wienie ministra edukacji. Uczniom, rodzicom i nauczycielom pozostaje dobra mina do zlej gry.<\/p>\n\n\n\n<p>Kryzys drugi: Niemcy wyznaczy\u0142y na swojego ambasadora Arndta Freytaga von Loringhovena, jednego ze swoich najbardziej do\u015bwiadczonych dyplomat\u00f3w (Moskwa, Czechy, wywiad niemiecki, pierwszy zast\u0119pca sekretarza generalnego NATO). K\u0142opot z tym, \u017ce jego ojciec by\u0142 sztabowcem w bunkrze Hitlera, i teraz Warszawa zastanawia si\u0119, co zrobi\u0107. (Patrz r\u00f3wnie\u017c <a href=\"https:\/\/www.polityka.pl\/tygodnikpolityka\/kraj\/1969234,1,afera-o-ambasadora-pis-bez-wojny-z-niemcami-nie-moze.read\">komentarz Adama Krzemi\u0144skiego<\/a> na stronach \u201ePolityki\u201d).<\/p>\n\n\n\n<p>Niemcy czekaj\u0105 ju\u017c dwa miesi\u0105ce na tzw. <em>agr\u00e9ment<\/em>. Niekoniecznie zrozumia\u0142a kandydatura by\u0142a zapewne wst\u0119pnie konsultowana przez dyplomacje obu kraj\u00f3w, dopiero potem niemieckie MSZ wyst\u0105pi\u0142o o <em>agr\u00e9ment<\/em>, a teraz ruch jest po stronie polskiej. Moja opinia \u2013 znaj\u0105c polsk\u0105 wra\u017cliwo\u015b\u0107 (Rosja i Czechy nie mia\u0142y opor\u00f3w), nale\u017ca\u0142o t\u0119 spraw\u0119 wyja\u015bni\u0107 zawczasu. Skoro ambasada RP w Berlinie i nasz MSZ przegapi\u0142y (?) spraw\u0119 lub uzna\u0142y, \u017ce nie jest to przeszkod\u0105, to teraz jest raczej p\u00f3\u017ano na odmow\u0119 przyj\u0119cia ambasadora naszego najbli\u017cszego partnera w Europie.<\/p>\n\n\n\n<p>Niemcy odbior\u0105 to jako afront i kolejny krok w antyniemieckiej polityce PiS (Duda: &#8222;Nie b\u0119d\u0105 Niemcy wybiera\u0107 nam prezydenta&#8221;). Zgoda Warszawy na Arndta Freytaga (ur. 1956) oznacza\u0142aby dla strony polskiej odst\u0119pstwo od \u201edziedzicznej wrogo\u015bci\u201d, kt\u00f3rej nie przekre\u015bl\u0105 \u017cadne sojusze i pieni\u0105dze. A tak\u017ce odej\u015bcie od badania przodk\u00f3w i uznanie, \u017ce czasy Ribbentropa min\u0119\u0142y. Tu\u017c przed rocznic\u0105 niemieckiej napa\u015bci na Polsk\u0119, rocznic\u0105 zjednoczenia Niemiec oraz rocznic\u0105 listu biskup\u00f3w polskich do biskup\u00f3w niemieckich \u2013 to by by\u0142o zrozumia\u0142e.<\/p>\n\n\n\n<p><strong>Zaproszenie<\/strong><br>Co to jest wojna kulturowa \u2013 kto i po co j\u0105 roznieca? Profesor Joanna Tokarska-Bakir (UW, PAN), znakomita antropolog kultury (\u201eSpo\u0142eczny portret pogromu kieleckiego\u201d i inne), oraz Adam Krzemi\u0144ski (\u201ePolityka\u201d), znawca duszy polskiej i niemieckiej, b\u0119d\u0105 naszymi go\u015b\u0107mi w TOK FM, niedziela 30 sierpnia, godz. 10:05.<\/p>\n","protected":false},"excerpt":{"rendered":"<p>Kryzys pierwszy: rozpocz\u0119cie roku szkolnego w warunkach pandemii. Kryzys niebezpieczny, poniewa\u017c szko\u0142y nie s\u0105 dostatecznie przygotowane i nie wszystko mo\u017ce by\u0107 naprawione z powodu biedy, np. szko\u0142y s\u0105 przeludnione, brak wystarczaj\u0105co du\u017cych sal lekcyjnych, zaopatrzenie w maseczki oraz inne \u015brodki ochrony uczni\u00f3w i pracownik\u00f3w szk\u00f3\u0142 jest symboliczne.<\/p>\n","protected":false},"author":4,"featured_media":6316,"comment_status":"open","ping_status":"closed","sticky":false,"template":"","format":"standard","meta":{"footnotes":""},"categories":[1],"tags":[],"_links":{"self":[{"href":"https:\/\/blog.polityka.pl\/passent\/wp-json\/wp\/v2\/posts\/6311"}],"collection":[{"href":"https:\/\/blog.polityka.pl\/passent\/wp-json\/wp\/v2\/posts"}],"about":[{"href":"https:\/\/blog.polityka.pl\/passent\/wp-json\/wp\/v2\/types\/post"}],"author":[{"embeddable":true,"href":"https:\/\/blog.polityka.pl\/passent\/wp-json\/wp\/v2\/users\/4"}],"replies":[{"embeddable":true,"href":"https:\/\/blog.polityka.pl\/passent\/wp-json\/wp\/v2\/comments?post=6311"}],"version-history":[{"count":4,"href":"https:\/\/blog.polityka.pl\/passent\/wp-json\/wp\/v2\/posts\/6311\/revisions"}],"predecessor-version":[{"id":6317,"href":"https:\/\/blog.polityka.pl\/passent\/wp-json\/wp\/v2\/posts\/6311\/revisions\/6317"}],"wp:featuredmedia":[{"embeddable":true,"href":"https:\/\/blog.polityka.pl\/passent\/wp-json\/wp\/v2\/media\/6316"}],"wp:attachment":[{"href":"https:\/\/blog.polityka.pl\/passent\/wp-json\/wp\/v2\/media?parent=6311"}],"wp:term":[{"taxonomy":"category","embeddable":true,"href":"https:\/\/blog.polityka.pl\/passent\/wp-json\/wp\/v2\/categories?post=6311"},{"taxonomy":"post_tag","embeddable":true,"href":"https:\/\/blog.polityka.pl\/passent\/wp-json\/wp\/v2\/tags?post=6311"}],"curies":[{"name":"wp","href":"https:\/\/api.w.org\/{rel}","templated":true}]}}