
{"id":6318,"date":"2020-09-02T11:20:37","date_gmt":"2020-09-02T09:20:37","guid":{"rendered":"https:\/\/passent.blog.polityka.pl\/?p=6318"},"modified":"2020-09-02T13:07:05","modified_gmt":"2020-09-02T11:07:05","slug":"czy-warszawa-lezy-w-polsce","status":"publish","type":"post","link":"https:\/\/blog.polityka.pl\/passent\/2020\/09\/02\/czy-warszawa-lezy-w-polsce\/","title":{"rendered":"Czy Warszawa le\u017cy w Polsce?"},"content":{"rendered":"\n<p>Wiadomo\u015b\u0107 to nies\u0142ychana \u2013 rz\u0105d pomo\u017ce ratowa\u0107 &#8222;Czajk\u0119&#8221;. Rz\u0105d? Jaki rz\u0105d? Francuski? Turecki? Nie \u2013 chodzi o rz\u0105d polski, najbardziej polski z polskich rz\u0105d\u00f3w od 30 lat. Rz\u0105d Morawieckiego. Wi\u0119c o co chodzi? Awaria wydarzy\u0142a si\u0119 w Warszawie, stolicy Polski. Gdyby to chodzi\u0142o o pomoc Ugandzie czy Libanowi \u2013 toby by\u0142 news. Tymczasem rz\u0105d w Warszawie robi spraw\u0119 z tego, \u017ce pomo\u017ce Warszawie.<\/p>\n\n\n\n<!--more-->\n\n\n\n<p>Micha\u0142 Dworczyk, szef kancelarii premiera, potwierdzi\u0142 we wtorek, \u017ce rz\u0105d wy\u015ble wojsko do budowy mostu pontonowego, ale zapowiedzia\u0142, \u017ce tym razem samorz\u0105d b\u0119dzie musia\u0142 ponie\u015b\u0107 koszty pomocy Warszawie \u2013 czytamy w &#8222;GW&#8221;. Minister obrony Mariusz B\u0142aszczak wypowiedzia\u0142 si\u0119 w podobnym duchu o pomocy wojska. (Przedtem w obrzydliwy spos\u00f3b \u2013 w trakcie oficjalnej uroczysto\u015bci \u2013 oskar\u017ca\u0142 Gda\u0144sk o brud i zaniedbanie Westerplatte. Moim zdaniem to deficyt kultury).<\/p>\n\n\n\n<p>Kiedy czytam takie wypowiedzi, zastanawiam si\u0119, czy to nie jest polski rz\u0105d, czy to nie jest Wojsko Polskie? Czy to nie jest zrozumia\u0142e, \u017ce awaria wydarzy\u0142a si\u0119 u nas, w sercu Polski, wi\u0119c o co chodzi z t\u0105 \u201epomoc\u0105\u201d rz\u0105du? Polski rz\u0105d, polskie wojsko, polska awaria, polska Wis\u0142a, wi\u0119c w czym rzecz?<\/p>\n\n\n\n<p>Pomo\u017cemy, ale musicie zap\u0142aci\u0107 \u2013 m\u00f3wi rz\u0105d. Rozumiem, \u017ce koszty b\u0119d\u0105 ogromne (m\u00f3wi si\u0119 o 40 mln z\u0142), trzeba je b\u0119dzie pokry\u0107, ale premier Morawiecki chyba nie jest hydraulikiem, kt\u00f3ry po wykonaniu roboty wyci\u0105ga r\u0119k\u0119 do \u201eklienta\u201d. Przecie\u017c wielkie inwestycje w stolicy cz\u0119sto bywaj\u0105 wsp\u00f3ln\u0105 spraw\u0105. Stare Miasto, Zamek Kr\u00f3lewski, nowe muzea, metro \u2013 Warszawa nie robi\u0142a tego na w\u0142asny koszt. Zamek, muzea, metro, a tym bardziej Wis\u0142a s\u0142u\u017c\u0105 nie tylko warszawiakom.<\/p>\n\n\n\n<p>Dlatego dziwi mnie podnoszenie przez polski rz\u0105d od razu kwestii zap\u0142aty. \u201ePomo\u017cemy, ale zap\u0142acicie\u201d. Podejrzewam, \u017ce sami cz\u0142onkowie rz\u0105du, Morawiecki i kilku jego koleg\u00f3w byliby w stanie pokry\u0107 koszty, ale pisz\u0105c serio, to wiemy, o co chodzi. O to, \u017ce Warszawa Trzaskowskiego i Platformy widziana jest jako obce cia\u0142o, \u201enie z naszego portfela\u201d. Zachcia\u0142o si\u0119 Trzaskowskiemu samodzielno\u015bci, nie podoba mu si\u0119 ten rz\u0105d i nasz prezydent \u2013 to niech p\u0142aci.<\/p>\n\n\n\n<p>Nie wymagam, \u017ceby Polska \u201epodarowa\u0142a\u201d stolicy now\u0105 &#8222;Czajk\u0119&#8221;, cho\u0107 nie by\u0142oby w tym niczego dziwnego. To nie jest obcy kraj! Mo\u017ce najpierw warto nawi\u0105za\u0107 stosunki dyplomatyczne pomi\u0119dzy Polsk\u0105 a Warszaw\u0105, mo\u017ce lepsze ni\u017c z Niemcami i Rosj\u0105, a potem prowadzi\u0107 polityk\u0119 stopniowego zbli\u017cenia? Mamy nowego ministra spraw zagranicznych \u2013 wi\u0119c do dzie\u0142a! I niech polski rz\u0105d po\u0107wiczy ambasadora Warszawy, zanim udzieli mu <em>agr\u00e9ment<\/em>.<\/p>\n","protected":false},"excerpt":{"rendered":"<p>Wiadomo\u015b\u0107 to nies\u0142ychana \u2013 rz\u0105d pomo\u017ce ratowa\u0107 &#8222;Czajk\u0119&#8221;. Rz\u0105d? Jaki rz\u0105d? Francuski? Turecki? Nie \u2013 chodzi o rz\u0105d polski, najbardziej polski z polskich rz\u0105d\u00f3w od 30 lat. Rz\u0105d Morawieckiego. Wi\u0119c o co chodzi? Awaria wydarzy\u0142a si\u0119 w Warszawie, stolicy Polski. Gdyby to chodzi\u0142o o pomoc Ugandzie czy Libanowi \u2013 toby by\u0142 news. Tymczasem rz\u0105d w [&hellip;]<\/p>\n","protected":false},"author":4,"featured_media":6321,"comment_status":"open","ping_status":"closed","sticky":false,"template":"","format":"standard","meta":{"footnotes":""},"categories":[1],"tags":[],"_links":{"self":[{"href":"https:\/\/blog.polityka.pl\/passent\/wp-json\/wp\/v2\/posts\/6318"}],"collection":[{"href":"https:\/\/blog.polityka.pl\/passent\/wp-json\/wp\/v2\/posts"}],"about":[{"href":"https:\/\/blog.polityka.pl\/passent\/wp-json\/wp\/v2\/types\/post"}],"author":[{"embeddable":true,"href":"https:\/\/blog.polityka.pl\/passent\/wp-json\/wp\/v2\/users\/4"}],"replies":[{"embeddable":true,"href":"https:\/\/blog.polityka.pl\/passent\/wp-json\/wp\/v2\/comments?post=6318"}],"version-history":[{"count":7,"href":"https:\/\/blog.polityka.pl\/passent\/wp-json\/wp\/v2\/posts\/6318\/revisions"}],"predecessor-version":[{"id":6326,"href":"https:\/\/blog.polityka.pl\/passent\/wp-json\/wp\/v2\/posts\/6318\/revisions\/6326"}],"wp:featuredmedia":[{"embeddable":true,"href":"https:\/\/blog.polityka.pl\/passent\/wp-json\/wp\/v2\/media\/6321"}],"wp:attachment":[{"href":"https:\/\/blog.polityka.pl\/passent\/wp-json\/wp\/v2\/media?parent=6318"}],"wp:term":[{"taxonomy":"category","embeddable":true,"href":"https:\/\/blog.polityka.pl\/passent\/wp-json\/wp\/v2\/categories?post=6318"},{"taxonomy":"post_tag","embeddable":true,"href":"https:\/\/blog.polityka.pl\/passent\/wp-json\/wp\/v2\/tags?post=6318"}],"curies":[{"name":"wp","href":"https:\/\/api.w.org\/{rel}","templated":true}]}}