
{"id":6328,"date":"2020-09-08T15:42:39","date_gmt":"2020-09-08T13:42:39","guid":{"rendered":"https:\/\/passent.blog.polityka.pl\/?p=6328"},"modified":"2020-09-09T12:58:21","modified_gmt":"2020-09-09T10:58:21","slug":"niemcy-na-lopatkach","status":"publish","type":"post","link":"https:\/\/blog.polityka.pl\/passent\/2020\/09\/08\/niemcy-na-lopatkach\/","title":{"rendered":"Niemcy na \u0142opatkach!"},"content":{"rendered":"\n<p> &#8211; Znowu sukces! Wygrali\u015bmy z Niemcami!<br> &#8211; W pi\u0142k\u0119 no\u017cn\u0105?<br> &#8211; Nie, w dyplomacj\u0119.<br> &#8211; W dyplomacj\u0119? A ja s\u0142ysza\u0142em, \u017ce jeden telefon kanclerz Merkel do kanclerza Morawieckiego wystarczy\u0142, by Polska zgodzi\u0142a si\u0119 na ambasadora Loringhovena. To chyba jest sukces Merkel, a nie nasz.<\/p>\n\n\n\n<!--more-->\n\n\n\n<p>&#8211; Nic nie rozumiesz. Merkel ju\u017c si\u0119 nie liczy, to jest <em>lame duck<\/em>, kulawa kaczka. Dzwoni do Morawieckiego, \u017ceby pokaza\u0107, \u017ce jeszcze co\u015b mo\u017ce. Morawiecki jest liderem ca\u0142ego regionu. Ba\u0142tyk, Morze Czarne. Adriatyk.<\/p>\n\n\n\n<p> &#8211; Ale dali\u015bmy Niemcom nauczk\u0119, co? Poka\u017c mi inne pa\u0144stwo, kt\u00f3re trzyma\u0142o jednego z najwa\u017cniejszych ambasador\u00f3w w przedpokoju, w zawieszeniu? Poka\u017c mi taki kraj, gdzie ambasador dojrzewa. Bronili\u015bmy si\u0119 trzy miesi\u0105ce, d\u0142u\u017cej ni\u017c Westerplatte. My\u015bmy tych miesi\u0119cy nie zmarnowali. Po to by\u0142o wielotygodniowe grillowanie, \u201eby ustawi\u0107 go w pozycji defensywnej\u201d, jak pisz\u0105 \u201eSieci\u201d. &#8222;Sporo tym wygrywamy \u2013 nie b\u0119dzie m\u00f3g\u0142 wyst\u0119powa\u0107 w roli m\u0119drca z Zachodu, kt\u00f3ry nas poucza, blokowa\u0107 go b\u0119dzie ci\u0119\u017car rodzinnej historii&#8221; &#8211; m\u00f3wi anonimowo jeden z polskich polityk\u00f3w w \u201eSieciach\u201d.<\/p>\n\n\n\n<p> &#8211; Teraz b\u0119dzie bardziej przyjazny i \u0142atwiejszy we wsp\u00f3\u0142pracy. Zobaczysz, b\u0119dzie nam z r\u0119ki jad\u0142. Zwiedzi\u0142 ju\u017c wystaw\u0119 Pileckiego w Berlinie i Muzeum Powstania Warszawskiego. Jeszcze tylko muzeum Polskiej Pomocy \u017bydom i b\u0119dzie mia\u0142 w g\u0142owie pouk\u0142adane.<\/p>\n\n\n\n<p> &#8211; A Polin?<br> &#8211; Niekoniecznie. Du\u017co si\u0119 nauczy\u0142 od Przy\u0142\u0119bskiego.<br> &#8211; Przy\u0142\u0119bskiemu to on nie dorasta do pi\u0119t.<\/p>\n\n\n\n<p> &#8211; Ale przez te trzy miesi\u0105ce du\u017co zrozumia\u0142. Nie obrazi\u0142 si\u0119, wiedzia\u0142, \u017ce go wpu\u015bcimy, bo Niemcy to pot\u0119ga, trz\u0119s\u0105 Uni\u0105, w dodatku maj\u0105 przewodnictwo. Ale fakt, \u017ce Merkelowa znalaz\u0142a czas na telefon do Warszawy, \u015bwiadczy o silnej pozycji naszego kraju i o uznaniu pani Merkel dla Morawieckiego. Mi\u0119dzy nimi jest chemia.<\/p>\n\n\n\n<p> &#8211; To dlaczego trzymali\u015bmy go\u015bcia w poczekalni?<\/p>\n\n\n\n<p> &#8211; Bo w tym czasie prowadzili\u015bmy \u201emisterne negocjacje\u201d, jak pisz\u0105 \u201eSieci\u201d. \u201eCzapu\u201d chcia\u0142 go wpu\u015bci\u0107 od razu, bez \u017cadnych warunk\u00f3w. To by nie by\u0142o patriotyczne. Polska nie jest na zawo\u0142anie. Dopiero jak nasta\u0142 Rau, to prezes go misternie wpu\u015bci\u0142. Znowu sukces!<\/p>\n\n\n\n<p> &#8211; W pi\u0142ce no\u017cnej?<br> &#8211; Nie. W sztuce dyplomacji.<\/p>\n\n\n\n<p><strong>Zaproszenie<\/strong><br>S\u0142awomir Sierakowski, za\u0142o\u017cyciel &#8222;Krytyki Politycznej&#8221;, publicysta \u201ePolityki\u201d, po miesi\u0105cu na Bia\u0142orusi  oraz dr Renata Mienkowska-Norkiene, politolo\u017cka UW b\u0119d\u0105 naszymi go\u015b\u0107mi w TOK FM &#8211; niedziela 13 wrze\u015bnia, godzina jak zwykle 10:05.<\/p>\n","protected":false},"excerpt":{"rendered":"<p>&#8211; Znowu sukces! Wygrali\u015bmy z Niemcami! &#8211; W pi\u0142k\u0119 no\u017cn\u0105? &#8211; Nie, w dyplomacj\u0119. &#8211; W dyplomacj\u0119? A ja s\u0142ysza\u0142em, \u017ce jeden telefon kanclerz Merkel do kanclerza Morawieckiego wystarczy\u0142, by Polska zgodzi\u0142a si\u0119 na ambasadora Loringhovena. To chyba jest sukces Merkel, a nie nasz.<\/p>\n","protected":false},"author":4,"featured_media":6334,"comment_status":"open","ping_status":"closed","sticky":false,"template":"","format":"standard","meta":{"footnotes":""},"categories":[1],"tags":[],"_links":{"self":[{"href":"https:\/\/blog.polityka.pl\/passent\/wp-json\/wp\/v2\/posts\/6328"}],"collection":[{"href":"https:\/\/blog.polityka.pl\/passent\/wp-json\/wp\/v2\/posts"}],"about":[{"href":"https:\/\/blog.polityka.pl\/passent\/wp-json\/wp\/v2\/types\/post"}],"author":[{"embeddable":true,"href":"https:\/\/blog.polityka.pl\/passent\/wp-json\/wp\/v2\/users\/4"}],"replies":[{"embeddable":true,"href":"https:\/\/blog.polityka.pl\/passent\/wp-json\/wp\/v2\/comments?post=6328"}],"version-history":[{"count":7,"href":"https:\/\/blog.polityka.pl\/passent\/wp-json\/wp\/v2\/posts\/6328\/revisions"}],"predecessor-version":[{"id":6337,"href":"https:\/\/blog.polityka.pl\/passent\/wp-json\/wp\/v2\/posts\/6328\/revisions\/6337"}],"wp:featuredmedia":[{"embeddable":true,"href":"https:\/\/blog.polityka.pl\/passent\/wp-json\/wp\/v2\/media\/6334"}],"wp:attachment":[{"href":"https:\/\/blog.polityka.pl\/passent\/wp-json\/wp\/v2\/media?parent=6328"}],"wp:term":[{"taxonomy":"category","embeddable":true,"href":"https:\/\/blog.polityka.pl\/passent\/wp-json\/wp\/v2\/categories?post=6328"},{"taxonomy":"post_tag","embeddable":true,"href":"https:\/\/blog.polityka.pl\/passent\/wp-json\/wp\/v2\/tags?post=6328"}],"curies":[{"name":"wp","href":"https:\/\/api.w.org\/{rel}","templated":true}]}}