
{"id":635,"date":"2009-11-28T08:56:32","date_gmt":"2009-11-28T07:56:32","guid":{"rendered":"http:\/\/passent.blog.polityka.pl\/?p=635"},"modified":"2009-11-30T18:31:17","modified_gmt":"2009-11-30T17:31:17","slug":"krzyz-zaslugi","status":"publish","type":"post","link":"https:\/\/blog.polityka.pl\/passent\/2009\/11\/28\/krzyz-zaslugi\/","title":{"rendered":"Krzy\u017c zas\u0142ugi"},"content":{"rendered":"<p><strong>Jak si\u0119 dowiadujemy z \u201eRzeczpospolitej\u201d, Kancelaria Prezydenta \u201ezacz\u0119\u0142a rozwa\u017ca\u0107\u201d odznaczenie uczestnik\u00f3w strajku\u00a0 uczni\u00f3w szk\u00f3\u0142 zawodowych we W\u0142oszczowej. Gdyby tak si\u0119 sta\u0142o, mieliby\u015bmy do czynienia z kpin\u0105 z idei pa\u0144stwa \u015bwieckiego,\u00a0 rozdzia\u0142u ko\u015bcio\u0142\u00f3w od pa\u0144stwa i kolejnym argumentem na potwierdzenie tezy, \u017ce Polska jest pa\u0144stwem wyznaniowym.<\/strong><\/p>\n<p>Strajk mia\u0142 na celu obron\u0119 krzy\u017ca i mia\u0142 miejsce 25 lat temu, w 1984 roku, czyli akurat mija rocznica. Krzy\u017ce we wszystkich salach dw\u00f3ch w\u0142oszczowskich szk\u00f3\u0142 powieszono w pa\u017adzierniku 1981 roku z inicjatywy proboszcza. Dyrekcja, czyli \u00f3wczesna w\u0142adza, krzy\u017ce zdejmowa\u0142a, tylko dw\u00f3ch uczni\u00f3w nie podpisa\u0142o si\u0119 pod petycj\u0105 domagaj\u0105c\u0105 si\u0119 ich przywr\u00f3cenia. W 1984 roku ksi\u0105dz proboszcz odprawi\u0142 msz\u0119, podczas kt\u00f3rej w obecno\u015bci t\u0142umu m\u0142odzie\u017cy po\u015bwi\u0119ci\u0142 krzy\u017ce. Poniewa\u017c w sobot\u0119 by\u0142y lekcje, m\u0142odzie\u017c przysz\u0142a troch\u0119 wcze\u015bniej. \u201eKiedy otworzono szko\u0142\u0119, w niemal wszystkich klasach zawieszono krzy\u017ce\u201d, kt\u00f3re dyrekcja zdj\u0119\u0142a. Zacz\u0119\u0142a si\u0119 trwaj\u0105ca dwa tygodnie okupacja szko\u0142y przez oko\u0142o 200 (na og\u00f3lna liczb\u0119 900) uczni\u00f3w. Podobno pojawi\u0142o si\u0119 ZOMO i zaktywizowa\u0142a si\u0119 bezpieka, ale IPN (!)\u00a0 w 2007 roku umorzy\u0142 \u015bledztwo, \u201eponiewa\u017c nie dosz\u0142o do czyn\u00f3w stanowi\u0105cych przest\u0119pstwo pope\u0142nione przez funkcjonariuszy \u00f3wczesnego pa\u0144stwa komunistycznego\u201d.<\/p>\n<p>Po latach, obro\u0144cy krzy\u017ca w szko\u0142ach, o\u017cywili si\u0119 z powodu orzeczenia Trybuna\u0142u Praw Cz\u0142owieka w Strasburgu, kt\u00f3rzy orzek\u0142 usuni\u0119cie krzy\u017ca z jednej ze szk\u00f3\u0142 we W\u0142oszech. \u201eJe\u015bli trzeba b\u0119dzie, stan\u0119 w obronie krzy\u017ca\u201d \u2013 zapowiada jeden z dawnych uczestnik\u00f3w strajku. \u201eJestem poruszona. To, co dawniej robili komuni\u015bci, teraz robi\u0105 tzw. (! \u2013 Pass.) obro\u0144cy praw cz\u0142owieka\u201d \u2013 m\u00f3wi \u00f3wczesna przewodnicz\u0105ca samorz\u0105du szkolnego.\u00a0\u00a0\u00a0\u00a0\u00a0\u00a0<\/p>\n<p>Wszystko to jeszcze uwa\u017ca\u0142em za normalne w naszym kraju i nie budzi\u0142oby mojej reakcji, gdyby nie fakt, \u017ce uczestnicy strajku, kt\u00f3rzy spotkaj\u0105 si\u0119 z okazji jego rocznicy, na pocz\u0105tku grudnia, licz\u0105 na udzia\u0142 prezydenta Kaczy\u0144skiego w tych uroczysto\u015bciach. \u201eByliby\u015bmy zaszczyceni\u201d- m\u00f3wi przewodnicz\u0105ca i dodaje: \u201ePrzecie\u017c w \u015awi\u0119to Niepodleg\u0142o\u015bci m\u00f3wi\u0142 tak pi\u0119knie, \u017ce nikt nie pozwoli w\u00a0 Polsce krzy\u017cy usun\u0105\u0107\u201d. Uczestnicy strajku maj\u0105 nadziej\u0119, \u017ce prezydent\u00a0 nie przyjedzie z pustymi r\u0119koma, licz\u0105c chyba na to, \u017ce najwy\u017cszy przedstawiciel pa\u0144stwa polskiego przywiezie krzy\u017ce zas\u0142ugi. Jak podaje \u201eRz\u201d, \u201eKancelaria Prezydenta zacz\u0119\u0142a rozwa\u017ca\u0107\u201d odznaczenie uczestnik\u00f3w strajku.<\/p>\n<p>Gdyby tak si\u0119 sta\u0142o, mieliby\u015bmy do czynienia z kpin\u0105 z idei pa\u0144stwa \u015bwieckiego,\u00a0 rozdzia\u0142u ko\u015bcio\u0142\u00f3w od pa\u0144stwa i kolejnym argumentem na potwierdzenie tezy, \u017ce Polska jest pa\u0144stwem wyznaniowym. Krzy\u017ce wisz\u0105 w Sejmie, zawieszone ukradkiem,\u00a0 w pa\u0142acach w\u0142adzy znajduj\u0105 si\u0119 kaplice katolickie, religia jest jednym z g\u0142\u00f3wnych przedmiot\u00f3w nauczanych w szkole, od przedszkola do matury, naucza si\u0119, \u017ce homoseksualizm jest z\u0142em, przemilcza wstydliwe rozdzia\u0142y z \u017cycia Ko\u015bcio\u0142a, takie jak udzia\u0142 w podboju Ameryki \u0141aci\u0144skiej, czy milczenie Watykanu w sprawie Holokaustu,\u00a0 i to wszystko na koszt pa\u0144stwa, za\u015b nauczanie etyki jest fikcj\u0105, Ko\u015bci\u00f3\u0142 hojnie obdarzany jest gruntami i budynkami (vide Komisja Mieszana), przedstawiciele duchowie\u0144stwa wsp\u00f3lnie z przedstawicielami w\u0142adz celebruj\u0105 uroczysto\u015bci pa\u0144stwowe, pos\u0142owie gromadnie pielgrzymuj\u0105 do kardyna\u0142a, przy stanowieniu prawa stanowisko Ko\u015bcio\u0142a w sprawach, na kt\u00f3rych mu zale\u017cy, jest decyduj\u0105ce, Izby Skarbowe i NIK omijaj\u0105 Ko\u015bci\u00f3\u0142 szerokim \u0142ukiem, z czego korzysta nawet Ojciec Dyrektor. Nic dziwnego, \u017ce prof. Wiktor Osiaty\u0144ski m\u00f3wi, i\u017c Polska sta\u0142a si\u0119\u00a0 krajem wyznaniowym. \u201eNie ma praktycznie \u017cadnej uroczysto\u015bci pa\u0144stwowej, szkolnej, uczelnianej, samorz\u0105dowej, bez mszy. \u015awi\u0119ci si\u0119 ju\u017c nawet tak \u2018nabo\u017cne\u2019 miejsca jak oczyszczalnie \u015bciek\u00f3w i jacuzzi\u201d \u2013 pisze Jerzy Szmajdzi\u0144ski z SLD. Wyrok w Strasburgu i procesy cywilizacyjne, post\u0119puj\u0105ca laicyzacja i sekularyzacja na Zachodzie \u2013 od Niemiec po Peru i Chile \u2013 nieuchronnie b\u0119d\u0105 mia\u0142y sw\u00f3j wp\u0142yw i na nasz kraj.\u00a0 Oby nie dosz\u0142o do wojny o krzy\u017ce,\u00a0 warto raczej powojowa\u0107 o sprawy bardziej istotne ni\u017c symbole.<\/p>\n<p>A jak by\u0142o w PRL? Dowcipnie pisze o tym prof. Jan Hartman: \u201eTrudno sobie wyobrazi\u0107, by jakakolwiek organizacja niech\u0119tna komunistom (a Ko\u015bci\u00f3\u0142 z pewno\u015bci\u0105 by\u0142 takow\u0105), mog\u0142a tak w Polsce prosperowa\u0107. Jak mawia\u0142 (po winku) ks. Tischner, \u2018oni (Ko\u015bci\u00f3\u0142) zawsze umieli si\u0119 z nimi (komunistami) dogada\u0107, bo jedni i drudzy, lubili wypi\u0107\u201d.\u00a0<\/p>\n<p>***<\/p>\n<p><a href=\"\/wp-content\/uploads\/2009\/11\/passent-okl-big.jpg\"><img loading=\"lazy\" decoding=\"async\" class=\"alignnone size-full wp-image-633\" title=\"passent-okl-big\" src=\"\/wp-content\/uploads\/2009\/11\/passent-okl-big.jpg\" alt=\"\" width=\"334\" height=\"508\" srcset=\"\/passent\/wp-content\/uploads\/2009\/11\/passent-okl-big.jpg 334w, \/passent\/wp-content\/uploads\/2009\/11\/passent-okl-big-197x300.jpg 197w\" sizes=\"(max-width: 334px) 100vw, 334px\" \/><\/a><\/p>\n<p>27 listopada uka\u017ce si\u0119, nak\u0142adem wydawnictwa Red Horse, ksi\u0105\u017cka <strong>&#8222;Pod napi\u0119ciem&#8221; <\/strong>&#8211; wyb\u00f3r felieton\u00f3w Daniela Passenta z lat 2002-2009, mistrza s\u0142owa, od ponad 50 lat zwi\u0105zanego z tygodnikiem \u201ePolityka\u201d.<\/p>\n<p><strong>O ksi\u0105\u017ckach i felietonach Daniela Passenta<\/strong>:<\/p>\n<p>Passent nie udaje kogo\u015b kim nie jest, pozostaje sob\u0105 mimo historycznych zawirowa\u0144.<br \/>\n<strong>Monika Olejnik<\/strong> (2006)<\/p>\n<p>&#8222;Najlepszy polski dziennikarz powojenny. Najbardziej wszechstronny. Umie wszystko.&#8221;<br \/>\n<strong>Jerzy Urban<\/strong> (2002)<\/p>\n<p>To, co w spojrzeniu Daniela Passenta na przesz\u0142o\u015b\u0107 i tera\u017aniejszo\u015b\u0107 budzi szacunek, to odwaga, uczciwo\u015b\u0107, przyznawanie si\u0119 do w\u0142asnych b\u0142\u0119d\u00f3w.<br \/>\n<strong>Stefan Niesio\u0142owski<\/strong> (2006)<\/p>\n<p>&#8222;Lektur\u0119 pisma zaczynam ode\u0144 nieodmiennie, a i wyznam, \u017ce ko\u0144cz\u0119 na tym niekiedy.&#8221;<br \/>\n<strong>Bohdan Czeszko<\/strong> (1975)<\/p>\n<p>&#8222;Krwinki bia\u0142e w r\u00f3wnowadze z czerwonymi. Kr\u0119gos\u0142up elastyczny, gi\u0119tki, sezonowo usztywniony. Czaszka pojemna, odporna na uderzenia. Oczy i uszy szeroko otwarte. Ko\u0144czyny dolne nieco kab\u0142\u0105kowate, dopasowane do barykady.&#8221;<br \/>\n<strong>Piotr Aleksandrowicz<\/strong> (1985)<\/p>\n","protected":false},"excerpt":{"rendered":"<p>Jak si\u0119 dowiadujemy z \u201eRzeczpospolitej\u201d, Kancelaria Prezydenta \u201ezacz\u0119\u0142a rozwa\u017ca\u0107\u201d odznaczenie uczestnik\u00f3w strajku\u00a0 uczni\u00f3w szk\u00f3\u0142 zawodowych we W\u0142oszczowej. Gdyby tak si\u0119 sta\u0142o, mieliby\u015bmy do czynienia z kpin\u0105 z idei pa\u0144stwa \u015bwieckiego,\u00a0 rozdzia\u0142u ko\u015bcio\u0142\u00f3w od pa\u0144stwa i kolejnym argumentem na potwierdzenie tezy, \u017ce Polska jest pa\u0144stwem wyznaniowym. Strajk mia\u0142 na celu obron\u0119 krzy\u017ca i mia\u0142 miejsce 25 [&hellip;]<\/p>\n","protected":false},"author":4,"featured_media":0,"comment_status":"open","ping_status":"open","sticky":false,"template":"","format":"standard","meta":{"footnotes":""},"categories":[1],"tags":[],"_links":{"self":[{"href":"https:\/\/blog.polityka.pl\/passent\/wp-json\/wp\/v2\/posts\/635"}],"collection":[{"href":"https:\/\/blog.polityka.pl\/passent\/wp-json\/wp\/v2\/posts"}],"about":[{"href":"https:\/\/blog.polityka.pl\/passent\/wp-json\/wp\/v2\/types\/post"}],"author":[{"embeddable":true,"href":"https:\/\/blog.polityka.pl\/passent\/wp-json\/wp\/v2\/users\/4"}],"replies":[{"embeddable":true,"href":"https:\/\/blog.polityka.pl\/passent\/wp-json\/wp\/v2\/comments?post=635"}],"version-history":[{"count":0,"href":"https:\/\/blog.polityka.pl\/passent\/wp-json\/wp\/v2\/posts\/635\/revisions"}],"wp:attachment":[{"href":"https:\/\/blog.polityka.pl\/passent\/wp-json\/wp\/v2\/media?parent=635"}],"wp:term":[{"taxonomy":"category","embeddable":true,"href":"https:\/\/blog.polityka.pl\/passent\/wp-json\/wp\/v2\/categories?post=635"},{"taxonomy":"post_tag","embeddable":true,"href":"https:\/\/blog.polityka.pl\/passent\/wp-json\/wp\/v2\/tags?post=635"}],"curies":[{"name":"wp","href":"https:\/\/api.w.org\/{rel}","templated":true}]}}