
{"id":6357,"date":"2020-09-24T13:20:20","date_gmt":"2020-09-24T11:20:20","guid":{"rendered":"https:\/\/passent.blog.polityka.pl\/?p=6357"},"modified":"2020-09-24T19:26:08","modified_gmt":"2020-09-24T17:26:08","slug":"ostatni-etap-tour-de-pologne","status":"publish","type":"post","link":"https:\/\/blog.polityka.pl\/passent\/2020\/09\/24\/ostatni-etap-tour-de-pologne\/","title":{"rendered":"Ostatni etap Tour de Pologne"},"content":{"rendered":"\n<p>Dru\u017cynowy wy\u015bcig o jak najwi\u0119cej w\u0142adzy, z udzia\u0142em dru\u017cyn PiS, Solidarnej Polski i Porozumienia Gowina, zbli\u017ca si\u0119 do mety. Prowadzi PiS, kt\u00f3remu uda\u0142o si\u0119 m.in. odebra\u0107 rywalom po jednym ministerstwie, wprowadzi\u0107 swojego prezesa do rz\u0105du na stanowisko wicepremiera, b\u0119dzie mia\u0142 oko na resorty si\u0142owe, z kt\u00f3rymi i tak by\u0142 za pan brat (B\u0142aszczak i Kami\u0144ski), a tak\u017ce na Ziobr\u0119 i Morawieckiego, kt\u00f3rych dzieli \u201eszorstka przyja\u017a\u0144\u201d.<\/p>\n\n\n\n<!--more-->\n\n\n\n<p>Wej\u015bcie Kaczy\u0144skiego wzmacnia pozycj\u0119 PiS w rz\u0105dzie. Jego obecno\u015b\u0107 i uwaga do Ziobry, \u017ceby przesta\u0142 rozpala\u0107 ogie\u0144 pod LGBT, b\u0119dzie mia\u0142a charakter tonizuj\u0105cy. Rycerze wojny ideologicznej, tacy jak Janusz Kowalski i Patryk Jaki, a przede wszystkim ich boss Ziobro, na pewno wezm\u0105 sobie to do serca.<\/p>\n\n\n\n<p>Dru\u017cyna Ziobry zosta\u0142a upokorzona do tego stopnia, \u017ce na og\u00f3\u0142 frechowni jej politycy, zawsze pierwsi w atakach, tym razem wyg\u0142aszali ho\u0142downicze adresy: \u201eTa koalicja to najlepsze, co Polsk\u0119 spotka\u0142o. W 99,99 proc. spraw g\u0142osowali\u015bmy jak PiS. W ka\u017cdej rodzinie zdarzaj\u0105 si\u0119 nieporozumienia lub konflikty, kt\u00f3re trzeba wyja\u015bnia\u0107. Kto si\u0119 czubi, ten si\u0119 lubi. Znamy swoje miejsce przy najwi\u0119kszej partii\u201d.<\/p>\n\n\n\n<p>Na razie nie ma deklaracji programowej obu partii, ale w stosunku do tego, czego jeste\u015bmy \u015bwiadkami w IV RP, nie spodziewam si\u0119 wi\u0119kszych zmian: s\u0105downictwo, samorz\u0105dy, media pozostan\u0105 g\u0142\u00f3wnymi celami niszczycielskiej koalicji. Panowie na pewno dogadali si\u0119 w sprawie miejsc na listach wyborczych w 2023 r. oraz podzia\u0142u funduszy. Czy pogadali sobie tak\u017ce o skandalach, takich jak przeznaczanie przez Ziobr\u0119 pieni\u0119dzy z Funduszu Sprawiedliwo\u015bci na terytoria wolne od LGBT i dyrektora Rydzyka \u2013 tego nie wiadomo. Diabe\u0142 oczywi\u015bcie tkwi w szczeg\u00f3\u0142ach.<\/p>\n\n\n\n<p>Lada godzina powinni\u015bmy si\u0119 dowiedzie\u0107, jaka b\u0119dzie wynegocjowana wersja ustaw \u201efuterkowej\u201d i \u201ebezkarno\u015bciowej\u201d. Zw\u0142aszcza ta druga, sk\u0105din\u0105d haniebna, mia\u0142a by\u0107 nie do prze\u0142kni\u0119cia przez niewini\u0105tko, jakim jest Z.Z.<\/p>\n\n\n\n<p>\u201eNa dzie\u0144 dzisiejszy\u201d, czyli \u201ena t\u0119 chwil\u0119\u201d (m\u00f3wi\u0105 tak ju\u017c nie tylko stra\u017cacy i policjanci w TV, ale te\u017c dziennikarki i dziennikarze), prawicowa koalicja zosta\u0142a ocalona, Polska niestety nie. Opozycja i lewica nie dosta\u0142y prezentu, b\u0119d\u0105 musia\u0142y ruszy\u0107 g\u0142ow\u0105 i siedzeniem.<\/p>\n\n\n\n<p><strong>Zaproszenie<\/strong><br>Jerzy Baczy\u0144ski (redaktor naczelny \u201ePolityki\u201d) oraz Micha\u0142 Broniatowski (przedstawiciel portalu &#8222;Politico&#8221; w Polsce) b\u0119d\u0105 naszymi go\u015b\u0107mi w Radiu TOK FM &#8211; niedziela 27 wrze\u015bnia, godz. 10:05.<\/p>\n","protected":false},"excerpt":{"rendered":"<p>Dru\u017cynowy wy\u015bcig o jak najwi\u0119cej w\u0142adzy, z udzia\u0142em dru\u017cyn PiS, Solidarnej Polski i Porozumienia Gowina, zbli\u017ca si\u0119 do mety. Prowadzi PiS, kt\u00f3remu uda\u0142o si\u0119 m.in. odebra\u0107 rywalom po jednym ministerstwie, wprowadzi\u0107 swojego prezesa do rz\u0105du na stanowisko wicepremiera, b\u0119dzie mia\u0142 oko na resorty si\u0142owe, z kt\u00f3rymi i tak by\u0142 za pan brat (B\u0142aszczak i Kami\u0144ski), [&hellip;]<\/p>\n","protected":false},"author":4,"featured_media":6360,"comment_status":"open","ping_status":"closed","sticky":false,"template":"","format":"standard","meta":{"footnotes":""},"categories":[1],"tags":[],"_links":{"self":[{"href":"https:\/\/blog.polityka.pl\/passent\/wp-json\/wp\/v2\/posts\/6357"}],"collection":[{"href":"https:\/\/blog.polityka.pl\/passent\/wp-json\/wp\/v2\/posts"}],"about":[{"href":"https:\/\/blog.polityka.pl\/passent\/wp-json\/wp\/v2\/types\/post"}],"author":[{"embeddable":true,"href":"https:\/\/blog.polityka.pl\/passent\/wp-json\/wp\/v2\/users\/4"}],"replies":[{"embeddable":true,"href":"https:\/\/blog.polityka.pl\/passent\/wp-json\/wp\/v2\/comments?post=6357"}],"version-history":[{"count":3,"href":"https:\/\/blog.polityka.pl\/passent\/wp-json\/wp\/v2\/posts\/6357\/revisions"}],"predecessor-version":[{"id":6361,"href":"https:\/\/blog.polityka.pl\/passent\/wp-json\/wp\/v2\/posts\/6357\/revisions\/6361"}],"wp:featuredmedia":[{"embeddable":true,"href":"https:\/\/blog.polityka.pl\/passent\/wp-json\/wp\/v2\/media\/6360"}],"wp:attachment":[{"href":"https:\/\/blog.polityka.pl\/passent\/wp-json\/wp\/v2\/media?parent=6357"}],"wp:term":[{"taxonomy":"category","embeddable":true,"href":"https:\/\/blog.polityka.pl\/passent\/wp-json\/wp\/v2\/categories?post=6357"},{"taxonomy":"post_tag","embeddable":true,"href":"https:\/\/blog.polityka.pl\/passent\/wp-json\/wp\/v2\/tags?post=6357"}],"curies":[{"name":"wp","href":"https:\/\/api.w.org\/{rel}","templated":true}]}}