
{"id":6363,"date":"2020-09-27T13:10:08","date_gmt":"2020-09-27T11:10:08","guid":{"rendered":"https:\/\/passent.blog.polityka.pl\/?p=6363"},"modified":"2020-09-27T14:42:09","modified_gmt":"2020-09-27T12:42:09","slug":"jak-dobrze-ulokowac-corke-czyli-ze-wspomnien-tatusia","status":"publish","type":"post","link":"https:\/\/blog.polityka.pl\/passent\/2020\/09\/27\/jak-dobrze-ulokowac-corke-czyli-ze-wspomnien-tatusia\/","title":{"rendered":"Jak dobrze ulokowa\u0107 c\u00f3rk\u0119, czyli ze wspomnie\u0144 tatusia"},"content":{"rendered":"\n<p>Drodzy blogowicze, kto nie s\u0142ysza\u0142 \u2013 mo\u017ce przeczyta\u0107. Wst\u0119p (rozbudowany) do dzisiejszej audycji &#8222;Go\u015bcie Passenta&#8221; w Radiu TOK FM.<\/p>\n\n\n\n<!--more-->\n\n\n\n<p>Dzie\u0144 dobry pa\u0144stwu! Witam w ten deszczowy, ale radosny dzie\u0144, kiedy Mateusz Morawiecki zosta\u0142 premierem w rz\u0105dzie wicepremiera Kaczy\u0144skiego. Poprzedni taki przypadek mia\u0142 miejsce w 1945 r., kiedy na czele Tymczasowego Rz\u0105du Jedno\u015bci Narodowej (p\u00f3\u017aniej PKWN) stan\u0105\u0142 socjalista Os\u00f3bka-Morawski, a wicepremierem by\u0142 W\u0142adys\u0142aw Gomu\u0142ka, komunista. Z okazji nominacji m\u0119\u017ca pani Iwona Morawiecka podwy\u017cszy\u0142a mu tygodni\u00f3wk\u0119, gdy\u017c to ona trzyma w tej rodzinie kas\u0119.<\/p>\n\n\n\n<p>Pierwsza dama gabinetu ju\u017c dawno chcia\u0142a ujawni\u0107, ile ma, ale pan Mateusz m\u00f3wi, \u017ce nie ma takich przepis\u00f3w. S\u0142yszeli pa\u0144stwo? Nie ma takiego przepisu, kt\u00f3ry by pozwala\u0142 powiedzie\u0107, ile kto ma kasy. Panie Premierze! Dla chc\u0105cego nie ma nic trudnego! Niech b\u0119d\u0119 tym, kt\u00f3ry ujawnia i og\u0142aszam, \u017ce \u201ena dzie\u0144 dzisiejszy\u201d mam 10 923 z\u0142 tylko na rachunku bie\u017c\u0105cym, i to w banku, kt\u00f3rego pan premier by\u0142 przez lata prezesem i mo\u017ce to sprawdzi\u0107. Nazwy banku nie podaj\u0119, \u017ceby nie \u201elokowa\u0107 produktu\u201d. Teraz, kiedy post\u0105pi\u0142em wbrew przepisowi, kt\u00f3rego nie ma, czekam na agent\u00f3w CBA, NSA, UPA, USA \u2013 niech czyni\u0105 swoj\u0105 powinno\u015b\u0107.<\/p>\n\n\n\n<p>Nie ma tak\u017ce przepisu, kt\u00f3ry by zabrania\u0142 zatrudnia\u0107 w\u0142asn\u0105 c\u00f3rk\u0119 w charakterze swojej asystentki spo\u0142ecznej, jak to uczyni\u0142 prezydent Duda. Ot\u00f3\u017c na pewnych szczeblach pieni\u0105dze nie graj\u0105 roli \u2013 licz\u0105 si\u0119 kontakty, znajomo\u015bci, CV. Dlatego nie ma co \u017ca\u0142owa\u0107 pani Kingi, \u017ce pracuje za darmo, bo to, co otrzymuje, to jest skarb.<\/p>\n\n\n\n<p>Wi\u0119c i ja, id\u0105c tropem prezydenta, namawiam swoj\u0105 c\u00f3rk\u0119, \u017ceby si\u0119 zatrudni\u0142a jako asystentka spo\u0142eczna g\u0142owy pa\u0144stwa. Mam c\u00f3rk\u0119? Mam. Uko\u0144czy\u0142a Harvard? Tak, z wyr\u00f3\u017cnieniem. Zna angielski i niemiecki? Zna. Mia\u0142a praktyk\u0119 na Zachodzie? Mia\u0142a. Pobiera pieni\u0105dze? Nie pobiera.<\/p>\n\n\n\n<p>Wi\u0119c o co chodzi? Chodzi o to, \u017ce ona nie chce pracowa\u0107 z panem Der\u0105, z panem Szczerskim, a najbardziej z tym trzecim, czyli ze mn\u0105.<\/p>\n","protected":false},"excerpt":{"rendered":"<p>Drodzy blogowicze, kto nie s\u0142ysza\u0142 \u2013 mo\u017ce przeczyta\u0107. Wst\u0119p (rozbudowany) do dzisiejszej audycji &#8222;Go\u015bcie Passenta&#8221; w Radiu TOK FM.<\/p>\n","protected":false},"author":4,"featured_media":6368,"comment_status":"open","ping_status":"closed","sticky":false,"template":"","format":"standard","meta":{"footnotes":""},"categories":[1],"tags":[],"_links":{"self":[{"href":"https:\/\/blog.polityka.pl\/passent\/wp-json\/wp\/v2\/posts\/6363"}],"collection":[{"href":"https:\/\/blog.polityka.pl\/passent\/wp-json\/wp\/v2\/posts"}],"about":[{"href":"https:\/\/blog.polityka.pl\/passent\/wp-json\/wp\/v2\/types\/post"}],"author":[{"embeddable":true,"href":"https:\/\/blog.polityka.pl\/passent\/wp-json\/wp\/v2\/users\/4"}],"replies":[{"embeddable":true,"href":"https:\/\/blog.polityka.pl\/passent\/wp-json\/wp\/v2\/comments?post=6363"}],"version-history":[{"count":3,"href":"https:\/\/blog.polityka.pl\/passent\/wp-json\/wp\/v2\/posts\/6363\/revisions"}],"predecessor-version":[{"id":6367,"href":"https:\/\/blog.polityka.pl\/passent\/wp-json\/wp\/v2\/posts\/6363\/revisions\/6367"}],"wp:featuredmedia":[{"embeddable":true,"href":"https:\/\/blog.polityka.pl\/passent\/wp-json\/wp\/v2\/media\/6368"}],"wp:attachment":[{"href":"https:\/\/blog.polityka.pl\/passent\/wp-json\/wp\/v2\/media?parent=6363"}],"wp:term":[{"taxonomy":"category","embeddable":true,"href":"https:\/\/blog.polityka.pl\/passent\/wp-json\/wp\/v2\/categories?post=6363"},{"taxonomy":"post_tag","embeddable":true,"href":"https:\/\/blog.polityka.pl\/passent\/wp-json\/wp\/v2\/tags?post=6363"}],"curies":[{"name":"wp","href":"https:\/\/api.w.org\/{rel}","templated":true}]}}