
{"id":637,"date":"2009-12-03T09:00:02","date_gmt":"2009-12-03T08:00:02","guid":{"rendered":"http:\/\/passent.blog.polityka.pl\/?p=637"},"modified":"2009-12-03T09:00:02","modified_gmt":"2009-12-03T08:00:02","slug":"zle-decyzje","status":"publish","type":"post","link":"https:\/\/blog.polityka.pl\/passent\/2009\/12\/03\/zle-decyzje\/","title":{"rendered":"Z\u0142e decyzje"},"content":{"rendered":"<p><strong>Decyzja Trybuna\u0142u Konstytucyjnego, zgodnie z kt\u00f3r\u0105 wliczanie oceny z religii do \u015bredniej ocen ucznia w szkole jest zgodne z Konstytucj\u0105, jest zapewne z prawniczego, konstytucyjnego punktu widzenia s\u0142uszna<\/strong>.<\/p>\n<p>Nie jestem konstytucjonalist\u0105, ani nawet prawnikiem, \u017ceby polemizowa\u0107 na p\u0142aszczy\u017anie prawnej. Nie b\u0119d\u0119 te\u017c atakowa\u0142 Trybuna\u0142u, gdy\u017c nie robi\u0142em tego r\u00f3wnie\u017c wtedy, kiedy jego decyzje popiera\u0142em. Decyzja w sprawie ocen z religii b\u0119dzie mia\u0142a jednak negatywne skutki. Uczyni katechez\u0119 jeszcze bardziej obowi\u0105zkow\u0105, ni\u017c jest obecnie, kiedy uchodzi za dobrowoln\u0105. Zwi\u0119kszy znaczenie katechezy w szkole publicznej, gdzie jej w og\u00f3le nie powinno by\u0107. Zwi\u0119kszy te\u017c faryzeuszostwo i ob\u0142ud\u0119. Wi\u0119cej dzieci b\u0119dzie udawa\u0142o gorliw\u0105 religijno\u015b\u0107, wi\u0119cej dzieci b\u0119dzie traktowa\u0142o praktyki religijne jako obowi\u0105zek szkolny, b\u0119dzie si\u0119 ba\u0142o post\u0119powa\u0107 zgodnie ze swoim sumieniem b\u0105d\u017a z sumieniem rodzic\u00f3w, \u017ceby nie zepsu\u0107 sobie cenzurki. Dzieci b\u0119d\u0105 udawa\u0142y, \u017ce si\u0119 modl\u0105, katecheci b\u0119d\u0105 udawali, \u017ce powa\u017cnie traktuj\u0105 oceny i b\u0119d\u0105 ci\u0105gn\u0105\u0107 w g\u00f3r\u0119 swoich (lub odwrotnie), nauczyciele pozosta\u0142ych przedmiot\u00f3w b\u0119d\u0105 udawali, \u017ce nauczyciel religii jest ich r\u00f3wnorz\u0119dnym partnerem, a jego przedmiot nie mniej wa\u017cny, ni\u017c matematyka czy biologia. Zwi\u0119kszy si\u0119 zak\u0142amanie rodzic\u00f3w, kt\u00f3rzy b\u0119d\u0105 posy\u0142a\u0107 swoje pociechy na nauk\u0119 religii, \u017ceby poprawi\u0142y sobie oceny. W sumie \u2013 z\u0142a decyzja, cho\u0107 z prawniczego punktu widzenia by\u0107 mo\u017ce nie mog\u0142a by\u0107 inna. W ostatecznym rachunku obr\u00f3ci si\u0119 przeciwko Ko\u015bcio\u0142owi.<\/p>\n<p>Z innych wydarze\u0144 dnia warto odnotowa\u0107 wyst\u0119p Janusza Palikota w \u201eKropce nad i\u201d u Moniki Olejnik. Tym razem Palikot by\u0142 w porz\u0105dku. Nikogo nie obrazi\u0142, a przy tym ujawni\u0142 ciekaw\u0105 spraw\u0119, mianowicie, \u017ce \u2013 jak wynika z analizy CBA, do kt\u00f3rej Palikot mia\u0142 dost\u0119p &#8211; za czas\u00f3w rz\u0105du Jaros\u0142awa Kaczy\u0144skiego (2007), \u00f3wczesny premier oraz wicepremier Gosiewski majstrowali przy projekcie ustawy hazardowej, i \u017ce w ca\u0142\u0105 t\u0119 spraw\u0119 uwik\u0142any by\u0142 Jacek Kapica, wiceminister Finans\u00f3w (do niedawna uchodzi\u0142 za jedynego sprawiedliwego w tej sprawie). Zdaniem Palikota, min. Kapica powinien zosta\u0107 zawieszony do czasu wyja\u015bnienia sprawy, a i pose\u0142 Wassermann (z komisji hazardowej!), kt\u00f3ry by\u0142 wtedy koordynatorem ds. s\u0142u\u017cb, jest zagro\u017cony, poniewa\u017c jego \u00f3wczesny asystent, delikatnie m\u00f3wi\u0105c, nie broni\u0142 interes\u00f3w pa\u0144stwa.<\/p>\n<p>Mariusz Kami\u0144ski w o\u015bwiadczeniu dla medi\u00f3w zakwestionowa\u0142 interpretacj\u0119 Palikota, kt\u00f3ry podobno opar\u0142 si\u0119 na cytowanych w dokumencie niepotwierdzonych b\u0105d\u017a wr\u0119cz &#8211; obalonych zarzutach. By\u0107 mo\u017ce pose\u0142 Palikot pochopnie oceni\u0142 dokument, ale z ca\u0142ego incydentu wynika, \u017ce sprawa hazardowa nie zacz\u0119\u0142a si\u0119 wczoraj, Chlebowski i Drzewiecki nie byli pierwszymi, kt\u00f3rzy si\u0119 wok\u00f3\u0142 niej kr\u0119cili. Je\u017celi do tego dodamy, \u017ce odpowiedni departament Ministerstwa Finans\u00f3w zosta\u0142 w IV RP rozwi\u0105zany, poniewa\u017c by\u0142 \u201euwik\u0142any\u201d (czytaj \u2013 niepos\u0142uszny), to sprawa przybiera zaskakuj\u0105cy obr\u00f3t. Nawet Zbigniew Wassermann znalaz\u0142 si\u0119 w cieniu, jaki rzuca jego \u00f3wczesny asystent. Jeszcze troch\u0119, a oka\u017ce si\u0119, \u017ce Chlebowski i Drzewiecki to nie jedyni politycy zaanga\u017cowani w ruletk\u0119.<\/p>\n<p>I ostatnia sprawa dnia: IPN. Co prawda z dwuletnim op\u00f3\u017anieniem w stosunku do pierwotnych zapowiedzi, ale projekt Platformy dotycz\u0105cy zmian w tej instytucji ma w tych dniach wreszcie trafi\u0107 do Sejmu. Lepiej p\u00f3\u017ano ni\u017c wcale, cho\u0107 projekt ma istotne wady. Z pierwszych przeciek\u00f3w wiadomo, \u017ce projekt ma os\u0142abi\u0107 pozycj\u0119 prezesa (b\u0119dzie go \u0142atwiej odwo\u0142a\u0107), wzro\u015bnie rola rady i \u015brodowisk akademickich, z kt\u00f3rych b\u0119d\u0105 si\u0119 wywodzi\u0107 kandydaci. \u0141atwiejszy b\u0119dzie dost\u0119p do akt. Trudno to wszystko oceni\u0107 od pierwszego wejrzenia, ale dobrze, \u017ce sprawa rusza z miejsca. Moim zdaniem, wszystkie akta powinny zosta\u0107 przekazane do archiw\u00f3w pa\u0144stwowych i by\u0107 dost\u0119pne na normalnych zasadach, a ministerstwo prawdy i propagandy powinno zosta\u0107 zlikwidowane.<\/p>\n<p>***<\/p>\n<p><a href=\"\/wp-content\/uploads\/2009\/11\/passent-okl-big.jpg\"><img loading=\"lazy\" decoding=\"async\" class=\"alignnone size-full wp-image-633\" title=\"passent-okl-big\" src=\"\/wp-content\/uploads\/2009\/11\/passent-okl-big.jpg\" alt=\"\" width=\"334\" height=\"508\" srcset=\"\/passent\/wp-content\/uploads\/2009\/11\/passent-okl-big.jpg 334w, \/passent\/wp-content\/uploads\/2009\/11\/passent-okl-big-197x300.jpg 197w\" sizes=\"(max-width: 334px) 100vw, 334px\" \/><\/a><\/p>\n<p>27 listopada uka\u017ce si\u0119, nak\u0142adem wydawnictwa Red Horse, ksi\u0105\u017cka <strong>&#8222;Pod napi\u0119ciem&#8221; <\/strong>&#8211; wyb\u00f3r felieton\u00f3w Daniela Passenta z lat 2002-2009, mistrza s\u0142owa, od ponad 50 lat zwi\u0105zanego z tygodnikiem \u201ePolityka\u201d.<\/p>\n<p><strong>O ksi\u0105\u017ckach i felietonach Daniela Passenta<\/strong>:<\/p>\n<p>Passent nie udaje kogo\u015b kim nie jest, pozostaje sob\u0105 mimo historycznych zawirowa\u0144.<br \/>\n<strong>Monika Olejnik<\/strong> (2006)<\/p>\n<p>&#8222;Najlepszy polski dziennikarz powojenny. Najbardziej wszechstronny. Umie wszystko.&#8221;<br \/>\n<strong>Jerzy Urban<\/strong> (2002)<\/p>\n<p>To, co w spojrzeniu Daniela Passenta na przesz\u0142o\u015b\u0107 i tera\u017aniejszo\u015b\u0107 budzi szacunek, to odwaga, uczciwo\u015b\u0107, przyznawanie si\u0119 do w\u0142asnych b\u0142\u0119d\u00f3w.<br \/>\n<strong>Stefan Niesio\u0142owski<\/strong> (2006)<\/p>\n<p>&#8222;Lektur\u0119 pisma zaczynam ode\u0144 nieodmiennie, a i wyznam, \u017ce ko\u0144cz\u0119 na tym niekiedy.&#8221;<br \/>\n<strong>Bohdan Czeszko<\/strong> (1975)<\/p>\n<p>&#8222;Krwinki bia\u0142e w r\u00f3wnowadze z czerwonymi. Kr\u0119gos\u0142up elastyczny, gi\u0119tki, sezonowo usztywniony. Czaszka pojemna, odporna na uderzenia. Oczy i uszy szeroko otwarte. Ko\u0144czyny dolne nieco kab\u0142\u0105kowate, dopasowane do barykady.&#8221;<br \/>\n<strong>Piotr Aleksandrowicz<\/strong> (1985)<\/p>\n","protected":false},"excerpt":{"rendered":"<p>Decyzja Trybuna\u0142u Konstytucyjnego, zgodnie z kt\u00f3r\u0105 wliczanie oceny z religii do \u015bredniej ocen ucznia w szkole jest zgodne z Konstytucj\u0105, jest zapewne z prawniczego, konstytucyjnego punktu widzenia s\u0142uszna. Nie jestem konstytucjonalist\u0105, ani nawet prawnikiem, \u017ceby polemizowa\u0107 na p\u0142aszczy\u017anie prawnej. Nie b\u0119d\u0119 te\u017c atakowa\u0142 Trybuna\u0142u, gdy\u017c nie robi\u0142em tego r\u00f3wnie\u017c wtedy, kiedy jego decyzje popiera\u0142em. Decyzja [&hellip;]<\/p>\n","protected":false},"author":4,"featured_media":0,"comment_status":"open","ping_status":"open","sticky":false,"template":"","format":"standard","meta":{"footnotes":""},"categories":[1],"tags":[],"_links":{"self":[{"href":"https:\/\/blog.polityka.pl\/passent\/wp-json\/wp\/v2\/posts\/637"}],"collection":[{"href":"https:\/\/blog.polityka.pl\/passent\/wp-json\/wp\/v2\/posts"}],"about":[{"href":"https:\/\/blog.polityka.pl\/passent\/wp-json\/wp\/v2\/types\/post"}],"author":[{"embeddable":true,"href":"https:\/\/blog.polityka.pl\/passent\/wp-json\/wp\/v2\/users\/4"}],"replies":[{"embeddable":true,"href":"https:\/\/blog.polityka.pl\/passent\/wp-json\/wp\/v2\/comments?post=637"}],"version-history":[{"count":0,"href":"https:\/\/blog.polityka.pl\/passent\/wp-json\/wp\/v2\/posts\/637\/revisions"}],"wp:attachment":[{"href":"https:\/\/blog.polityka.pl\/passent\/wp-json\/wp\/v2\/media?parent=637"}],"wp:term":[{"taxonomy":"category","embeddable":true,"href":"https:\/\/blog.polityka.pl\/passent\/wp-json\/wp\/v2\/categories?post=637"},{"taxonomy":"post_tag","embeddable":true,"href":"https:\/\/blog.polityka.pl\/passent\/wp-json\/wp\/v2\/tags?post=637"}],"curies":[{"name":"wp","href":"https:\/\/api.w.org\/{rel}","templated":true}]}}