
{"id":6379,"date":"2020-10-06T13:24:00","date_gmt":"2020-10-06T11:24:00","guid":{"rendered":"https:\/\/passent.blog.polityka.pl\/?p=6379"},"modified":"2020-10-06T15:39:11","modified_gmt":"2020-10-06T13:39:11","slug":"dzieci-z-partia-partia-z-dziecmi","status":"publish","type":"post","link":"https:\/\/blog.polityka.pl\/passent\/2020\/10\/06\/dzieci-z-partia-partia-z-dziecmi\/","title":{"rendered":"Dzieci z parti\u0105 \u2013 partia z dzie\u0107mi"},"content":{"rendered":"\n<p>Rz\u0105dz\u0105ca w Polsce Zjednoczona Prawica rozp\u0119ta\u0142a wojn\u0119 ideologiczn\u0105, kt\u00f3r\u0105 nazywa wojn\u0105 kulturow\u0105, obron\u0105 warto\u015bci i cywilizacji chrze\u015bcija\u0144skiej, a tak\u017ce walk\u0105 o to\u017csamo\u015b\u0107. Polityka kulturalna i historyczna, kt\u00f3ra kosztuje miliardy z\u0142otych, obejmuje filmy i ich pokazy nawet za granic\u0105, festiwale, konkursy, edukacj\u0119, muzea, wystawy, galeria etc. Wszystko to ma s\u0142u\u017cy\u0107 formowaniu nowego cz\u0142owieka: Polaka katolika, konserwatysty, obro\u0144cy tradycyjnie pojmowanej rodziny, nieufnego wobec wszelkich mniejszo\u015bci.<\/p>\n\n\n\n<!--more-->\n\n\n\n<p>Wa\u017cna rol\u0119 w wychowaniu odgrywa szko\u0142a, a w ramach szko\u0142y \u2013 dyrektor, rodzice i kuratorzy wojew\u00f3dzcy. Niekt\u00f3rzy z nich, jak cho\u0107by Barbara Nowak, dali si\u0119 ju\u017c pozna\u0107 jako aktywistki \u201edobrej zmiany\u201d. Jej m\u0105\u017c Ryszard Nowak, dyrektor liceum w Krakowie, da\u0142 si\u0119 pozna\u0107 z wpis\u00f3w o tre\u015bci homofobicznej i antysemickiej. Chyba nie dlatego by\u0142 ekspertem Ministerstwa Edukacji ds. podstawy programowej z\u2026 historii.<\/p>\n\n\n\n<p>Mazowiecka kurator o\u015bwiaty Aurelia Micha\u0142owska nie mog\u0142a pozosta\u0107 w tyle. Organizuje konferencj\u0119 online na temat obrony warto\u015bci. Pierwszym m\u00f3wc\u0105 b\u0119dzie Konstanty Radziwi\u0142\u0142, by\u0142y minister zdrowia, teraz \u2013 zdrowia politycznego. Konferencja adresowana jest do nauczycieli, rodzic\u00f3w, dyrektor\u00f3w szk\u00f3\u0142 wojew\u00f3dztwa mazowieckiego. Jak informuje \u201eWyborcza\u201d (sk\u0105d czerpi\u0119 te wiadomo\u015bci), pierwszym referentem b\u0119dzie dr Tomasz Kopiczko, adiunkt w Katedrze Katechetyki Fundamentalnej, wyk\u0142adowca katechetyki w Wy\u017cszym Seminarium Duchownym w Warszawie, a tak\u017ce rezydent w Parafii Matki Bo\u017cej Wspomo\u017cycielki w Chomicz\u00f3wce. Temat wyst\u0105pienia: \u201eWychowanie do warto\u015bci w nauce Jana Paw\u0142a II\u201d.<\/p>\n\n\n\n<p>Inna prelegentka, Dorota Bojemska, matka o\u015bmiorga dzieci i przewodnicz\u0105ca Zwi\u0105zku Du\u017cych Rodzin Trzy Plus, kandydatka PiS w wyborach do Sejmu, chce by\u0107 rzeczniczk\u0105 rodzin, kt\u00f3re pragn\u0105 uchroni\u0107 dzieci przez LGBT. &#8222;Szko\u0142y wolne od LGBT to kluczowe wezwanie dla mnie \u2013 m\u00f3wi&#8221;. Bojemska pracuje nad projektem ustawy, kt\u00f3ra pozwoli\u0142aby kara\u0107 finansowo organizacje prowadz\u0105ce zaj\u0119cia z seksualno\u015bci dzieci bez uprzedniego pisemnego powiadomienia rodzic\u00f3w.<\/p>\n\n\n\n<p>Kolejnym prelegentem (jak pisze Ma\u0142gorzata Zubik w \u201eSto\u0142ecznej\u201d) ma by\u0107 Cezary Jurkiewicz, pierwszy prezes i cz\u0142onek zarz\u0105du Polskiej Fundacji Narodowej, powo\u0142anej za czasu rz\u0105du Beaty Szyd\u0142o (bud\u017cet 100 mln od sp\u00f3\u0142ek skarbu pa\u0144stwa) z troski o wizerunek kraju. Informacja o konferencji pomija fakt, \u017ce prelegent jest szefem Klubu PiS w Radzie Warszawy i ojcem o\u015bmiorga dzieci \u2013 pisze Ma\u0142gorzata Zubis.<\/p>\n\n\n\n<p>Partyjno-o\u015bwiatowa konferencja na skal\u0119 wojew\u00f3dzk\u0105 nie jest drobnym wydarzeniem. \u201ePierwszy raz stykam si\u0119 z tak\u0105 mas\u00f3wk\u0105. Konferencja jeszcze bardziej podzieli ludzi i zaogni sp\u00f3r wok\u00f3\u0142 o\u015bwiaty\u201d \u2013 m\u00f3wi jeden z dyrektor\u00f3w szk\u00f3\u0142, ale anonimowo. Nie ka\u017cdy chce podpa\u015b\u0107 pani kurator i szerzej \u2013 w\u0142adzom o\u015bwiatowym, partyjnym i administracyjnym. Szko\u0142a, kt\u00f3ra bywa aren\u0105 konfliktu (lekcje etyki, katecheza, rekolekcje w czasie przewidzianym na nauk\u0119), stanie si\u0119 ni\u0105 jeszcze bardziej. Postara si\u0119 o to nowy minister edukacji narodowej i nauki (kt\u00f3remu \u017cyczymy powrotu do zdrowia). Wychowanie ku warto\u015bciom musi rozpoczyna\u0107 si\u0119 jak najwcze\u015bniej i trwa\u0107 &#8211; od przedszkola do matury, a nawet jeszcze dalej.<\/p>\n\n\n\n<p>Kuratorzy, kt\u00f3rzy w przesz\u0142o\u015bci nie zajmowali si\u0119 polityk\u0105, ucz\u0105 si\u0119 ju\u017c nowej roli. Niekt\u00f3rzy z\u0142apali nowy wiatr. Jak pokaza\u0142y czasy minione \u2013 nie jest to takie trudne. Nawet dziecko si\u0119 nauczy.<\/p>\n","protected":false},"excerpt":{"rendered":"<p>Rz\u0105dz\u0105ca w Polsce Zjednoczona Prawica rozp\u0119ta\u0142a wojn\u0119 ideologiczn\u0105, kt\u00f3r\u0105 nazywa wojn\u0105 kulturow\u0105, obron\u0105 warto\u015bci i cywilizacji chrze\u015bcija\u0144skiej, a tak\u017ce walk\u0105 o to\u017csamo\u015b\u0107. Polityka kulturalna i historyczna, kt\u00f3ra kosztuje miliardy z\u0142otych, obejmuje filmy i ich pokazy nawet za granic\u0105, festiwale, konkursy, edukacj\u0119, muzea, wystawy, galeria etc. Wszystko to ma s\u0142u\u017cy\u0107 formowaniu nowego cz\u0142owieka: Polaka katolika, konserwatysty, [&hellip;]<\/p>\n","protected":false},"author":4,"featured_media":6383,"comment_status":"open","ping_status":"closed","sticky":false,"template":"","format":"standard","meta":{"footnotes":""},"categories":[1],"tags":[],"_links":{"self":[{"href":"https:\/\/blog.polityka.pl\/passent\/wp-json\/wp\/v2\/posts\/6379"}],"collection":[{"href":"https:\/\/blog.polityka.pl\/passent\/wp-json\/wp\/v2\/posts"}],"about":[{"href":"https:\/\/blog.polityka.pl\/passent\/wp-json\/wp\/v2\/types\/post"}],"author":[{"embeddable":true,"href":"https:\/\/blog.polityka.pl\/passent\/wp-json\/wp\/v2\/users\/4"}],"replies":[{"embeddable":true,"href":"https:\/\/blog.polityka.pl\/passent\/wp-json\/wp\/v2\/comments?post=6379"}],"version-history":[{"count":4,"href":"https:\/\/blog.polityka.pl\/passent\/wp-json\/wp\/v2\/posts\/6379\/revisions"}],"predecessor-version":[{"id":6385,"href":"https:\/\/blog.polityka.pl\/passent\/wp-json\/wp\/v2\/posts\/6379\/revisions\/6385"}],"wp:featuredmedia":[{"embeddable":true,"href":"https:\/\/blog.polityka.pl\/passent\/wp-json\/wp\/v2\/media\/6383"}],"wp:attachment":[{"href":"https:\/\/blog.polityka.pl\/passent\/wp-json\/wp\/v2\/media?parent=6379"}],"wp:term":[{"taxonomy":"category","embeddable":true,"href":"https:\/\/blog.polityka.pl\/passent\/wp-json\/wp\/v2\/categories?post=6379"},{"taxonomy":"post_tag","embeddable":true,"href":"https:\/\/blog.polityka.pl\/passent\/wp-json\/wp\/v2\/tags?post=6379"}],"curies":[{"name":"wp","href":"https:\/\/api.w.org\/{rel}","templated":true}]}}