
{"id":6386,"date":"2020-10-12T20:03:33","date_gmt":"2020-10-12T18:03:33","guid":{"rendered":"https:\/\/passent.blog.polityka.pl\/?p=6386"},"modified":"2020-10-12T20:56:23","modified_gmt":"2020-10-12T18:56:23","slug":"laska-panstwa","status":"publish","type":"post","link":"https:\/\/blog.polityka.pl\/passent\/2020\/10\/12\/laska-panstwa\/","title":{"rendered":"\u0141aska Pa\u0144stwa"},"content":{"rendered":"\n<p>Joachim Brudzi\u0144ski, \u201ena ten moment\u201d europose\u0142, ale w przesz\u0142o\u015bci minister spraw wewn\u0119trznych, a zawsze kompan Kaczy\u0144skiego na wakacjach, oburzy\u0142 si\u0119, \u017ce arty\u015bci szydz\u0105 i kpi\u0105 z w\u0142adzy, a potem zwracaj\u0105 si\u0119 do tej w\u0142adzy o pomoc. Jak im nie wstyd!<\/p>\n\n\n\n<!--more-->\n\n\n\n<p>\u201e\u017benuj\u0105ca jest ta paskudna hipokryzja tych, kt\u00f3rzy dzi\u015b kpi\u0105 i szydz\u0105, a jutro pochlipuj\u0105 i prosz\u0105 o pomoc\u201d \u2013 tymi s\u0142owami europose\u0142 skomentowa\u0142 s\u0142owa artyst\u00f3w, kt\u00f3rzy na \u0142amach Onetu opowiedzieli, jak nowe obostrzenia w zwi\u0105zku z wprowadzeniem w ca\u0142ym kraju strefy \u017c\u00f3\u0142tej zmieni\u0105 sytuacj\u0119 instytucji kultury.<\/p>\n\n\n\n<p>&#8222;Nier\u00f3wne traktowanie teatr\u00f3w i kin \u2013 og\u00f3lnie miejsc kultury \u2013 z komunikacj\u0105 miejsk\u0105, ko\u015bcio\u0142ami, \u015blubami i weselami to jest rzecz dla mnie absolutnie niezrozumia\u0142a&#8221; &#8211; powiedzia\u0142a w rozmowie z Onetem Krystyna Janda, prezes fundacji prowadz\u0105cej Och Teatr i Teatr Polonia.<\/p>\n\n\n\n<p>Grzegorz Jarzyna nazwa\u0142 kolejne obostrzenia absurdem, a re\u017cyser Eugeniusz Korin wspomina\u0142 o skraju bankructwa. &#8222;To wszystkich przerasta. Dlaczego nasz rz\u0105d nie wprowadzi\u0142 stanu wyj\u0105tkowego? Teraz jest gorzej ni\u017c na wojnie&#8221; \u2013 m\u00f3wi (to chyba gruba przesada, pan chyba wojny nie zazna\u0142). &#8222;Na wojnie wiadomo, co mo\u017cna zrobi\u0107, \u017ceby wygra\u0107. A teraz?&#8221; \u2013 pyta re\u017cyser. Wszyscy jeste\u015bmy na skraju bankructwa, wszystkie firmy prywatne zale\u017cne od publiczno\u015bci.<\/p>\n\n\n\n<p>Wypowiedzi artyst\u00f3w wy\u015bmia\u0142 europose\u0142 Brudzi\u0144ski znany z dobrego smaku i poczucia humoru (\u201ekomuni\u015bci i z\u0142odzieje\u201d). \u201ePami\u0119tam, jak pani Janda podekscytowana i szcz\u0119\u015bliwa roztkliwia\u0142a si\u0119 nad okupuj\u0105cymi Sejm zmartwychwsta\u0142ymi Diduszkami, pami\u0119tam aktor\u00f3w i re\u017cyser\u00f3w u boku wojownika o demokracj\u0119 Kijowskiego. Dzi\u015b wyci\u0105gaj\u0105 r\u0119k\u0119 do faszyst\u00f3w\u201d \u2013 pisze Brudzi\u0144ski.<\/p>\n\n\n\n<p>\u201eDzi\u015b ci, kt\u00f3rzy gwizdali i buczeli podczas wydarze\u0144 artystycznych, gdy na scen\u0119 wychodzili przedstawiciele MKiDN, prosz\u0105 o pomoc i ratunek rz\u0105d, kt\u00f3remu odmawiali demokratycznej legitymizacji. Przez lata m\u00f3wili: To nie jest nasz rz\u0105d. Dzi\u015b m\u00f3wi\u0105: To s\u0105 nasze pieni\u0105dze. Dzi\u015b m\u00f3wi\u0105: To nasze podatki, rz\u0105d i wyszydzane przez nas MKiDN musz\u0105 nam pom\u00f3c, bo <em>wielcy arty\u015bci<\/em> bez ich pomocy zginiemy marnie&#8221;.<\/p>\n\n\n\n<p>\u201eMacie racj\u0119 \u2013 kontynuuje Brudzi\u0144ski &#8211; gdy m\u00f3wicie, \u017ce rz\u0105d \u0142aski nie robi, gdy pomaga dzi\u015b teatrom czy innym instytucjom kultury. Oczywiste jest, \u017ce ten rz\u0105d i ten minister takiej pomocy udziel\u0105, ale \u017cenuj\u0105ca jest ta paskudna hipokryzja tych, kt\u00f3rzy dzi\u015b kpi\u0105 i szydz\u0105, a jutro pochlipuj\u0105 i prosz\u0105 o pomoc\u201d \u2013 ko\u0144czy Brudzi\u0144ski.<\/p>\n\n\n\n<p>Panie Deputowany: a do kogo maj\u0105 si\u0119 instytucje kultury zwr\u00f3ci\u0107? Mamy w Polsce jeden rz\u0105d, mo\u017ce nam si\u0119 podoba\u0107 albo nie, mo\u017ce i wywo\u0142uje z\u0142e skojarzenia historyczne, ale innego nie ma. Jednym z zada\u0144 tego rz\u0105du jest rozw\u00f3j kultury i sztuki. Mamy w Polsce jeden bud\u017cet \u2013 dysponuje nim rz\u0105d. Ten rz\u0105d mo\u017ce nam si\u0119 nie podoba\u0107, w tym sensie mo\u017ce \u201enie by\u0107 nasz\u201d, ale taki mamy system, \u017ce instytucje kultury podlegaj\u0105 rz\u0105dowi i samorz\u0105dowi. S\u0105 kraje, np. Stany Zjednoczone, gdzie nie ma ministerstwa kultury, instytucje kultury s\u0105 finansowane na r\u00f3\u017cne sposoby. Tam rz\u0105dy nie buduj\u0105 lotnisk, nie przekopuj\u0105 mierzei i nie stawiaj\u0105 w ka\u017cdej gminie maszt\u00f3w (robi\u0105 to ch\u0119tnie obywatele). Trudno sobie wyobrazi\u0107, \u017ceby wiceprezydent Pence zajmowa\u0142 si\u0119 obsadzaniem galerii sztuki, dop\u0142acaniem do film\u00f3w o bohaterskich \u017co\u0142nierzach US Army w Wietnamie czy re\u017cyserowaniem tajnych operacji CIA pod p\u0142aszczykiem Kongresu Wolno\u015bci Kultury.<\/p>\n\n\n\n<p>Podsumowuj\u0105c, w Polsce pa\u0144stwo jest g\u0142\u00f3wnym (acz nie jedynym) mecenasem kultury. Pa\u0144stwo zbiera podatki, dop\u0142aca do niezliczonych instytucji kultury, a wicepremier decyduje, kto dostanie pieni\u0105dze, kto mu si\u0119 nie narazi\u0142, kto pokieruje Muzeum Narodowym, muzeum Polin, galeri\u0105 w Poznaniu, Centrum Sztuki Wsp\u00f3\u0142czesnej w stolicy, kto jest wystarczaj\u0105co prawicowy, \u017ceby go nagrodzi\u0107, a kto lewicowy &#8211; do odstrza\u0142u, kto broni dobrego imienia, a kto je szkaluje, a za tym idzie kasa itd. itp. Podobnie jest z policj\u0105 czy prokuratur\u0105: mo\u017cemy na nich gwizda\u0107 i mo\u017cemy mie\u0107 racj\u0119, ale je\u017celi jeste\u015bmy \u015bwiadkami przest\u0119pstwa czy wypadku \u2013 kogo zawiadomimy, je\u015bli nie ich?<\/p>\n\n\n\n<p>Kr\u00f3tko m\u00f3wi\u0105c: wygrali\u015bcie wybory, zaw\u0142aszczyli\u015bcie pa\u0144stwo, jeszcze&nbsp; chcecie ukara\u0107 tych, kt\u00f3rzy przyjmuj\u0105 subsydia i inwestycje (np. w mediach) z zagranicy, wi\u0119c nie ma nic dziwnego w tym, \u017ce polscy arty\u015bci i dzia\u0142acze kultury zwracaj\u0105 si\u0119 po wsparcie do instytucji pa\u0144stwa polskiego. Wszak rz\u0105d nie dzieli swoich prywatnych pieni\u0119dzy, mimo \u017ce pani Iwona Morawiecka mog\u0142aby wesprze\u0107 niez\u0142y kabaret, a i zarobki eurodeputowanych na to pozwalaj\u0105. Gdybym prowadzi\u0142 instytucj\u0119 kultury, przyj\u0105\u0142bym wsparcie nawet od diab\u0142a. Czasem trzeba wyci\u0105gn\u0105\u0107 r\u0119k\u0119, a drug\u0105 zatka\u0107 nos.<\/p>\n","protected":false},"excerpt":{"rendered":"<p>Joachim Brudzi\u0144ski, \u201ena ten moment\u201d europose\u0142, ale w przesz\u0142o\u015bci minister spraw wewn\u0119trznych, a zawsze kompan Kaczy\u0144skiego na wakacjach, oburzy\u0142 si\u0119, \u017ce arty\u015bci szydz\u0105 i kpi\u0105 z w\u0142adzy, a potem zwracaj\u0105 si\u0119 do tej w\u0142adzy o pomoc. Jak im nie wstyd!<\/p>\n","protected":false},"author":4,"featured_media":6392,"comment_status":"open","ping_status":"closed","sticky":false,"template":"","format":"standard","meta":{"footnotes":""},"categories":[1],"tags":[],"_links":{"self":[{"href":"https:\/\/blog.polityka.pl\/passent\/wp-json\/wp\/v2\/posts\/6386"}],"collection":[{"href":"https:\/\/blog.polityka.pl\/passent\/wp-json\/wp\/v2\/posts"}],"about":[{"href":"https:\/\/blog.polityka.pl\/passent\/wp-json\/wp\/v2\/types\/post"}],"author":[{"embeddable":true,"href":"https:\/\/blog.polityka.pl\/passent\/wp-json\/wp\/v2\/users\/4"}],"replies":[{"embeddable":true,"href":"https:\/\/blog.polityka.pl\/passent\/wp-json\/wp\/v2\/comments?post=6386"}],"version-history":[{"count":6,"href":"https:\/\/blog.polityka.pl\/passent\/wp-json\/wp\/v2\/posts\/6386\/revisions"}],"predecessor-version":[{"id":6393,"href":"https:\/\/blog.polityka.pl\/passent\/wp-json\/wp\/v2\/posts\/6386\/revisions\/6393"}],"wp:featuredmedia":[{"embeddable":true,"href":"https:\/\/blog.polityka.pl\/passent\/wp-json\/wp\/v2\/media\/6392"}],"wp:attachment":[{"href":"https:\/\/blog.polityka.pl\/passent\/wp-json\/wp\/v2\/media?parent=6386"}],"wp:term":[{"taxonomy":"category","embeddable":true,"href":"https:\/\/blog.polityka.pl\/passent\/wp-json\/wp\/v2\/categories?post=6386"},{"taxonomy":"post_tag","embeddable":true,"href":"https:\/\/blog.polityka.pl\/passent\/wp-json\/wp\/v2\/tags?post=6386"}],"curies":[{"name":"wp","href":"https:\/\/api.w.org\/{rel}","templated":true}]}}