
{"id":6397,"date":"2020-10-17T23:06:44","date_gmt":"2020-10-17T21:06:44","guid":{"rendered":"https:\/\/passent.blog.polityka.pl\/?p=6397"},"modified":"2020-10-25T13:40:13","modified_gmt":"2020-10-25T12:40:13","slug":"bankomat-prezesa","status":"publish","type":"post","link":"https:\/\/blog.polityka.pl\/passent\/2020\/10\/17\/bankomat-prezesa\/","title":{"rendered":"Bankomat Prezesa"},"content":{"rendered":"\n<p>Polska jest zagro\u017cona. Na Wschodzie \u2013 wiadomo, Rosja. Szkoda gada\u0107. Prezydent, Prezes, kolejni ministrowie spraw zagranicznych \u201ena odcinku Rosji\u201d niczego nie wymy\u015blili, boj\u0105 si\u0119 jeden drugiego, wi\u0119c trwamy w bezruchu.<\/p>\n\n\n\n<!--more-->\n\n\n\n<p>Gorzej, \u017ce przybiera na sile zagro\u017cenie z Zachodu, do kt\u00f3rego podobno nale\u017cymy. \u201eRo\u015bnie ingerencja w nasze sprawy, coraz wi\u0119cej kluczowych dla nas decyzji podejmowanych jest w Brukseli, Pary\u017cu i Berlinie\u201d \u2013 pisze prof. Zdzis\u0142aw Krasnod\u0119bski. I dalej: \u201eLiberalizm polityczny, oficjalna doktryna Unii, zak\u0142adaj\u0105ca \u00bbpodzia\u0142 w\u0142adzy\u00ab, prowadzi w krajach peryferyjnych do otwarcia kana\u0142\u00f3w postkolonialnego wp\u0142ywu \u2013 przez media, organizacje pozarz\u0105dowe, samorz\u0105dy, podmioty gospodarcze, wspierane z zewn\u0105trz organizacje i ugrupowania polityczne\u201d.<\/p>\n\n\n\n<p>Tyle Krasnod\u0119bski. Samorz\u0105dy, wolne media, trzeci sektor \u2013 wszystko, co uwa\u017camy z ostoj\u0119 demokracji, okazuje si\u0119 zagro\u017ceniem. To wszystko kana\u0142y, kt\u00f3rymi Zach\u00f3d s\u0105czy do Polski jad liberalizmu. Nasi wrogowie wspieraj\u0105 z zewn\u0105trz rozmaite organizacje. Tylko patrze\u0107, jak wzorem Rosji ka\u017cda organizacja, fundacja, stowarzyszenie, kt\u00f3re otrzymuje wsparcie z zagranicy, b\u0119dzie musia\u0142o rejestrowa\u0107 si\u0119 w spisie obcych agent\u00f3w. To wsparcie to nic innego jak znana nam z PRL \u201edywersja ideologiczna\u201d. Atak na nasze warto\u015bci chrze\u015bcija\u0144skie i wszelkie inne \u2013 tym razem atak z Zachodu.<\/p>\n\n\n\n<p>Bardziej dosadnie powiedzia\u0142 to prezes Kaczy\u0144ski w wywiadzie dla \u201eGazety Polskiej\u201d (m\u00f3wi\u0142 ju\u017c o tym w TOK FM prof. W\u0142adyka). \u201eMamy do czynienia z pr\u00f3b\u0105 odebrania nam suwerenno\u015bci nawet w sferze kultury\u201d \u2013 m\u00f3wi Kaczy\u0144ski. Jest gorzej ni\u017c w PRL. Wtedy kraj by\u0142 podporz\u0105dkowany Moskwie, ale uda\u0142o si\u0119 ocali\u0107 oazy wolno\u015bci, pewn\u0105 oddzielno\u015b\u0107 &#8211; indywidualne rolnictwo i Ko\u015bci\u00f3\u0142 katolicki. Dzisiaj jest gorzej. Instytucje Unii Europejskiej, jej przer\u00f3\u017cni urz\u0119dnicy, jacy\u015b politycy, kt\u00f3rych Polacy nigdy nigdzie nie wybierali, \u017c\u0105daj\u0105 od nas, by\u015bmy zweryfikowali ca\u0142\u0105 nasz\u0105 kultur\u0119, odrzucili wszystko, co dla nas arcywa\u017cne, bo im si\u0119 tak podoba. Przecie\u017c \u017cadnego innego uzasadnienia nie ma. B\u0119dziemy bronili naszej to\u017csamo\u015bci, naszej wolno\u015bci, suwerenno\u015bci za wszelk\u0105 cen\u0119. Nie damy si\u0119 terroryzowa\u0107 pieni\u0119dzmi. Nasza odpowied\u017a na te dzia\u0142ania brzmi: \u201enie\u201d. Jeste\u015bmy po dobrej stronie historii. Je\u015bli gro\u017aby i szanta\u017ce b\u0119d\u0105 utrzymane, to weto, <em>non possumus<\/em>.<\/p>\n\n\n\n<p>Tyle, a\u017c tyle, prezes Kaczy\u0144ski. Europa to dla niego bankomat. \u017badnej wsp\u00f3lnoty warto\u015bci. Pod jego przewodem Polska jest coraz bardziej osamotniona. Coraz bardziej dryfuje pomi\u0119dzy Rosj\u0105 a Europ\u0105. Traci przyjaci\u00f3\u0142 &#8211; zyskuje wrog\u00f3w. Kaczy\u0144skiemu wyra\u017anie marzy si\u0119 rola obro\u0144cy Zachodu przed Wschodem i przed Zachodem. Wobec Rosji, wobec Wschodu, jeste\u015bmy ostoj\u0105 demokracji, przedmurzem cywilizacji chrze\u015bcija\u0144skiej. Wobec zgni\u0142ego Zachodu \u2013 podobnie, chcemy by\u0107 obro\u0144cami naszych warto\u015bci, cywilizacji judeochrze\u015bcija\u0144skiej. Pogardliwy ton wobec jakich\u015b polityk\u00f3w, unijnych urz\u0119dnik\u00f3w \u015bwiadczy o pogardzie Kaczy\u0144skiego dla Unii. W dniach szczytu w Brukseli i w obliczu negocjacji bud\u017cetowych Kaczy\u0144ski naci\u0105ga strun\u0119, pr\u0119\u017cy musku\u0142y, ale pod jego kierownictwem Polska z Unii nie wyjdzie. Tego ludzie nie chc\u0105. Prezes zbyt dobrze umie liczy\u0107.<\/p>\n\n\n\n<p>Chce natomiast podporz\u0105dkowa\u0107 sobie ca\u0142y ob\u00f3z konserwatywny w Polsce PiS, Solidarn\u0105 Polsk\u0119, Porozumienie, Konfederacj\u0119, a ponadto przelicytowa\u0107 Zbigniewa Ziobr\u0119 w roli niez\u0142omnego przyw\u00f3dcy. Jedno i drugie b\u0119dzie trudne, poniewa\u017c Ziobro ju\u017c otoczy\u0142 si\u0119 grup\u0105 m\u0142odych, zdolnych, bezwzgl\u0119dnych podoficer\u00f3w. Podobnie jak dzia\u0142acze Konfederacji maj\u0105 oni co\u015b, czego Kaczy\u0144ski nie ma &#8211; przywilej p\u00f3\u017anego urodzenia.<\/p>\n","protected":false},"excerpt":{"rendered":"<p>Polska jest zagro\u017cona. Na Wschodzie \u2013 wiadomo, Rosja. Szkoda gada\u0107. Prezydent, Prezes, kolejni ministrowie spraw zagranicznych \u201ena odcinku Rosji\u201d niczego nie wymy\u015blili, boj\u0105 si\u0119 jeden drugiego, wi\u0119c trwamy w bezruchu.<\/p>\n","protected":false},"author":4,"featured_media":6404,"comment_status":"open","ping_status":"closed","sticky":false,"template":"","format":"standard","meta":{"footnotes":""},"categories":[1],"tags":[],"_links":{"self":[{"href":"https:\/\/blog.polityka.pl\/passent\/wp-json\/wp\/v2\/posts\/6397"}],"collection":[{"href":"https:\/\/blog.polityka.pl\/passent\/wp-json\/wp\/v2\/posts"}],"about":[{"href":"https:\/\/blog.polityka.pl\/passent\/wp-json\/wp\/v2\/types\/post"}],"author":[{"embeddable":true,"href":"https:\/\/blog.polityka.pl\/passent\/wp-json\/wp\/v2\/users\/4"}],"replies":[{"embeddable":true,"href":"https:\/\/blog.polityka.pl\/passent\/wp-json\/wp\/v2\/comments?post=6397"}],"version-history":[{"count":7,"href":"https:\/\/blog.polityka.pl\/passent\/wp-json\/wp\/v2\/posts\/6397\/revisions"}],"predecessor-version":[{"id":6435,"href":"https:\/\/blog.polityka.pl\/passent\/wp-json\/wp\/v2\/posts\/6397\/revisions\/6435"}],"wp:featuredmedia":[{"embeddable":true,"href":"https:\/\/blog.polityka.pl\/passent\/wp-json\/wp\/v2\/media\/6404"}],"wp:attachment":[{"href":"https:\/\/blog.polityka.pl\/passent\/wp-json\/wp\/v2\/media?parent=6397"}],"wp:term":[{"taxonomy":"category","embeddable":true,"href":"https:\/\/blog.polityka.pl\/passent\/wp-json\/wp\/v2\/categories?post=6397"},{"taxonomy":"post_tag","embeddable":true,"href":"https:\/\/blog.polityka.pl\/passent\/wp-json\/wp\/v2\/tags?post=6397"}],"curies":[{"name":"wp","href":"https:\/\/api.w.org\/{rel}","templated":true}]}}