
{"id":6419,"date":"2020-10-22T23:12:13","date_gmt":"2020-10-22T21:12:13","guid":{"rendered":"https:\/\/passent.blog.polityka.pl\/?p=6419"},"modified":"2020-10-25T13:32:14","modified_gmt":"2020-10-25T12:32:14","slug":"czarny-czwartek","status":"publish","type":"post","link":"https:\/\/blog.polityka.pl\/passent\/2020\/10\/22\/czarny-czwartek\/","title":{"rendered":"Czarny czwartek. Polska Iranem Europy"},"content":{"rendered":"\n<p>Od pewnego czasu ka\u017cdy czwartek (i inne dni tygodnia) jest czarny, ale ten dzisiejszy to ju\u017c czarna dziura. Trybuna\u0142 Konstytucyjny, a w\u0142a\u015bciwie jego namiastka z pp. Przy\u0142\u0119bsk\u0105, Piotrowiczem i Paw\u0142owicz, zamkn\u0105\u0142 ju\u017c ostatni\u0105 furtk\u0119 do legalnego przerwania ci\u0105\u017cy.<\/p>\n\n\n\n<!--more-->\n\n\n\n<p>Perfidnie sta\u0142o si\u0119 to w czasie epidemii, kiedy zgromadzenia s\u0105 zabronione. W ten spos\u00f3b zako\u0144czy si\u0119 trwaj\u0105cy 27 lat pseudokompromis aborcyjny (z powodu nieuleczalnej choroby p\u0142odu albo choroby zagra\u017caj\u0105cej \u017cyciu matki). Nie by\u0142 to \u017caden kompromis, ale zawsze co\u015b.<\/p>\n\n\n\n<p>Zakaz w\u0142a\u015bciwie wszelkich aborcji oznacza sukces radykalnej prawicy, Ziobro i inni musz\u0105 by\u0107 zadowoleni. Polska skr\u0119ca coraz bardziej w prawo. Ziobro coraz silniejszy, Kaczy\u0144ski nie ma ju\u017c tej w\u0142adzy co dawniej. To tak\u017ce kolejne ust\u0119pstwa wobec Ko\u015bcio\u0142a, kt\u00f3ry nie mo\u017ce si\u0119 upora\u0107 z w\u0142asnymi problemami (na czele z pedofili\u0105 i kryciem winnych), ale w\u0142adza je mu z r\u0119ki, p\u0142aci i liczy na jego wsparcie. Jak trafnie napisa\u0142 Jerzy Haszczy\u0144ski w \u201eRz\u201d: Polska Iranem Europy.<\/p>\n\n\n\n<p>Wie\u015bci z frontu walki z covid-19 s\u0105 tragiczne. Pandemia szaleje. Liczba zaka\u017conych i zmar\u0142ych ro\u015bnie dramatycznie. Co prawda nie powinno si\u0119 za wszystko wini\u0107 rz\u0105du, poniewa\u017c jest to kl\u0119ska na skal\u0119 \u015bwiatow\u0105, ALE rz\u0105d od pocz\u0105tku lekcewa\u017cy\u0142 groz\u0119 sytuacji, premier latem og\u0142asza\u0142 zwyci\u0119stwo i zach\u0119ca\u0142 senior\u00f3w, by\u015bmy szli do wybor\u00f3w (w domy\u015ble g\u0142osowa\u0107 na PiS). Zakupy na \u0142apu-capu nieu\u017cytecznych maseczek w Chinach, respirator\u00f3w u znajomego w Zakopanem etc. zdradzaj\u0105 daleko id\u0105c\u0105 niekompetencj\u0119, zagadywan\u0105 przez z\u0142otoustego premiera Morawieckiego.<\/p>\n\n\n\n<p>Kolejnym przyk\u0142adem partaniny jest brak szczepionki przeciw grypie, o kt\u00f3rej to (szczepionce) s\u0142yszymy od miesi\u0119cy, \u017ce jest tu\u017c-tu\u017c, jak ten statek z cytrusami, kt\u00f3ry mia\u0142 wp\u0142ywa\u0107 do port\u00f3w PRL przed \u015bwi\u0119tami. Rz\u0105d t\u0142umaczy si\u0119, \u017ce w latach minionych szczepi\u0142o si\u0119 zaledwie kilka procent mieszka\u0144c\u00f3w, w tym roku zam\u00f3wiono wi\u0119cej szczepionek, ale daleko nie do\u015b\u0107. A przecie\u017c wystarczy rozejrze\u0107 si\u0119 za granic\u0105 (w Niemczech na pewno), by zobaczy\u0107 szczepionk\u0119 w aptekach. Gdyby\u017c chocia\u017c ten premier Morawiecki uderzy\u0142 si\u0119 kiedy\u015b w piersi i wyst\u0119ka\u0142 przeprosiny, ale niedoczekanie nasze.<\/p>\n\n\n\n<p>Ka\u017cdego dnia chwali siebie i rz\u0105d, coraz wi\u0119cej jest \u0142\u00f3\u017cek i respirator\u00f3w, a tymczasem chorzy walcz\u0105 o \u017cycie w karetkach, przed kt\u00f3rymi zamykaj\u0105 si\u0119 kolejne bramy. W\u0142adza miota si\u0119 od \u015bciany do \u015bciany. Wczoraj wicepremier Sasin narzeka\u0142 na cz\u0119\u015b\u0107 lekarzy, \u017ce nie garn\u0105 si\u0119 do pracy, a dzisiaj rz\u0105d zapowiada podwy\u017ck\u0119 wynagrodze\u0144 dla wszystkich pracownik\u00f3w, kt\u00f3rzy walcz\u0105 z epidemi\u0105. Rz\u0105d wzywa do solidarno\u015bci, ale sam odrzuca poprawki opozycji do kolejnych projekt\u00f3w ustaw, zg\u0142aszanych na zasadzie \u201elast minute\u201d, byle pr\u0119dzej, byle szybciej, a gdy opozycja sk\u0142ada poprawki, to znaczy, \u017ce \u201esabotuje walk\u0119 z epidemi\u0105\u201d.<\/p>\n\n\n\n<p>O \u017cadnej \u201esolidarno\u015bci\u201d nie ma mowy, kiedy chodzi o krytyk\u00f3w rz\u0105du. Znany i ceniony epidemiolog dr Pawe\u0142 Grzesiowski, wsp\u00f3\u0142pracuj\u0105cy z Centrum Medycznego Kszta\u0142cenia Podyplomowego w Warszawie, nie b\u0119dzie mia\u0142 przed\u0142u\u017conej umowy, poniewa\u017c o\u015bmieli\u0142 si\u0119 wypowiada\u0107 krytycznie o polityce rz\u0105du wzgl\u0119dem pandemii. Lekarze, i nie tylko oni, media tak\u017ce, s\u0105 szanta\u017cowani \u2013 albo w tych trudnych czasach schlebiasz w\u0142adzy, albo nie jeste\u015b patriot\u0105.<\/p>\n\n\n\n<p>I to by by\u0142o na tyle, jak mawia\u0142 Jan Tadeusz Stanis\u0142awski. Dzisiaj \u2013 czarny pi\u0105tek. Kardyna\u0142 Dziwisz kr\u0119ci, prokuraturze nie uda\u0142o si\u0119 przy\u0142apa\u0107 Giertycha, Krauzego i innych, s\u0119dzia Beata Morawiec pozbawiona immunitetu, ambasador Przy\u0142\u0119bski stawia Niemcy do pionu, a jego ma\u0142\u017conka gotuje obiadek dla prezesa z okazji sukcesu aborcyjnego w Trybunale Konstytucyjnym.<\/p>\n","protected":false},"excerpt":{"rendered":"<p>Od pewnego czasu ka\u017cdy czwartek (i inne dni tygodnia) jest czarny, ale ten dzisiejszy to ju\u017c czarna dziura. Trybuna\u0142 Konstytucyjny, a w\u0142a\u015bciwie jego namiastka z pp. Przy\u0142\u0119bsk\u0105, Piotrowiczem i Paw\u0142owicz, zamkn\u0105\u0142 ju\u017c ostatni\u0105 furtk\u0119 do legalnego przerwania ci\u0105\u017cy.<\/p>\n","protected":false},"author":4,"featured_media":6422,"comment_status":"open","ping_status":"closed","sticky":false,"template":"","format":"standard","meta":{"footnotes":""},"categories":[1],"tags":[],"_links":{"self":[{"href":"https:\/\/blog.polityka.pl\/passent\/wp-json\/wp\/v2\/posts\/6419"}],"collection":[{"href":"https:\/\/blog.polityka.pl\/passent\/wp-json\/wp\/v2\/posts"}],"about":[{"href":"https:\/\/blog.polityka.pl\/passent\/wp-json\/wp\/v2\/types\/post"}],"author":[{"embeddable":true,"href":"https:\/\/blog.polityka.pl\/passent\/wp-json\/wp\/v2\/users\/4"}],"replies":[{"embeddable":true,"href":"https:\/\/blog.polityka.pl\/passent\/wp-json\/wp\/v2\/comments?post=6419"}],"version-history":[{"count":9,"href":"https:\/\/blog.polityka.pl\/passent\/wp-json\/wp\/v2\/posts\/6419\/revisions"}],"predecessor-version":[{"id":6431,"href":"https:\/\/blog.polityka.pl\/passent\/wp-json\/wp\/v2\/posts\/6419\/revisions\/6431"}],"wp:featuredmedia":[{"embeddable":true,"href":"https:\/\/blog.polityka.pl\/passent\/wp-json\/wp\/v2\/media\/6422"}],"wp:attachment":[{"href":"https:\/\/blog.polityka.pl\/passent\/wp-json\/wp\/v2\/media?parent=6419"}],"wp:term":[{"taxonomy":"category","embeddable":true,"href":"https:\/\/blog.polityka.pl\/passent\/wp-json\/wp\/v2\/categories?post=6419"},{"taxonomy":"post_tag","embeddable":true,"href":"https:\/\/blog.polityka.pl\/passent\/wp-json\/wp\/v2\/tags?post=6419"}],"curies":[{"name":"wp","href":"https:\/\/api.w.org\/{rel}","templated":true}]}}