
{"id":643,"date":"2009-12-23T00:01:57","date_gmt":"2009-12-22T23:01:57","guid":{"rendered":"http:\/\/passent.blog.polityka.pl\/?p=643"},"modified":"2009-12-23T12:19:55","modified_gmt":"2009-12-23T11:19:55","slug":"saakaszwili-boj-sie-boga","status":"publish","type":"post","link":"https:\/\/blog.polityka.pl\/passent\/2009\/12\/23\/saakaszwili-boj-sie-boga\/","title":{"rendered":"Saakaszwili, b\u00f3j si\u0119 Boga!"},"content":{"rendered":"<p><strong>Od czasu do czasu pojawiaj\u0105 si\u0119 na blogu pretensje, \u017ce nie pisz\u0119 o sprawach wa\u017cnych. Nie obiecuj\u0119 poprawy. Je\u015bli wag\u0119 spraw mierzy\u0107 ilo\u015bci\u0105 miejsca i s\u0142\u00f3w po\u015bwi\u0119conych im przez media, to w ostatnich dniach najwa\u017cniejsze by\u0142y<\/strong>:<\/p>\n<p>* Kradzie\u017c napisu \u201eArbeit macht frei\u201d (Faktycznie &#8211; wstyd na ca\u0142y \u015bwiat. Czekam, \u017ceby si\u0119 dowiedzie\u0107, czy i kto zleci\u0142 ten haniebny czyn. Co przyniesie szwedzki trop? Wszak zab\u00f3jcy premiera Palmego nigdy nie schwytano\u2026).<\/p>\n<p>* Kandydatura Jerzego Szmajdzi\u0144skiego na prezydenta. (Ten temat mnie nie pasjonuje, \u201eanalitycy\u201d ju\u017c go przeanalizowali).<\/p>\n<p>* Kandydatura Andrzeja Olechowskiego. (Jak wy\u017cej. \u017badna z tych dw\u00f3ch kandydatur mnie nie porywa, ale obaj panowie maj\u0105 kwalifikacje).<\/p>\n<p>* Nominacja Romualda Or\u0142a na prezesa TVP (nie ma o czym pisa\u0107, zw\u0142aszcza \u201ew temacie\u201d kwalifikacje).<\/p>\n<p>Z tego wszystkiego najbardziej zainteresowa\u0142 mnie kr\u00f3tki, ale trafny, artykulik J. Haszczy\u0144skiego pod wymownym tytu\u0142em \u201eProwokator Michel Saakaszwili\u201d (\u201eRz.&#8221;) o zburzeniu w Gruzji pomnika s\u0142awi\u0105cego zwyci\u0119stwo Armii Czerwonej nad faszyzmem. Poniewa\u017c cz\u0119sto z \u201eRz.\u201d polemizuj\u0119 (patrz m\u00f3j poprzedni post na tym blogu), tym razem pisz\u0119 z uznaniem, w duchu ekumenicznym i przed\u015bwi\u0105tecznym.<\/p>\n<p>Dlaczego Saakaszwili zdecydowa\u0142 si\u0119 zburzy\u0107 pomnik? \u2013 pyta Haszczy\u0144ski. \u201eArgument, \u017ce w jego miejscu ma stan\u0105\u0107 nowy budynek parlamentu, brzmi ma\u0142o przekonuj\u0105co. (\u2026) Miejsca w okolicy nie brakuje.\u201d Zniszczenie pomnika to \u201eprowokowanie Rosji p\u00f3\u0142tora roku po przegranej z ni\u0105 wojnie o Oseti\u0119 P\u0142d. To uderzenie w czu\u0142y punkt, czyli podwa\u017canie wk\u0142adu Rosjan i ZSRR w obalenie Hitlera. A tak\u017ce uderzenie we w\u0142asnych weteran\u00f3w i ich rodziny. W rosyjskim wojsku walczy\u0142y tysi\u0105ce Gruzin\u00f3w, to by\u0142a tak\u017ce ich armia\u201d. (Podziwiam odwag\u0119 autora, napisa\u0107 dzisiaj, \u017ce armia rosyjska, tj. Armia Czerwona, to by\u0142a tak\u017ce ich armia \u2013 to akt odwagi, albo niefrasobliwo\u015bci. Nie ujdzie mu to p\u0142azem).<\/p>\n<p>\u201eSaakaszwilemu wadzi\u0142 pomnik s\u0142awi\u0105cy zwyci\u0119stwo armii radzieckiej, bo pewnie kojarzy mu si\u0119 tylko z Rosj\u0105, ale nie przeszkadza mu wielki pomnik Stalina (w Gori). Ani tamtejsze, pa\u0144stwowe, muzeum dyktatora &#8211; sowieckiego, ale Gruzina\u201d pisze Haszczy\u0144ski. I dalej: \u201eW obronie pomnika stan\u0119\u0142y nie tylko Moskwa, ale i gruzi\u0144ska opozycja. Saakaszwili znowu mo\u017ce m\u00f3wi\u0107, \u017ce jego przeciwnicy polityczni maj\u0105 pogl\u0105dy takie jak Kreml, a mo\u017ce nawet mu s\u0142u\u017c\u0105. \u015awiat nie powinien jednak da\u0107 si\u0119 nabra\u0107 na ten podzia\u0142 na prawdziwych patriot\u00f3w z S. na czele i rosyjskich sprzedawczyk\u00f3w. (\u2026) Nie znaczy to, \u017ce bez S. nie b\u0119dzie niepodleg\u0142ej, prozachodniej Gruzji. Problemem Gruzji sta\u0142 si\u0119 sam Saakaszwili\u201d \u2013 konkluduje autor i dodaje, \u017ce nast\u0119pnym razem Zach\u00f3d nie b\u0119dzie si\u0119 ju\u017c kwapi\u0142, \u017ceby go ratowa\u0107. Miejmy nadziej\u0119, \u017ce polski prezydent r\u00f3wnie\u017c, gdy\u017c w wyniku konfliktu o Oseti\u0119 Po\u0142udniow\u0105, pozycja Rosji na terenie Gruzji i Zakaukazia uleg\u0142a wzmocnieniu, co nie by\u0142o celem Lecha Kaczy\u0144skiego. J. Haszczy\u0144skiemu gratuluj\u0119 artyku\u0142u.<\/p>\n<p>***<\/p>\n<p><strong>PS<\/strong>. Nie rozstajemy si\u0119 na d\u0142ugo. W Wigili\u0119 b\u0119dzie nast\u0119pny post (i \u017cyczenia\u2026)<\/p>\n","protected":false},"excerpt":{"rendered":"<p>Od czasu do czasu pojawiaj\u0105 si\u0119 na blogu pretensje, \u017ce nie pisz\u0119 o sprawach wa\u017cnych. Nie obiecuj\u0119 poprawy. Je\u015bli wag\u0119 spraw mierzy\u0107 ilo\u015bci\u0105 miejsca i s\u0142\u00f3w po\u015bwi\u0119conych im przez media, to w ostatnich dniach najwa\u017cniejsze by\u0142y: * Kradzie\u017c napisu \u201eArbeit macht frei\u201d (Faktycznie &#8211; wstyd na ca\u0142y \u015bwiat. Czekam, \u017ceby si\u0119 dowiedzie\u0107, czy i kto [&hellip;]<\/p>\n","protected":false},"author":4,"featured_media":0,"comment_status":"open","ping_status":"open","sticky":false,"template":"","format":"standard","meta":{"footnotes":""},"categories":[1],"tags":[],"_links":{"self":[{"href":"https:\/\/blog.polityka.pl\/passent\/wp-json\/wp\/v2\/posts\/643"}],"collection":[{"href":"https:\/\/blog.polityka.pl\/passent\/wp-json\/wp\/v2\/posts"}],"about":[{"href":"https:\/\/blog.polityka.pl\/passent\/wp-json\/wp\/v2\/types\/post"}],"author":[{"embeddable":true,"href":"https:\/\/blog.polityka.pl\/passent\/wp-json\/wp\/v2\/users\/4"}],"replies":[{"embeddable":true,"href":"https:\/\/blog.polityka.pl\/passent\/wp-json\/wp\/v2\/comments?post=643"}],"version-history":[{"count":0,"href":"https:\/\/blog.polityka.pl\/passent\/wp-json\/wp\/v2\/posts\/643\/revisions"}],"wp:attachment":[{"href":"https:\/\/blog.polityka.pl\/passent\/wp-json\/wp\/v2\/media?parent=643"}],"wp:term":[{"taxonomy":"category","embeddable":true,"href":"https:\/\/blog.polityka.pl\/passent\/wp-json\/wp\/v2\/categories?post=643"},{"taxonomy":"post_tag","embeddable":true,"href":"https:\/\/blog.polityka.pl\/passent\/wp-json\/wp\/v2\/tags?post=643"}],"curies":[{"name":"wp","href":"https:\/\/api.w.org\/{rel}","templated":true}]}}