
{"id":6437,"date":"2020-10-26T16:08:46","date_gmt":"2020-10-26T15:08:46","guid":{"rendered":"https:\/\/passent.blog.polityka.pl\/?p=6437"},"modified":"2020-10-26T16:38:31","modified_gmt":"2020-10-26T15:38:31","slug":"pandemia-plus-prawica","status":"publish","type":"post","link":"https:\/\/blog.polityka.pl\/passent\/2020\/10\/26\/pandemia-plus-prawica\/","title":{"rendered":"Pandemia plus prawica"},"content":{"rendered":"\n<p>Polska skr\u0119ca w prawo. Rz\u0105dz\u0105ca prawica, zamiast skupi\u0107 si\u0119 i ca\u0142e spo\u0142ecze\u0144stwo na walce z pandemi\u0105, na pierwszy plan wysuwa sprawy \u015bwiatopogl\u0105dowe, kt\u00f3re rozpalaj\u0105 spo\u0142ecze\u0144stwo do czerwono\u015bci (ju\u017c ca\u0142a Polska le\u017cy w strefie czerwonej, ale to inny temat).<\/p>\n\n\n\n<!--more-->\n\n\n\n<p>Przyk\u0142adem \u015bwi\u0119ta prawicy by\u0142a intronizacja ministra dr. Przemys\u0142awa Czarnka na stanowisko ministra edukacji i nauki. Zamiast po cichu, w skupieniu, poniewa\u017c w szko\u0142ach dziej\u0105 si\u0119 straszne rzeczy, dzieci przenosz\u0105 chorob\u0119 z domu do szko\u0142y i ze szko\u0142y do domu, pandemia oznacza wielkie straty w edukacji i socjalizacji dzieci i m\u0142odzie\u017cy. Powstaj\u0105 braki nie do odrobienia, kt\u00f3re dadz\u0105 o sobie zna\u0107 w przysz\u0142o\u015bci, cho\u0107by w czasie matur i pierwszego roku studi\u00f3w.<\/p>\n\n\n\n<p>Zamiast skupi\u0107 si\u0119 na bezpiecze\u0144stwie dzieci oraz na ich edukacji, nowy minister zaczyna od wyrzucenia dyrektor departamentu programowego. To wa\u017cny sygna\u0142, \u017ce nie ma \u017cart\u00f3w. Wida\u0107, \u017ce minister si\u0119 do tego pali\u0142, gdy\u017c decyzj\u0119 zapowiedzia\u0142 jeszcze przed swoj\u0105 nominacj\u0105. To wa\u017cny sygna\u0142, co czeka edukacj\u0119. Nikt nie ukrywa, \u017ce szko\u0142y i uczelnie czekaj\u0105 czystki programowe i personalne. Prezydent Duda i minister Czarnek uwa\u017caj\u0105, \u017ce jest prze\u017carta przez si\u0142y Z\u0142a, tzn. przez \u201eliberaln\u0105 lewic\u0119\u201d. Wsz\u0119dzie w\u0119sz\u0105 recydyw\u0119 \u201eneomarksizmu\u201d i komunizmu (patrz wypowiedzi wiceministra dr. Janusza Kowalskiego z resortu Sasina). Prezydent Duda powiedzia\u0142 wprost, \u017ce uczelnie zdominowane s\u0105 przez pogl\u0105dy liberalno-lewicowe i potrzebuj\u0105 wi\u0119cej r\u00f3\u017cnorodno\u015bci oraz pluralizmu. Jaki b\u0119dzie pluralizm \u00e0 la Duda, nietrudno si\u0119 domy\u015ble\u0107: polityka historyczna bez Wa\u0142\u0119sy, za to z \u017co\u0142nierzami wykl\u0119tymi, pedagogik\u0105 dumy, s\u0142uszni pisarze w lekturach itd. Pojawi\u0105 si\u0119 nowe podstawy programowe, uk\u0142adane przez tych, kt\u00f3rzy naprawili ju\u017c muzeum w Gda\u0144sku i inne.<\/p>\n\n\n\n<p>W tym samym kierunku b\u0119dzie zmierza\u0142a polityka kadrowa: kuratorzy (je\u015bli kto\u015b nie z\u0142apa\u0142 wiatru w por\u0119) p\u00f3jd\u0105 na zielon\u0105 trawk\u0119 lub do nauczania gramatyki. Trudniej b\u0119dzie o natychmiastowe zmiany na wy\u017cszych uczelniach, ale wierz\u0119, \u017ce i tam rewolucja przyniesie zmiany. Pan prezydent b\u0119dzie prowadzi\u0142 jedynie s\u0142uszn\u0105 polityk\u0119 w dziedzinie nominacji profesorskich. Dr hab. Micha\u0142 Bilewicz z UW, kt\u00f3ry ma 75 publikacji w licz\u0105cych si\u0119 czasopismach zagranicznych, musi czeka\u0107 i czeka\u0107, zapewne nawet dr hab. Czarnek go wyprzedzi. Niekt\u00f3rzy z nas pami\u0119taj\u0105 \u201emarcowych docent\u00f3w\u201d. Wielu z nich zosta\u0142o profesorami, habilitowali si\u0119 w Komitecie Wojew\u00f3dzkim, a profesura wymaga\u0142a akceptacji Wydzia\u0142u Nauki KC PZPR.<\/p>\n\n\n\n<p>Pami\u0119tam, jak w latach odwil\u017cy pa\u017adziernikowej wracali z banicji \u201enies\u0142uszni profesorowie\u201d \u2013 Stanis\u0142aw Ossowski i jego \u017cona, wybitny ekonomista Michal Kalecki (\u201epolecia\u0142\u201d ponownie w 1968 r.), prof. Ludwik Greniewski (cybernetyka, uwa\u017cana przedtem za nauk\u0119 bur\u017cuazyjn\u0105), statystyk prof. Weryha i inni. Historia si\u0119 powtarza. Prof. Jan Hartman mimo \u015bwietnych recenzji z jego dorobku nie mo\u017ce zosta\u0107 zatrudniony jako profesor UW, poniewa\u017c \u201ezdrowo my\u015bl\u0105ca\u201d wi\u0119kszo\u015b\u0107 w Senacie odrzuci\u0142a jego kandydatur\u0119.<\/p>\n\n\n\n<p>Nie w\u0105tpi\u0119, \u017ce w nadchodz\u0105cych czasach ten proces nabierze rozmachu \u2013 awanse, nominacje, wyjazdy na konferencje zagraniczne, referaty, granty, stypendia, wydawnictwa, recenzje \u2013 w\u0142adza i jej zaufani maj\u0105 wiele mo\u017cliwo\u015bci dzia\u0142ania, tak\u017ce mimo samodzielno\u015bci uczelni. Symbolem nowej polityki kadrowej jest nasz ambasador w Niemczech prof. (!) Przy\u0142\u0119bski. \u201ePrzy\u0142\u0119bscy\u201d maj\u0105 przysz\u0142o\u015b\u0107. Mgr Julia Przy\u0142\u0119bska dobrze wywi\u0105zuje si\u0119 z zada\u0144 w Trybunale Konstytucyjnym jej imienia, na pewno dostanie order.<\/p>\n\n\n\n<p><strong>Zaproszenie<\/strong><br>W niedziel\u0119 1 listopada o godz. 10:05 naszymi go\u015b\u0107mi w TOK FM b\u0119d\u0105: prof. Przemys\u0142aw Urba\u0144czyk (archeolog, mediewista, niedawno ukaza\u0142a si\u0119 jego \u201eTrudna historia zw\u0142ok\u201d) oraz prof. dr Ewa Doma\u0144ska (historyczka, UAM Pozna\u0144 i Uniwersytet Stanforda, autorka m.in. ksi\u0105\u017cki \u201eNekros. Wst\u0119p do ontologii martwego cia\u0142a\u201d).<\/p>\n","protected":false},"excerpt":{"rendered":"<p>Polska skr\u0119ca w prawo. Rz\u0105dz\u0105ca prawica, zamiast skupi\u0107 si\u0119 i ca\u0142e spo\u0142ecze\u0144stwo na walce z pandemi\u0105, na pierwszy plan wysuwa sprawy \u015bwiatopogl\u0105dowe, kt\u00f3re rozpalaj\u0105 spo\u0142ecze\u0144stwo do czerwono\u015bci (ju\u017c ca\u0142a Polska le\u017cy w strefie czerwonej, ale to inny temat).<\/p>\n","protected":false},"author":4,"featured_media":6443,"comment_status":"open","ping_status":"closed","sticky":false,"template":"","format":"standard","meta":{"footnotes":""},"categories":[1],"tags":[],"_links":{"self":[{"href":"https:\/\/blog.polityka.pl\/passent\/wp-json\/wp\/v2\/posts\/6437"}],"collection":[{"href":"https:\/\/blog.polityka.pl\/passent\/wp-json\/wp\/v2\/posts"}],"about":[{"href":"https:\/\/blog.polityka.pl\/passent\/wp-json\/wp\/v2\/types\/post"}],"author":[{"embeddable":true,"href":"https:\/\/blog.polityka.pl\/passent\/wp-json\/wp\/v2\/users\/4"}],"replies":[{"embeddable":true,"href":"https:\/\/blog.polityka.pl\/passent\/wp-json\/wp\/v2\/comments?post=6437"}],"version-history":[{"count":6,"href":"https:\/\/blog.polityka.pl\/passent\/wp-json\/wp\/v2\/posts\/6437\/revisions"}],"predecessor-version":[{"id":6444,"href":"https:\/\/blog.polityka.pl\/passent\/wp-json\/wp\/v2\/posts\/6437\/revisions\/6444"}],"wp:featuredmedia":[{"embeddable":true,"href":"https:\/\/blog.polityka.pl\/passent\/wp-json\/wp\/v2\/media\/6443"}],"wp:attachment":[{"href":"https:\/\/blog.polityka.pl\/passent\/wp-json\/wp\/v2\/media?parent=6437"}],"wp:term":[{"taxonomy":"category","embeddable":true,"href":"https:\/\/blog.polityka.pl\/passent\/wp-json\/wp\/v2\/categories?post=6437"},{"taxonomy":"post_tag","embeddable":true,"href":"https:\/\/blog.polityka.pl\/passent\/wp-json\/wp\/v2\/tags?post=6437"}],"curies":[{"name":"wp","href":"https:\/\/api.w.org\/{rel}","templated":true}]}}