
{"id":6445,"date":"2020-10-29T23:42:37","date_gmt":"2020-10-29T22:42:37","guid":{"rendered":"https:\/\/passent.blog.polityka.pl\/?p=6445"},"modified":"2020-10-30T00:46:01","modified_gmt":"2020-10-29T23:46:01","slug":"egzamin-dojrzalosci","status":"publish","type":"post","link":"https:\/\/blog.polityka.pl\/passent\/2020\/10\/29\/egzamin-dojrzalosci\/","title":{"rendered":"Egzamin dojrza\u0142o\u015bci"},"content":{"rendered":"\n<p>Czekam z nadziej\u0105 i z trwog\u0105 na pi\u0105tek 30 pa\u017adziernika. Pandemia i zapowiadane wielkie demonstracje w stolicy to ogromne niebezpiecze\u0144stwo, ale i szansa.<\/p>\n\n\n\n<!--more-->\n\n\n\n<p>Pandemia zbiera \u015bmiertelne \u017cniwo. Ka\u017cdy kontakt z innymi lud\u017ami, nawet najbli\u017cszymi, mo\u017ce zagra\u017ca\u0107 \u017cyciu. Nawet je\u017celi kto\u015b mia\u0142by szcz\u0119\u015bcie, \u017ce przyjedzie po niego karetka, zawiezie go do szpitala, gdzie czeka wolne \u0142\u00f3\u017cko i dost\u0119p do respiratora, to \u2013 jak s\u0142ycha\u0107 \u2013 nie jest \u017cadna gwarancja. Nie chc\u0119 si\u0119 m\u0105drzy\u0107, ale czyta\u0142em, \u017ce tylko jedna trzecia pacjent\u00f3w leczonych respiratorem uchodzi z \u017cyciem, o pozosta\u0142ych nie pisz\u0119. Codziennie od \u015bwitu do nocy dochodz\u0105 potworne wie\u015bci. Kilka dni temu w &#8222;Faktach&#8221; TVN pokazano szpital, kt\u00f3rego dyrekcja apeluje do rodzin, by szybciej odbiera\u0142y zw\u0142oki z kostnicy, bo nie ma miejsc na nast\u0119pne (\u00e0 propos: je\u017celi kogo\u015b interesuje ta drastyczna tematyka, to polecam znakomit\u0105 ksi\u0105\u017ck\u0119 prof. Przemys\u0142awa Urba\u0144czyka \u201eTrudna historia zw\u0142ok\u201d, kt\u00f3ra si\u0119 niedawno ukaza\u0142a).<\/p>\n\n\n\n<p>Nie ma ju\u017c gdzie si\u0119 schroni\u0107 przed z\u0142ymi wiadomo\u015bciami. Uderza kontrast pomi\u0119dzy propagand\u0105 oficjaln\u0105 \u2013 tymczasowy szpital narodowy otwarty na stadionie w Warszawie &#8211; a relacjami z karetek, kt\u00f3re godzinami czekaj\u0105 w kolejce lub je\u017cd\u017c\u0105 od szpitala do szpitala, by przekaza\u0107 chorego. Tysi\u0105ce nowych zaka\u017ce\u0144 ka\u017cdego dnia. Tragedia.<\/p>\n\n\n\n<p>Ogromna wi\u0119kszo\u015b\u0107 z nas po raz pierwszy w \u017cyciu (i oby ostatni) jest tak blisko niebezpiecze\u0144stwa. Dla wszystkich jest to egzamin dojrza\u0142o\u015bci: maseczki, dezynfekcja, dystans, wietrzenie pomieszcze\u0144. Perfidia zarazy polega na tym, \u017ce cho\u0107by\u015b dba\u0142(a) jak najlepiej, tw\u00f3j los zale\u017cy od innych. I nie masz dok\u0105d uciec, nawet na drugi koniec \u015bwiata \u2013 wsz\u0119dzie to samo \u015bwi\u0144stwo. Mo\u017ce wierz\u0105cy wiedz\u0105, za co nas Pan B\u00f3g pokara\u0142.<\/p>\n\n\n\n<p>Do tego wszystkiego w pi\u0105tek 30 pa\u017adziernika zapowied\u017a ogromnych demonstracji w Warszawie \u2013 w obronie kobiet, przeciwko tym, kt\u00f3rzy z sobie tylko znanych przyczyn wyznaczyli termin rozprawy tzw. Trybuna\u0142u Konstytucyjnego na czas pandemii, kt\u00f3ra nikogo nie zaskakuje, trwa ju\u017c bowiem ponad p\u00f3\u0142 roku. Tandem Julia Przy\u0142\u0119bska i Jaros\u0142aw Kaczy\u0144ski wie, dlaczego, i mam nadziej\u0119, \u017ce kiedy\u015b b\u0119dzie musia\u0142 powiedzie\u0107 prawd\u0119. Przewa\u017ca opinia, \u017ce Kaczy\u0144ski nie liczy\u0142 si\u0119 z tak masow\u0105 i pot\u0119\u017cn\u0105 reakcj\u0105 w spo\u0142ecze\u0144stwie.<\/p>\n\n\n\n<p>Post\u0119powanie prezesa i jego dworu jest haniebne. Wyznaczy\u0107 termin rozprawy w sprawie tak drastycznej i wybuchowej jak przerywanie ci\u0105\u017cy to wyj\u0105tkowa nieodpowiedzialno\u015b\u0107, g\u0142upota, wreszcie prowokacja. Kaczy\u0144ski jest zbyt do\u015bwiadczonym politykiem, obdarzonym podobno \u201es\u0142uchem spo\u0142ecznym\u201d, \u017ceby o tym nie wiedzia\u0142. Kiedy w czwartek 22 pa\u017adziernika tysi\u0105ce ludzi, w du\u017cej mierze m\u0142odych, wysz\u0142y na ulice miast i miasteczek, dworacy PiS mieli do powiedzenia tylko tyle, \u017ce demonstranci u\u017cywali wulgarnego j\u0119zyka, a niekt\u00f3rzy wtargn\u0119li do ko\u015bcio\u0142\u00f3w, gdzie zachowywali si\u0119 niestosownie, w tym smarowali swoje has\u0142a i bohomazy na elewacjach. To drugie jest niedopuszczalne, powinno zosta\u0107 ukarane, ale to jest margines.<\/p>\n\n\n\n<p>Najwa\u017cniejsze, \u017ce tysi\u0105ce ludzi powiedzia\u0142o \u201enie\u201d decyzji Trybuna\u0142u i jego mocodawcy (nikt nie wierzy, \u017ce decyzja nale\u017ca\u0142a do prezes Przy\u0142\u0119bskiej). Orzeczenie TK oznacza zburzenie tzw. kompromisu aborcyjnego z 1993 r., kt\u00f3ry trudno uwa\u017ca\u0107 za najlepsze rozwi\u0105zanie, ale przez 27 lat, jakie up\u0142yn\u0119\u0142y od tamtego czasu, nikt nie zaproponowa\u0142 lepszego. Przez te \u0107wier\u0107 wieku Polska i Polacy bardzo si\u0119 zmienili. Tamten kompromis by\u0142 dobry na tamte czasy, dzisiaj kobiety w Polsce s\u0105 bardziej \u015bwiadome swoich praw, bardziej niezale\u017cne, lepiej wykszta\u0142cone, bardziej europejskie, cz\u0119sto kszta\u0142cone i pracuj\u0105ce w liberalnych, demokratycznych krajach Europy.<\/p>\n\n\n\n<p>Zamiast chucha\u0107 i dmucha\u0107 na ten \u201ekompromis\u201d, Kaczy\u0144ski, kt\u00f3ry latami broni\u0142 status quo, np. w sporze z Markiem Jurkiem, tym razem stan\u0105\u0142 po stronie Ko\u015bcio\u0142a, kt\u00f3remu zawdzi\u0119cza wsparcie wyborcze i z kt\u00f3rym pozostaje w sojuszu dworu i o\u0142tarza. Do tego dochodzi ambicja, by umocni\u0107 swoj\u0105 pozycj\u0119 na prawicy, gdzie Ziobro i Konfederacja zagra\u017caj\u0105 jego hegemonii.<\/p>\n\n\n\n<p>Tymczasem na aren\u0119 wst\u0105pi\u0142o nowe pokolenie, na ulice wyleg\u0142a m\u0142odzie\u017c \u015bwiadoma swoich praw, w tym praw kobiet, m\u0142odzie\u017c wychowana w wolno\u015bci, kt\u00f3ra czuje si\u0119 wolna, bez kr\u0119pacji korzysta ze swoich praw, w tym wolno\u015bci s\u0142owa i zgromadze\u0144, niezale\u017cna, pogodna, kt\u00f3ra wie, czego chce, a kogo i czego ma do\u015b\u0107. To jest wojna \u2013 m\u00f3wi. Nie pomog\u0105 ju\u017c zakl\u0119cia o knowaniach opozycji, \u201ezagranicznych mocodawcach\u201d czy o \u201epostkomunie\u201d.<\/p>\n\n\n\n<p>Ta m\u0142odzie\u017c, a wraz z ni\u0105 ca\u0142a wolna Polska, b\u0119dzie w pi\u0105tek zdawa\u0142a egzamin dojrza\u0142o\u015bci. Oby nie da\u0142a si\u0119 sprowokowa\u0107. Oby pami\u0119ta\u0142a o wirusie. Trudno by\u0107 prorokiem we w\u0142asnym kraju, ale wierz\u0119, \u017ce rewolucja wywo\u0142ana przez Kaczy\u0144skiego i Przy\u0142\u0119bsk\u0105 znacznie przybli\u017cy koniec tej w\u0142adzy.<\/p>\n","protected":false},"excerpt":{"rendered":"<p>Czekam z nadziej\u0105 i z trwog\u0105 na pi\u0105tek 30 pa\u017adziernika. Pandemia i zapowiadane wielkie demonstracje w stolicy to ogromne niebezpiecze\u0144stwo, ale i szansa.<\/p>\n","protected":false},"author":4,"featured_media":6449,"comment_status":"open","ping_status":"closed","sticky":false,"template":"","format":"standard","meta":{"footnotes":""},"categories":[1],"tags":[],"_links":{"self":[{"href":"https:\/\/blog.polityka.pl\/passent\/wp-json\/wp\/v2\/posts\/6445"}],"collection":[{"href":"https:\/\/blog.polityka.pl\/passent\/wp-json\/wp\/v2\/posts"}],"about":[{"href":"https:\/\/blog.polityka.pl\/passent\/wp-json\/wp\/v2\/types\/post"}],"author":[{"embeddable":true,"href":"https:\/\/blog.polityka.pl\/passent\/wp-json\/wp\/v2\/users\/4"}],"replies":[{"embeddable":true,"href":"https:\/\/blog.polityka.pl\/passent\/wp-json\/wp\/v2\/comments?post=6445"}],"version-history":[{"count":4,"href":"https:\/\/blog.polityka.pl\/passent\/wp-json\/wp\/v2\/posts\/6445\/revisions"}],"predecessor-version":[{"id":6450,"href":"https:\/\/blog.polityka.pl\/passent\/wp-json\/wp\/v2\/posts\/6445\/revisions\/6450"}],"wp:featuredmedia":[{"embeddable":true,"href":"https:\/\/blog.polityka.pl\/passent\/wp-json\/wp\/v2\/media\/6449"}],"wp:attachment":[{"href":"https:\/\/blog.polityka.pl\/passent\/wp-json\/wp\/v2\/media?parent=6445"}],"wp:term":[{"taxonomy":"category","embeddable":true,"href":"https:\/\/blog.polityka.pl\/passent\/wp-json\/wp\/v2\/categories?post=6445"},{"taxonomy":"post_tag","embeddable":true,"href":"https:\/\/blog.polityka.pl\/passent\/wp-json\/wp\/v2\/tags?post=6445"}],"curies":[{"name":"wp","href":"https:\/\/api.w.org\/{rel}","templated":true}]}}