
{"id":645,"date":"2009-12-27T21:13:56","date_gmt":"2009-12-27T20:13:56","guid":{"rendered":"http:\/\/passent.blog.polityka.pl\/?p=645"},"modified":"2009-12-27T21:13:56","modified_gmt":"2009-12-27T20:13:56","slug":"szary-czlowiek","status":"publish","type":"post","link":"https:\/\/blog.polityka.pl\/passent\/2009\/12\/27\/szary-czlowiek\/","title":{"rendered":"Szary cz\u0142owiek"},"content":{"rendered":"<p><strong>Za kilka dni nowy rok. Dla ludzi my\u015bl\u0105cych nie b\u0119dzie to rok \u0142atwy. Po pierwsze \u2013 wybory. Na pewno rozgorzeje walka, pe\u0142na oskar\u017ce\u0144 i radykalnych s\u0105d\u00f3w pod adresem kandydat\u00f3w \u2013 Kaczy\u0144skiego, Tuska, Olechowskiego, Szmajdzi\u0144skiego i innych.<\/strong><\/p>\n<p><strong><\/strong>Kaczy\u0144ski \u2013 wiadomo: Prezydent swojego brata, PiSowiec w pa\u0142acu, pami\u0119tliwy, z\u0142o\u015bliwy, zakompleksia\u0142y. Tusk \u2013 wiadomo: ob\u0142y, bezideowy, bez skrupu\u0142\u00f3w, cz\u0142owiek bez w\u0142a\u015bciwo\u015bci. Olechowski \u2013 to jasne: leniwy, bogaty, uwik\u0142any, z rodowodem w PRL. Szmajdzi\u0144ski \u2013 komuch, dinozaur, aparatczyk, skamielina. By\u0142oby dobrze, gdyby w nadchodz\u0105cej kampanii ludzi nie przekre\u015blano jedna kresk\u0105, gdy\u017c pomi\u0119dzy bia\u0142ym a czarnym jest wiele odmian szaro\u015bci. Cz\u0142owiek jest przede wszystkim szary. Antoni Macierewicz nie jest moim faworytem, ale nikt mu nie odbierze zas\u0142ug w opozycji. Aleksander Kwa\u015bniewski raz czy drugi zachowa\u0142 si\u0119 nieodpowiedzialnie, ale nie zmienia to faktu, \u017ce by\u0142 najlepszym prezydentem.<\/p>\n<p>Po drugie \u2013 przed nami rok rocznic, rocznica wydarze\u0144 1970 i 1980 roku, oczywi\u015bcie czerwiec, wrzesie\u0144, pa\u017adziernik, grudzie\u0144, a Polacy lubi\u0105 k\u0142\u00f3ci\u0107 si\u0119 o histori\u0119. Co roku rocznica Powstania Warszawskiego czy stanu wojennego niekoniecznie sprzyja s\u0105dom sprawiedliwym, cz\u0119\u015bciej mamy do czynienia ze \u015blep\u0105 apologi\u0105 lub bezwzgl\u0119dnym pot\u0119pieniem. Tymczasem fakty i ludzie rzadko s\u0105 bia\u0142e lub czarne. \u0141adnie pisa\u0142 o tym w \u015bwi\u0105tecznej \u201eGW\u201d znany historyk i publicysta, prof. Timothy Garton Ash a propos Jedwabnego: \u201eChodzi bowiem o g\u0142\u0119bsz\u0105 prawd\u0119: do czego zdolni s\u0105 ludzie, gdy znajd\u0105 si\u0119 w z\u0142ym miejscu o z\u0142ym czasie (miasteczko na wschodzie Polski najpierw okupowane przez Sowiet\u00f3w po pakcie Ribbentrop \u2013 Mo\u0142otow, potem przez nazist\u00f3w, by wreszcie znale\u017a\u0107 si\u0119 we w\u0142adzy polskich komunist\u00f3w ho\u0142ubionych przez Armi\u0119 Czerwon\u0105 \u2013 to niemal definicja takiego z\u0142ego miejsca i czasu). Szcz\u0119\u015bliwy ten \u2013 i niech to przyzna \u2013 kto z \u0142aski geografii nie urodzi\u0142 si\u0119 w takim miejscu i czasie.<\/p>\n<p>Jednak wszyscy kroczymy t\u0105 drog\u0105, cho\u0107 omijaj\u0105c takie skrajno\u015bci. I nie jest tak, \u017ce jedni tylko dranie, a inni \u2013 wy\u0142\u0105cznie bohaterowie. Czasem ci sami ludzie post\u0119puj\u0105 raz strasznie, a raz wspaniale. Umiemy by\u0107 gorsi od ma\u0142p i lepsi od anio\u0142\u00f3w. Jeste\u015bmy s\u0142abi. I jeste\u015bmy silni. Niesiemy brzemi\u0119 winy, ale te\u017c zas\u0142ugujemy na \u0142ask\u0119\u201d.<\/p>\n<p>Jedni i ci sami ludzie potrafi\u0105 zachowa\u0107 si\u0119 odwa\u017cnie i pi\u0119knie, by innym razem post\u0105pi\u0107 odwrotnie. J\u00f3zef Hen (\u201eDziennik 2000-2007\u201d) opisuje, jak na spotkaniu z czytelnikami w Moskwie, w 2004 roku, zabra\u0142 g\u0142os niejaki W. Oskocki i publicznie przeprosi\u0142 za to, \u017ce w 1956 roku (!) w \u201eLitieraturnoj Gazietie\u201d zaatakowa\u0142 J\u00f3zefa Hena, jako \u201ebur\u017cuazyjnego nacjonalist\u0119\u201d (wysz\u0142a wtedy po rosyjsku ksi\u0105\u017cka J.H. \u201eSkromny ch\u0142opiec w haremie\u201d). Po prawie p\u00f3\u0142 wieku Oskocki zdoby\u0142 si\u0119 na gest i pisarza przeprosi\u0142. \u201eTo ja zaatakowa\u0142em J\u00f3zefa Hena \u2013 m\u00f3wi\u0142. Przyszed\u0142em tu, \u017ceby pokaja\u0107 si\u0119 przed panem Henem nie w cztery oczy, lecz publicznie\u201d.<\/p>\n<p>By\u0142oby dobrze, gdyby w roku 2010 (i w nast\u0119pnych) wi\u0119cej by\u0142o tych, kt\u00f3rzy \u2013 nieprzymuszeni &#8211; przyznaj\u0105 si\u0119 do b\u0142\u0119d\u00f3w, ni\u017c tych, kt\u00f3rzy rw\u0105 si\u0119 do oskar\u017ce\u0144 i do wyrok\u00f3w, a w sprawie swoich b\u0142\u0119d\u00f3w \u2013 milcz\u0105.<\/p>\n","protected":false},"excerpt":{"rendered":"<p>Za kilka dni nowy rok. Dla ludzi my\u015bl\u0105cych nie b\u0119dzie to rok \u0142atwy. Po pierwsze \u2013 wybory. Na pewno rozgorzeje walka, pe\u0142na oskar\u017ce\u0144 i radykalnych s\u0105d\u00f3w pod adresem kandydat\u00f3w \u2013 Kaczy\u0144skiego, Tuska, Olechowskiego, Szmajdzi\u0144skiego i innych. Kaczy\u0144ski \u2013 wiadomo: Prezydent swojego brata, PiSowiec w pa\u0142acu, pami\u0119tliwy, z\u0142o\u015bliwy, zakompleksia\u0142y. Tusk \u2013 wiadomo: ob\u0142y, bezideowy, bez skrupu\u0142\u00f3w, [&hellip;]<\/p>\n","protected":false},"author":4,"featured_media":0,"comment_status":"open","ping_status":"open","sticky":false,"template":"","format":"standard","meta":{"footnotes":""},"categories":[1],"tags":[],"_links":{"self":[{"href":"https:\/\/blog.polityka.pl\/passent\/wp-json\/wp\/v2\/posts\/645"}],"collection":[{"href":"https:\/\/blog.polityka.pl\/passent\/wp-json\/wp\/v2\/posts"}],"about":[{"href":"https:\/\/blog.polityka.pl\/passent\/wp-json\/wp\/v2\/types\/post"}],"author":[{"embeddable":true,"href":"https:\/\/blog.polityka.pl\/passent\/wp-json\/wp\/v2\/users\/4"}],"replies":[{"embeddable":true,"href":"https:\/\/blog.polityka.pl\/passent\/wp-json\/wp\/v2\/comments?post=645"}],"version-history":[{"count":0,"href":"https:\/\/blog.polityka.pl\/passent\/wp-json\/wp\/v2\/posts\/645\/revisions"}],"wp:attachment":[{"href":"https:\/\/blog.polityka.pl\/passent\/wp-json\/wp\/v2\/media?parent=645"}],"wp:term":[{"taxonomy":"category","embeddable":true,"href":"https:\/\/blog.polityka.pl\/passent\/wp-json\/wp\/v2\/categories?post=645"},{"taxonomy":"post_tag","embeddable":true,"href":"https:\/\/blog.polityka.pl\/passent\/wp-json\/wp\/v2\/tags?post=645"}],"curies":[{"name":"wp","href":"https:\/\/api.w.org\/{rel}","templated":true}]}}