
{"id":6452,"date":"2020-11-03T16:49:58","date_gmt":"2020-11-03T15:49:58","guid":{"rendered":"https:\/\/passent.blog.polityka.pl\/?p=6452"},"modified":"2020-11-03T21:12:40","modified_gmt":"2020-11-03T20:12:40","slug":"wraca-nowe-2","status":"publish","type":"post","link":"https:\/\/blog.polityka.pl\/passent\/2020\/11\/03\/wraca-nowe-2\/","title":{"rendered":"Wraca nowe"},"content":{"rendered":"\n<p>Kiedy dzi\u015b us\u0142ysza\u0142em i zobaczy\u0142em, jak m\u0142odzie\u017c w metrze \u015bpiewa \u201eJeb&#8230;\u0107 PiS\u201d, zrozumia\u0142em, \u017ce co\u015b si\u0119 w Polsce sta\u0142o i ju\u017c si\u0119 nie odstanie. Inni twierdz\u0105 tak od kilku dni, ale ja by\u0142em ostro\u017cny, poniewa\u017c Prezes z kotem tyle razy spadali na cztery \u0142apy, \u017ce zacz\u0105\u0142em traci\u0107 nadziej\u0119, i\u017c IV RP b\u0119dzie mia\u0142a sw\u00f3j kres.<\/p>\n\n\n\n<!--more-->\n\n\n\n<p>Tymczasem bunt kobiet i m\u0142odzie\u017cy o\u015bmieszy\u0142 polskich \u201ekremlinolog\u00f3w\u201d i domoros\u0142ych analityk\u00f3w. \u201ePolska A i Polska B, \u015bciana wschodnia i zachodnia, Podkarpacie i Wielkopolska\u201d &#8211; pada\u0142y ro\u017cne argumenty, ale nikt, o kim bym wiedzia\u0142, nie przewidzia\u0142, \u017ce to kobiety, dziewczyny i ch\u0142opaki odwa\u017c\u0105 si\u0119 obyczajowo i merytorycznie powiedzie\u0107, co czuj\u0105 i my\u015bl\u0105, a co najlepiej oddaj\u0105 s\u0142owa \u201ewyp\u2026dala\u0107\u201d i \u201ejeb&#8230;\u0107 PiS\u201d.<\/p>\n\n\n\n<p>Nie ma lepszej broni ni\u017c \u015bmiech. Kiedy nad\u0119ty prezes na tle bia\u0142o-czerwonych flag wzywa\u0142 rodak\u00f3w do obrony Ko\u015bcio\u0142a i narodu, kt\u00f3rego samo istnienie jest zagro\u017cone, m\u0142odzie\u017c mia\u0142a sw\u00f3j karnawa\u0142 i bawi\u0142a si\u0119 w najlepsze. Kto s\u0142ysza\u0142 te \u015bpiewy w metrze, ten mo\u017ce uwierzy\u0107, \u017ce tu idzie o powa\u017cne sprawy, nawet o zmian\u0119 rz\u0105du (cho\u0107 nie bardzo wiadomo, na jaki). \u017be trafiaj\u0105 si\u0119 s\u0142owa wulgarne? A jaka rewolucja si\u0119 bez nich obesz\u0142a. Poza tym wulgaryzmy, niestety, sta\u0142y si\u0119 cz\u0119\u015bci\u0105 wsp\u00f3\u0142czesnego j\u0119zyka, wystarczy wyj\u015b\u0107 na ulic\u0119 i pos\u0142ucha\u0107, jak ludzie rozmawiaj\u0105. Smutne, ale prawdziwe.<\/p>\n\n\n\n<p>W obecnym rz\u0105dzie roi si\u0119 od os\u00f3b, kt\u00f3re nie s\u0105 na w\u0142a\u015bciwym miejscu. Minister dr hab. Czarnek nie m\u00f3g\u0142 si\u0119 doczeka\u0107, a\u017c zasi\u0105dzie na rz\u0105dowym fotelu, z kierowc\u0105, limuzyn\u0105 etc., i jeszcze zanim odebra\u0142 nominacj\u0119, zwolni\u0142 dyrektor departamentu program\u00f3w i podr\u0119cznik\u00f3w w ministerstwie. Nie min\u0119\u0142o kilka dni, a ju\u017c \u201emister twister doktor minister\u201d postraszy\u0142 dziekan\u00f3w i rektor\u00f3w wy\u017cszych uczelni, kt\u00f3rzy o\u015bmielili si\u0119 udzieli\u0107 studentom dni dzieka\u0144skich czy rektorskich (tj. wolnych od zaj\u0119\u0107), \u017ceby umo\u017cliwi\u0107 ewentualny udzia\u0142 w demonstracji.<\/p>\n\n\n\n<p>Na domiar z\u0142ego Czarnek \u201eprzypomnia\u0142\u201d rektorom, \u017ce to ON dysponuje funduszami na badania naukowe i granty. Czyli mo\u017ce uderzy\u0107 w badania i w samych naukowc\u00f3w, bij\u0105c ich po kieszeni jak ojciec, kt\u00f3ry nie daje kieszonkowego ani na kino, bo dzieci wr\u00f3ci\u0142y po godzinie \u201epolicyjnej\u201d do domu. Czekam tylko, kiedy minister b\u0119dzie zach\u0119ca\u0142 m\u0142odzie\u017c do aktywno\u015bci obywatelskiej i do obrony w\u0142asnych przekona\u0144.<\/p>\n\n\n\n<p>Na razie daje lekcj\u0119 oportunizmu i lokajstwa. Lizusy maj\u0105 donosi\u0107, kto by\u0142 na demonstracji, kto nuci\u0142 pod w\u0105sem \u201eJe&#8230;\u0107 PiS\u201d. Jeszcze troch\u0119\u00b8 a pojawi si\u0119 nasz polski Pawlik Morozow, kt\u00f3ry doniesie na w\u0142asnego ojca (lub nauczyciela), za co ten zostanie rozstrzelany, a dzielny Pawlik zginie z r\u0105k reakcyjnego dziadka. Podobny przypadek mia\u0142 miejsce w latach 60. (a mo\u017ce 70.? &#8211; nie pami\u0119tam) na Rzeszowszczy\u017anie. Kto\u015b napisa\u0142 na drzwiach toalety, od strony wewn\u0119trznej, \u017ce towarzysz sekretarz jest g\u0142upi, czy co\u015b w tym rodzaju. Drzwi wymontowano i zawieziono do analizy grafologicznej. Obszerny reporta\u017c na ten temat napisa\u0142a w &#8222;Polityce&#8221; znana reporterka Anna Stro\u0144ska.<\/p>\n\n\n\n<p>Obawiam si\u0119, \u017ce wraca nowe. Ju\u017c wtedy by\u0142o \u015bmieszne, a co dopiero dzisiaj.<\/p>\n","protected":false},"excerpt":{"rendered":"<p>Kiedy dzi\u015b us\u0142ysza\u0142em i zobaczy\u0142em, jak m\u0142odzie\u017c w metrze \u015bpiewa \u201eJeb&#8230;\u0107 PiS\u201d, zrozumia\u0142em, \u017ce co\u015b si\u0119 w Polsce sta\u0142o i ju\u017c si\u0119 nie odstanie. Inni twierdz\u0105 tak od kilku dni, ale ja by\u0142em ostro\u017cny, poniewa\u017c Prezes z kotem tyle razy spadali na cztery \u0142apy, \u017ce zacz\u0105\u0142em traci\u0107 nadziej\u0119, i\u017c IV RP b\u0119dzie mia\u0142a sw\u00f3j kres.<\/p>\n","protected":false},"author":4,"featured_media":6456,"comment_status":"open","ping_status":"closed","sticky":false,"template":"","format":"standard","meta":{"footnotes":""},"categories":[1],"tags":[],"_links":{"self":[{"href":"https:\/\/blog.polityka.pl\/passent\/wp-json\/wp\/v2\/posts\/6452"}],"collection":[{"href":"https:\/\/blog.polityka.pl\/passent\/wp-json\/wp\/v2\/posts"}],"about":[{"href":"https:\/\/blog.polityka.pl\/passent\/wp-json\/wp\/v2\/types\/post"}],"author":[{"embeddable":true,"href":"https:\/\/blog.polityka.pl\/passent\/wp-json\/wp\/v2\/users\/4"}],"replies":[{"embeddable":true,"href":"https:\/\/blog.polityka.pl\/passent\/wp-json\/wp\/v2\/comments?post=6452"}],"version-history":[{"count":5,"href":"https:\/\/blog.polityka.pl\/passent\/wp-json\/wp\/v2\/posts\/6452\/revisions"}],"predecessor-version":[{"id":6460,"href":"https:\/\/blog.polityka.pl\/passent\/wp-json\/wp\/v2\/posts\/6452\/revisions\/6460"}],"wp:featuredmedia":[{"embeddable":true,"href":"https:\/\/blog.polityka.pl\/passent\/wp-json\/wp\/v2\/media\/6456"}],"wp:attachment":[{"href":"https:\/\/blog.polityka.pl\/passent\/wp-json\/wp\/v2\/media?parent=6452"}],"wp:term":[{"taxonomy":"category","embeddable":true,"href":"https:\/\/blog.polityka.pl\/passent\/wp-json\/wp\/v2\/categories?post=6452"},{"taxonomy":"post_tag","embeddable":true,"href":"https:\/\/blog.polityka.pl\/passent\/wp-json\/wp\/v2\/tags?post=6452"}],"curies":[{"name":"wp","href":"https:\/\/api.w.org\/{rel}","templated":true}]}}