
{"id":646,"date":"2009-12-31T11:41:41","date_gmt":"2009-12-31T10:41:41","guid":{"rendered":"http:\/\/passent.blog.polityka.pl\/?p=646"},"modified":"2009-12-31T11:48:12","modified_gmt":"2009-12-31T10:48:12","slug":"pieniacze-gora","status":"publish","type":"post","link":"https:\/\/blog.polityka.pl\/passent\/2009\/12\/31\/pieniacze-gora\/","title":{"rendered":"Pieniacze g\u00f3r\u0105!"},"content":{"rendered":"<p><strong>Adam Michnik ma t\u0119 s\u0142abo\u015b\u0107, \u017ce od czasu do czasu, kiedy zostanie znies\u0142awiony \u2013 oddaje spraw\u0119 do s\u0105du. Oczywi\u015bcie, do tego trzeba mie\u0107 racj\u0119, adwokata, cierpliwo\u015b\u0107 i temperament Michnika<\/strong>.<\/p>\n<p>Przeciwnicy Michnika, zw\u0142aszcza z kr\u0119gu \u201eRzeczpospolitej\u201d i dawnego \u201eDziennika\u201d, nazywaj\u0105 to pieniactwem, ograniczaniem wolno\u015bci s\u0142owa, z kt\u00f3rej sami ch\u0119tnie korzystaj\u0105, pisz\u0105c np., \u017ce Michnik ca\u0142e \u017cycie broni komunistycznych agent\u00f3w etc. Zdaniem przeciwnik\u00f3w Michnika, spory pomi\u0119dzy dziennikarzami powinny by\u0107 rozstrzygane w polemikach, na papierze, w wymianie argument\u00f3w, a nie przed s\u0105dami. Jestem innego zdania \u2013 polemiki, acz celowe (cho\u0107 nie z ka\u017cdym), pozostaj\u0105 nierozstrzygni\u0119te, ka\u017cdy pozostaje przy swoim, nikt nie przeprasza, a opinia si\u0119 wlecze, b\u0142oto przysycha na oszkalowanym, na zasadzie \u201eukrad\u0142 \u2013 nie ukrad\u0142, zegarek zgin\u0105\u0142&#8221;.<\/p>\n<p>Ostatnie dni 2009 roku przynios\u0142y Michnikowi satysfakcj\u0119. Ukaza\u0142y si\u0119 kolejne przeprosiny, kt\u00f3re tu przypomn\u0119. \u201eInstytut Pami\u0119ci Narodowej przeprasza pana Adama Michnika za opublikowanie w zbiorze dokument\u00f3w wydanym przez IPN \u2018Marzec 1968 w dokumentach MSW. Tom I Niepokorni\u2019, nieprawdziwej, znies\u0142awiaj\u0105cej i fa\u0142szuj\u0105cej \u017cyciorys jego ojca Ozjasza Szechtera informacji, \u017ce Ozjasz Szechter by\u0142 aresztowany i skazany za szpiegostwo na rzecz ZSRR. INSTYTUT PRZYZNAJE, \u017bE \u0179R\u00d3D\u0141A HISTORYCZNE POZWALA\u0141Y BEZ TRUDU USTALI\u0106 PRAWD\u0118 w tej sprawie i wyra\u017ca g\u0142\u0119bokie ubolewanie z powodu niestosowno\u015bci i braku staranno\u015bci przejawiaj\u0105cej si\u0119 w zaniechaniu odpowiedniej weryfikacji opublikowanej wiadomo\u015bci, bezprawnie naruszaj\u0105cej prawo pana Adama Michnika do kultywowania dobrej pami\u0119ci po jego zmar\u0142ym ojcu\u201d. (Podkr. &#8211; Pass)<\/p>\n<p>Kilka dni p\u00f3\u017aniej Michnika spotka\u0142a kolejna satysfakcja. Na \u0142amach prasy przeprosi\u0142 go g\u0142\u00f3wny specjalista Platformy do spraw etyki, Jaros\u0142aw Gowin. Dwa lata temu Gowin powiedzia\u0142: \u201ePami\u0119tam jak wiele lat temu za poparcie idei lustracji zosta\u0142em przez Michnika nazwany faszyst\u0105\u201d. Michnik domaga\u0142 si\u0119 odwo\u0142ania k\u0142amstwa, a gdy to nie nast\u0105pi\u0142o \u2013 odda\u0142 spraw\u0119 do s\u0105du. Wynik:<\/p>\n<p>\u201eO\u015bwiadczenie. W moim wywiadzie dla \u201aDziennika\u2019 pt. \u2018Polski sp\u00f3r o modernizacj\u0119\u2019 (dodatek \u2018Europa\u2019 z dnia 28 lipca 2007 roku) stwierdzi\u0142em m.in., \u017ce Adam Michnik nazwa\u0142 mnie faszyst\u0105. Przyznaj\u0119, \u017ce wypowied\u017a ta nie polega\u0142a na prawdzie, bowiem w rzeczywisto\u015bci Adam Michnik w toku przywo\u0142anej przeze mnie debaty nie nazwa\u0142 mnie faszyst\u0105. Przepraszam Pana Adama Michnika, redaktora naczelnego \u2018Gazety Wyborczej\u2019, za nieprawdziw\u0105, znies\u0142awiaj\u0105c\u0105 wypowied\u017a, godz\u0105c\u0105 w jego dobre imi\u0119. Jaros\u0142aw Gowin.\u201d<\/p>\n<p>Michnik ma prawo m\u00f3wi\u0107 o satysfakcji, kt\u00f3rej mu i tak nie brakuje. Popieram jego postaw\u0119: za oszczerstwa \u2013 wezwanie do sprostowania i przeprosin, a gdy to nie skutkuje \u2013 do s\u0105du. Nie chodzi tu bowiem o Michnika, kt\u00f3remu \u017caden IPN ani senator Gowin nie jest w stanie zaszkodzi\u0107. Nie twierdz\u0119, \u017ce w ka\u017cdej sprawie s\u0105dowej Michnik mia\u0142 racj\u0119. Chodzi o dobre obyczaje w Polsce. Michnik ma wi\u0119ksze mo\u017cliwo\u015bci ni\u017c szeregowy dziennikarz czy osoba prywatna, aby zwalcza\u0107 oszczerstwa i dba\u0107 o dobre obyczaje w \u017cyciu publicznym. Czasami uciekanie si\u0119 do s\u0105d\u00f3w wygl\u0105da na pieniactwo i bywa, nadu\u017cywane, ale i tak \u2013 w por\u00f3wnaniu do ilo\u015bci obelg i bezpodstawnych oskar\u017ce\u0144 formu\u0142owanych w \u017cyciu publicznym \u2013 s\u0105dy maj\u0105 w tej dziedzinie ma\u0142o roboty. A to dlatego, \u017ce orzekaj\u0105 zbyt \u0142agodnie. Kiedy Temida b\u0119dzie bardziej surowa, gdy mocniej uderzy winnych po kieszeni, tak jak to czyni w USA, by\u0107 mo\u017ce odpowiedzialno\u015b\u0107 autor\u00f3w za s\u0142owo b\u0119dzie wi\u0119ksza. Je\u015bli chodzi o mnie \u2013 popieram pieniaczy.<\/p>\n<p>***<\/p>\n<p><strong>PS<\/strong>.<\/p>\n<p><strong>Wodnik 53<\/strong>: dzi\u0119ki za dobre s\u0142owo pod adresem naszego bloga. Podobnie jak Pan uwa\u017cam, \u017ce \u201ejest bardzo tolerancyjny\u201d.<\/p>\n<p><strong>PIRS<\/strong>: Propozycja podzia\u0142u bloga na dzia\u0142y tematyczne \u2013 oryginalna, ale chyba niepraktyczna. Urok bloga polega m.in. na tym, \u017ce jest to kogel-mogel i ucieraj\u0105 si\u0119 rozmaite pogl\u0105dy w r\u00f3\u017cnych sprawach.<\/p>\n<p><strong>Jacobsky<\/strong>: Ch\u0119tnie bym przeczyta\u0142 obszerniejsze opracowanie o ewolucji pogl\u0105d\u00f3w Jeffreya Sachsa. A jest ona uderzaj\u0105ca.<\/p>\n<p>***<\/p>\n<p><strong>Wszystkim blogowiczom sk\u0142adam podzi\u0119kowania za obecno\u015b\u0107 i za aktywno\u015b\u0107, oraz najlepsze \u017cyczenia w realu oraz w wirtualu \u2013 do zobaczenia w Nowym Roku na starym blogu (ju\u017c czwarty rok!)<\/strong>.<\/p>\n","protected":false},"excerpt":{"rendered":"<p>Adam Michnik ma t\u0119 s\u0142abo\u015b\u0107, \u017ce od czasu do czasu, kiedy zostanie znies\u0142awiony \u2013 oddaje spraw\u0119 do s\u0105du. Oczywi\u015bcie, do tego trzeba mie\u0107 racj\u0119, adwokata, cierpliwo\u015b\u0107 i temperament Michnika. Przeciwnicy Michnika, zw\u0142aszcza z kr\u0119gu \u201eRzeczpospolitej\u201d i dawnego \u201eDziennika\u201d, nazywaj\u0105 to pieniactwem, ograniczaniem wolno\u015bci s\u0142owa, z kt\u00f3rej sami ch\u0119tnie korzystaj\u0105, pisz\u0105c np., \u017ce Michnik ca\u0142e \u017cycie [&hellip;]<\/p>\n","protected":false},"author":4,"featured_media":0,"comment_status":"open","ping_status":"open","sticky":false,"template":"","format":"standard","meta":{"footnotes":""},"categories":[1],"tags":[],"_links":{"self":[{"href":"https:\/\/blog.polityka.pl\/passent\/wp-json\/wp\/v2\/posts\/646"}],"collection":[{"href":"https:\/\/blog.polityka.pl\/passent\/wp-json\/wp\/v2\/posts"}],"about":[{"href":"https:\/\/blog.polityka.pl\/passent\/wp-json\/wp\/v2\/types\/post"}],"author":[{"embeddable":true,"href":"https:\/\/blog.polityka.pl\/passent\/wp-json\/wp\/v2\/users\/4"}],"replies":[{"embeddable":true,"href":"https:\/\/blog.polityka.pl\/passent\/wp-json\/wp\/v2\/comments?post=646"}],"version-history":[{"count":0,"href":"https:\/\/blog.polityka.pl\/passent\/wp-json\/wp\/v2\/posts\/646\/revisions"}],"wp:attachment":[{"href":"https:\/\/blog.polityka.pl\/passent\/wp-json\/wp\/v2\/media?parent=646"}],"wp:term":[{"taxonomy":"category","embeddable":true,"href":"https:\/\/blog.polityka.pl\/passent\/wp-json\/wp\/v2\/categories?post=646"},{"taxonomy":"post_tag","embeddable":true,"href":"https:\/\/blog.polityka.pl\/passent\/wp-json\/wp\/v2\/tags?post=646"}],"curies":[{"name":"wp","href":"https:\/\/api.w.org\/{rel}","templated":true}]}}