
{"id":6461,"date":"2020-11-06T15:48:03","date_gmt":"2020-11-06T14:48:03","guid":{"rendered":"https:\/\/passent.blog.polityka.pl\/?p=6461"},"modified":"2020-11-06T18:37:09","modified_gmt":"2020-11-06T17:37:09","slug":"lepszy-wirus-niz-niemiec","status":"publish","type":"post","link":"https:\/\/blog.polityka.pl\/passent\/2020\/11\/06\/lepszy-wirus-niz-niemiec\/","title":{"rendered":"Lepszy wirus ni\u017c Niemiec"},"content":{"rendered":"\n<p>Polska nie przyj\u0119\u0142a pomocy od Niemiec w walce z pandemi\u0105. Polska s\u0142u\u017cba zdrowia ledwo dyszy. Brak \u0142\u00f3\u017cek, lekarzy i piel\u0119gniarek, brak miejsc w prosektoriach, wszystko to grozi zapa\u015bci\u0105. Tymczasem nasi zachodni s\u0105siedzi, nasz najwa\u017cniejszy partner w Europie, w ramach solidarno\u015bci, na kt\u00f3rej nam podobno tak zale\u017cy, oferuj\u0105 Polsce i innym pomoc &#8211; maj\u0105 to, czego nam brakuje: wolne odpowiednie \u0142\u00f3\u017cka, lekarzy, personel.<\/p>\n\n\n\n<!--more-->\n\n\n\n<p>Pomoc niemieck\u0105 przyj\u0119\u0142o ju\u017c kilka pa\u0144stw, m.in. Francja, Hiszpania, W\u0142ochy i Czechy. Pacjenci z tych kraj\u00f3w s\u0105 leczeni w Niemczech, s\u0105 w dobrych r\u0119kach, w dobrych warunkach. W ramach pomocy Niemcy dostarczaj\u0105 te\u017c innym krajom respiratory. Te kraje te\u017c maj\u0105 swoj\u0105 dum\u0119 narodow\u0105. Nie kieruj\u0105 si\u0119 fa\u0142szywie poj\u0119t\u0105 ambicj\u0105, tylko dobrem pacjent\u00f3w, kt\u00f3rzy walcz\u0105 o \u017cycie. Natomiast Polska si\u0119 kryguje i wstydzi powiedzie\u0107: \u201etak, dzi\u0119kujemy, uzgodnimy, w czym mo\u017cecie nam pom\u00f3c, i nasi chorzy oraz medycy b\u0119d\u0105 zadowoleni, zobacz\u0105 solidarno\u015b\u0107 w dzia\u0142aniu\u201d. \u0141\u0105cz\u0105 nas wsp\u00f3lne warto\u015bci, z kt\u00f3rych najwa\u017cniejsz\u0105 jest \u017cycie.<\/p>\n\n\n\n<p>Jak donosz\u0105 media, kiedy Andrzej Duda z\u0142apa\u0142 wirusa (a raczej odwrotnie \u2013 wirus z\u0142apa\u0142 Dud\u0119), prezydent Niemiec Frank-Walter Steinmeier w \u0142adnym ge\u015bcie wystosowa\u0142 do swojego polskiego odpowiednika list z \u017cyczeniami szybkiego powrotu do zdrowia. W li\u015bcie znalaz\u0142a si\u0119 tak\u017ce oferta pomocy dla polskiej s\u0142u\u017cby zdrowia (wysuwana przez Niemcy od 21 pa\u017adziernika). Propozycja kusz\u0105ca, poniewa\u017c epidemia w Polsce szaleje, umar\u0142y ju\u017c i b\u0119d\u0105 umiera\u0107 tysi\u0105ce Polak\u00f3w. Pomoc nale\u017cy przyj\u0105\u0107 z ka\u017cdej strony, nawet od diab\u0142a. To najwy\u017cszy nakaz moralny. Fa\u0142szywie poj\u0119t\u0105 dum\u0119 narodow\u0105 nale\u017cy schowa\u0107 do kieszeni, przyjdzie na ni\u0105 czas, kiedy to Polska b\u0119dzie pomaga\u0107 innym. Tak\u017ce dla bogatych i obci\u0105\u017conych histori\u0105 Niemiec nakaz pomocy krajom s\u0105siednim jest zrozumia\u0142y.<\/p>\n\n\n\n<p>Tymczasem zar\u00f3wno odpowied\u017a Dudy, jak i komentarze polityk\u00f3w obozu rz\u0105dz\u0105cego w Polsce nie pozostawiaj\u0105 z\u0142udze\u0144: dzi\u0119kujemy, nie skorzystamy. Na naszym blogu kto\u015b (sorry, nie pami\u0119tam, kto) kto\u015b przytoczy\u0142 znamienn\u0105 statystyk\u0119. Niemcy maj\u0105 84 mln mieszka\u0144c\u00f3w, Polska ok. 38 mln. Dwa dni temu w Niemczech zmar\u0142y 83 osoby, w Polsce 173, tj. ponaddwukrotnie wi\u0119cej, nie m\u00f3wi\u0105c o liczbie mieszka\u0144c\u00f3w. \u015amiertelno\u015b\u0107 na milion mieszka\u0144c\u00f3w wynosi w Niemczech 131 os\u00f3b, a w Polsce 171. To po prostu przepa\u015b\u0107. Rz\u0105d polski ma wr\u0119cz obowi\u0105zek przyj\u0105\u0107 pomoc. W jaki spos\u00f3b wyt\u0142umaczy walcz\u0105cym z pandemi\u0105 Polakom, tym na korytarzach, na pod\u0142ogach, na stadionach, \u017ce nie skorzysta\u0142 z oferty?<\/p>\n\n\n\n<p>Racj\u0119 ma RPO prof. Adam Bodnar, kt\u00f3ry w li\u015bcie do premiera Morawieckiego \u201ewyra\u017ca ubolewanie, \u017ce do tej pory polskie w\u0142adze nie zdecydowa\u0142y si\u0119 na przyj\u0119cie wsparcia\u201d. Mo\u017ce w\u0142adze, zamiast fotografowa\u0107 si\u0119 z dum\u0105 na tle Szpitala Narodowego, p\u00f3jd\u0105 po rozum do g\u0142owy i zachowaj\u0105 si\u0119 wobec polskich chorych nie tylko m\u0105drze, ale wr\u0119cz przyzwoicie? Reakcja w\u0142adz na niemieck\u0105 propozycj\u0119 mie\u015bci si\u0119 w naszej tradycji: z bosk\u0105 pomoc\u0105 go\u0142ymi r\u0119koma wygramy z wirusem.<\/p>\n\n\n\n<p><strong>Zaproszenie<\/strong><br>Dr hab. Agnieszka Graff (pisarka, t\u0142umaczka, literaturoznawczyni, feministka) oraz dr \u0141ukasz Paw\u0142owski (publicysta, autor ksi\u0105\u017cki \u201eDruga faza prywatyzacji. Niezamierzone skutki rz\u0105d\u00f3w PiS\u201d) b\u0119d\u0105 naszymi go\u015b\u0107mi w Radiu TOK FM &#8211; niedziela, godz. 10. Do us\u0142yszenia!<\/p>\n","protected":false},"excerpt":{"rendered":"<p>Polska nie przyj\u0119\u0142a pomocy od Niemiec w walce z pandemi\u0105. Polska s\u0142u\u017cba zdrowia ledwo dyszy. Brak \u0142\u00f3\u017cek, lekarzy i piel\u0119gniarek, brak miejsc w prosektoriach, wszystko to grozi zapa\u015bci\u0105. Tymczasem nasi zachodni s\u0105siedzi, nasz najwa\u017cniejszy partner w Europie, w ramach solidarno\u015bci, na kt\u00f3rej nam podobno tak zale\u017cy, oferuj\u0105 Polsce i innym pomoc &#8211; maj\u0105 to, czego [&hellip;]<\/p>\n","protected":false},"author":4,"featured_media":6464,"comment_status":"open","ping_status":"closed","sticky":false,"template":"","format":"standard","meta":{"footnotes":""},"categories":[1],"tags":[],"_links":{"self":[{"href":"https:\/\/blog.polityka.pl\/passent\/wp-json\/wp\/v2\/posts\/6461"}],"collection":[{"href":"https:\/\/blog.polityka.pl\/passent\/wp-json\/wp\/v2\/posts"}],"about":[{"href":"https:\/\/blog.polityka.pl\/passent\/wp-json\/wp\/v2\/types\/post"}],"author":[{"embeddable":true,"href":"https:\/\/blog.polityka.pl\/passent\/wp-json\/wp\/v2\/users\/4"}],"replies":[{"embeddable":true,"href":"https:\/\/blog.polityka.pl\/passent\/wp-json\/wp\/v2\/comments?post=6461"}],"version-history":[{"count":3,"href":"https:\/\/blog.polityka.pl\/passent\/wp-json\/wp\/v2\/posts\/6461\/revisions"}],"predecessor-version":[{"id":6465,"href":"https:\/\/blog.polityka.pl\/passent\/wp-json\/wp\/v2\/posts\/6461\/revisions\/6465"}],"wp:featuredmedia":[{"embeddable":true,"href":"https:\/\/blog.polityka.pl\/passent\/wp-json\/wp\/v2\/media\/6464"}],"wp:attachment":[{"href":"https:\/\/blog.polityka.pl\/passent\/wp-json\/wp\/v2\/media?parent=6461"}],"wp:term":[{"taxonomy":"category","embeddable":true,"href":"https:\/\/blog.polityka.pl\/passent\/wp-json\/wp\/v2\/categories?post=6461"},{"taxonomy":"post_tag","embeddable":true,"href":"https:\/\/blog.polityka.pl\/passent\/wp-json\/wp\/v2\/tags?post=6461"}],"curies":[{"name":"wp","href":"https:\/\/api.w.org\/{rel}","templated":true}]}}