
{"id":648,"date":"2010-01-06T11:46:12","date_gmt":"2010-01-06T10:46:12","guid":{"rendered":"http:\/\/passent.blog.polityka.pl\/?p=648"},"modified":"2010-01-06T14:23:33","modified_gmt":"2010-01-06T13:23:33","slug":"wojna-o-krzyze","status":"publish","type":"post","link":"https:\/\/blog.polityka.pl\/passent\/2010\/01\/06\/wojna-o-krzyze\/","title":{"rendered":"Wojna o krzy\u017ce"},"content":{"rendered":"<p><strong>A wi\u0119c mamy i my pierwszy pozew do s\u0105du o zdj\u0119cie krzy\u017cy ze \u015bcian instytucji pa\u0144stwowej, jak\u0105 jest Urz\u0105d Miejski w \u015awinouj\u015bciu. Spraw\u0119 Les\u0142aw Maciejewski (53 lata, malarz budowlany) przeciwko urz\u0119dowi b\u0119d\u0119 \u015bledzi\u0142, ale bez podniecania si\u0119<\/strong>.<\/p>\n<p>Dobrze si\u0119 sta\u0142o, \u017ce pan Maciejewski wni\u00f3s\u0142 pozew, \u017ale by by\u0142o, gdyby z tego powodu wybuch\u0142a wojna o krzy\u017ce. Nie jest nam potrzebna wyprawa antykrzy\u017cowa, raczej spokojny dialog i rozstrzygni\u0119cia s\u0105dowe. Ja osobi\u015bcie swoj\u0105 publicystyk\u0105 nie zamierzam dolewa\u0107 oliwy do ognia (odprowadza\u0142em swojego pasierba, kiedy by\u0142 dzieckiem, do punktu katechetycznego, bo taka by\u0142a wola jego mamy, a tak\u017ce zdejmuj\u0119 czapk\u0119 przechodz\u0105c przed ko\u015bcio\u0142em, \u017ceby uszanowa\u0107 obyczaj), ale nie ma te\u017c co chowa\u0107 g\u0142owy w piasek i udawa\u0107, \u017ce sprawy nie ma, a pan Maciejewski niepotrzebnie si\u0119 unosi.<\/p>\n<p>W moim mniemaniu krzy\u017c w Polsce pe\u0142ni podw\u00f3jn\u0105 rol\u0119. Jest symbolem religijnym, dla wi\u0119kszo\u015bci Polak\u00f3w \u015bwi\u0119tym, i jak \u017cadnego symbolu religijnego nie wolno go zniewa\u017ca\u0107, demonstracyjnie zdejmowa\u0107, usuwa\u0107 etc. Ale krzy\u017c w miejscach publicznych, np. na placach, ulicach, lotniskach, a tym bardziej krzy\u017c w miejscu urz\u0119dowym (Sejm, Kancelaria Prezydenta, szko\u0142y publiczne, urz\u0119du pa\u0144stwowe i samorz\u0105dowe) ma inny charakter ni\u017c krzy\u017cyk na szyi, w kaplicy czy w mieszkaniu. Krzy\u017c w miejscu publicznym jest symbolem sojuszu o\u0142tarza i tronu, Ko\u015bcio\u0142a i pa\u0144stwa. W Polsce towarzyszy on cz\u0142owiekowi od urodzenia w publicznym szpitalu, poprzez publiczne przedszkole, szko\u0142\u0119, a\u017c po szpital i ostatnie tchnienie. Praktycznie dotyczy to ka\u017cdego cz\u0142owieka, tak\u017ce znikomej mniejszo\u015bci, kt\u00f3ra w Polsce nie jest katolicka, a kt\u00f3ra b\u0119dzie rosn\u0105\u0107.<\/p>\n<p>Ja osobi\u015bcie nie zamierzam po\u015bwi\u0119ci\u0107 reszty \u017cycia na walk\u0119 o \u015bwieckie pa\u0144stwo, przeciwko pa\u0144stwu wyznaniowemu, nie jest to m\u00f3j temat, \u201emy cup of tea\u201d, ale rozumiem pana Maciejewskiego ze \u015awinouj\u015bcia. W Polsce nie ma wyra\u017anego rozdzia\u0142u Ko\u015bcio\u0142a od pa\u0144stwa, na mocy konkordatu, a tak\u017ce utrwalonych obyczaj\u00f3w, Ko\u015bci\u00f3\u0142 katolicki cieszy si\u0119 ogromnymi przywilejami. Emerytury duchowie\u0144stwa p\u0142aci pa\u0144stwo, pa\u0144stwo kszta\u0142ci duchownych, subwencjonuje uczelnie i zabytki ko\u015bcielne (co rozumiem, poniewa\u017c ratuje skarby kultury i popiera o\u015bwiat\u0119), w przedszkolu, na zebraniu rodzicielskim rodzice zapisuj\u0105 dzieci hurtem \u2013 na obiady, na angielski, na muzyk\u0119, na katechez\u0119, w szkole katecheza jest ju\u017c praktycznie obowi\u0105zkowa, ka\u017cde kolejne orzeczenie Trybuna\u0142u Konstytucyjnego przybli\u017ca nas ku temu, \u017ce religia staje si\u0119 r\u00f3wnie wa\u017cna jak matematyka czy chemia (i tak b\u0119dzie \u201eodrabiana\u201d przez m\u0142odzie\u017c).<\/p>\n<p>Komisja Maj\u0105tkowa bez \u017cadnego nadzoru s\u0105dowego, parlamentarnego czy rz\u0105dowego, z naddatkiem zwraca\u0142a Ko\u015bcio\u0142owi skonfiskowane przez komunist\u00f3w maj\u0105tki (taka \u0142aska nie spotka\u0142a \u015bwieckich ofiar upa\u0144stwowienia i nacjonalizacji), politycy obu najwa\u017cniejszych partii pielgrzymuj\u0105 do \u201eswoich\u201d duchownych w Krakowie lub w Toruniu, funkcjonariusze instytucji pa\u0144stwowych pielgrzymuj\u0105 do Cz\u0119stochowy nie jako osoby prywatne czy cz\u0142onkowie parafii (co jest absolutnie normalne), ale jako pracownicy instytucji X lub Y, przedstawiciele duchowie\u0144stwa uczestnicz\u0105 w ka\u017cdej uroczysto\u015bci pa\u0144stwowej \u2013 od inauguracji roku szkolnego po wa\u017cne obchody i defilady, itd. itp.<\/p>\n<p>Oczywi\u015bcie, wiele daje si\u0119 wyt\u0142umaczy\u0107 histori\u0105, kultur\u0105, religijno\u015bci\u0105 spo\u0142ecze\u0144stwa polskiego, a tak\u017ce zas\u0142ugami Ko\u015bcio\u0142a katolickiego dla ocalenia polsko\u015bci, wiary, j\u0119zyka, niezale\u017cno\u015bci w latach zabor\u00f3w, okupacji hitlerowskiej i dominacji radzieckiej, kiedy Ko\u015bci\u00f3\u0142 najpierw by\u0142 prze\u015bladowany, a kardyna\u0142 Wyszy\u0144ski internowany, kiedy zgod\u0119 na budow\u0119 ka\u017cdej \u015bwi\u0105tyni trzeba by\u0142o wyszarpa\u0107 w\u0142adzy, a s\u0142u\u017cby specjalne szanta\u017cowa\u0142y duchownych. Ale od tamtych czas\u00f3w min\u0119\u0142o ju\u017c kilkadziesi\u0105t lat i obecnie popadli\u015bmy w drug\u0105 skrajno\u015b\u0107, kiedy Sejm przeznacza miliony na budow\u0119 gigantycznej \u015bwi\u0105tyni, przemianowanej w tym celu na muzeum.<\/p>\n<p>Nic wi\u0119c dziwnego, \u017ce kto\u015b powiedzia\u0142 \u201edo\u015b\u0107!\u201d. S\u0105dz\u0119, \u017ce nie od razu, ale stopniowo, krok po kroku \u2013 pomimo ogromnego sprzeciwu obro\u0144c\u00f3w pa\u0144stwa wyznaniowego, z prezydentem Lechem Kaczy\u0144skim, kt\u00f3ry od razu odrzuci\u0142 orzeczenie mi\u0119dzynarodowego trybuna\u0142u \u2013 pa\u0144stwo b\u0119dzie nabiera\u0142o charakteru \u015bwieckiego. Tak b\u0119dzie lepiej dla ko\u015bcio\u0142\u00f3w i dla pa\u0144stwa.<\/p>\n<p>***<\/p>\n<p><strong>PS<\/strong>.<\/p>\n<p><strong>Absolwent<\/strong> \u2013 brawo za wpis dotycz\u0105cy kwalifikacji ekonomicznych takich os\u00f3b jak Stefan Kisielewski, KTT, \u017bakowski, \u0141agowski i inni, kt\u00f3rzy o\u015bmielaj\u0105 si\u0119 dyskutowa\u0107 o planie Balcerowicza. Podobnie jak formalne wykszta\u0142cenie nie ma znaczenia w sprawie pos\u0142anki Kempy w komisji hazardowej, tak i \u201eczepianie\u201d si\u0119 wykszta\u0142cenia ma odwraca\u0107 uwag\u0119 od sprawy.<\/p>\n<p><strong>Bibliotekarz<\/strong> \u2013 to prawda, wiele lat temu, kiedy pisa\u0142em teksty satyryczne, napisa\u0142em parodi\u0119 rz\u0105dowej troski o zaopatrzenie ludno\u015bci w marihuan\u0119, ale nie ma tego tekstu i wiem, gdzie m\u00f3g\u0142by by\u0107. Pozdrawiam!<\/p>\n","protected":false},"excerpt":{"rendered":"<p>A wi\u0119c mamy i my pierwszy pozew do s\u0105du o zdj\u0119cie krzy\u017cy ze \u015bcian instytucji pa\u0144stwowej, jak\u0105 jest Urz\u0105d Miejski w \u015awinouj\u015bciu. Spraw\u0119 Les\u0142aw Maciejewski (53 lata, malarz budowlany) przeciwko urz\u0119dowi b\u0119d\u0119 \u015bledzi\u0142, ale bez podniecania si\u0119. Dobrze si\u0119 sta\u0142o, \u017ce pan Maciejewski wni\u00f3s\u0142 pozew, \u017ale by by\u0142o, gdyby z tego powodu wybuch\u0142a wojna o [&hellip;]<\/p>\n","protected":false},"author":4,"featured_media":0,"comment_status":"open","ping_status":"open","sticky":false,"template":"","format":"standard","meta":{"footnotes":""},"categories":[1],"tags":[],"_links":{"self":[{"href":"https:\/\/blog.polityka.pl\/passent\/wp-json\/wp\/v2\/posts\/648"}],"collection":[{"href":"https:\/\/blog.polityka.pl\/passent\/wp-json\/wp\/v2\/posts"}],"about":[{"href":"https:\/\/blog.polityka.pl\/passent\/wp-json\/wp\/v2\/types\/post"}],"author":[{"embeddable":true,"href":"https:\/\/blog.polityka.pl\/passent\/wp-json\/wp\/v2\/users\/4"}],"replies":[{"embeddable":true,"href":"https:\/\/blog.polityka.pl\/passent\/wp-json\/wp\/v2\/comments?post=648"}],"version-history":[{"count":0,"href":"https:\/\/blog.polityka.pl\/passent\/wp-json\/wp\/v2\/posts\/648\/revisions"}],"wp:attachment":[{"href":"https:\/\/blog.polityka.pl\/passent\/wp-json\/wp\/v2\/media?parent=648"}],"wp:term":[{"taxonomy":"category","embeddable":true,"href":"https:\/\/blog.polityka.pl\/passent\/wp-json\/wp\/v2\/categories?post=648"},{"taxonomy":"post_tag","embeddable":true,"href":"https:\/\/blog.polityka.pl\/passent\/wp-json\/wp\/v2\/tags?post=648"}],"curies":[{"name":"wp","href":"https:\/\/api.w.org\/{rel}","templated":true}]}}