
{"id":6480,"date":"2020-11-19T16:18:21","date_gmt":"2020-11-19T15:18:21","guid":{"rendered":"https:\/\/passent.blog.polityka.pl\/?p=6480"},"modified":"2020-11-19T17:08:08","modified_gmt":"2020-11-19T16:08:08","slug":"veto-golo-ale-wesolo","status":"publish","type":"post","link":"https:\/\/blog.polityka.pl\/passent\/2020\/11\/19\/veto-golo-ale-wesolo\/","title":{"rendered":"Weto: go\u0142o, ale weso\u0142o"},"content":{"rendered":"\n<p>Nie mam do rz\u0105du PiS za grosz zaufania, ale nie wierz\u0119, \u017ce w naszym imieniu skorzystaj\u0105 z prawa weta przy decyzjach dotycz\u0105cych bud\u017cetu i Funduszu Odbudowy Unii Europejskiej. Spo\u0142ecze\u0144stwo by im tego nie wybaczy\u0142o.<\/p>\n\n\n\n<!--more-->\n\n\n\n<p>Mia\u0142o obiecane przez Morawieckiego miliardy dolar\u00f3w, tak w pandemii potrzebnych. I nagle m\u00f3wimy: \u201enie!\u201d. Dlaczego, jakim prawem? Ano dlatego, \u017ce panowie Kaczy\u0144ski i Ziobro k\u0142\u00f3c\u0105 si\u0119 o to, kt\u00f3ry z nich jest wi\u0119kszym patriot\u0105 i wywr\u00f3ci stolik w Brukseli. 25 pa\u0144stw jest dogadanych, tylko Polska i W\u0119gry s\u0105 przeciw. Nie podoba im si\u0119 (\u201eim\u201d, to znaczy nam, milionom Polek i Polak\u00f3w), \u017ce wyp\u0142ata b\u0119dzie uzale\u017cniona od przestrzegania zasad praworz\u0105dno\u015bci, a konkretnie od gospodarowania pieni\u0119dzmi z \u201ewyimaginowanej wsp\u00f3lnoty\u201d (autor: Andrzej Duda) w spos\u00f3b zgodny z prawem.<\/p>\n\n\n\n<p>Holendrzy, Du\u0144czycy, Belgowie, Niemcy i inni p\u0142atnicy netto w Unii nie chc\u0105 p\u0142aci\u0107 za bezprawie w Polsce, za to, co zrobiono z Trybuna\u0142em Konstytucyjnym, z S\u0105dem Najwy\u017cszym, z telewizj\u0105 publiczn\u0105, za lizusostwo wobec USA oraz lekcewa\u017cenie Unii Europejskiej, Komisji Weneckiej, orzecze\u0144 TSUE itd. Towarzyszy temu ch\u00f3r medi\u00f3w na Zachodzie \u2013 tak jednomy\u015blnych w krytyce Polski i W\u0119gier, \u017ce a\u017c w\u0142adza m\u00f3wi o \u201ewielkim spisku przeciwko Polsce\u201d.<\/p>\n\n\n\n<p>Dlaczego Polska jest tak zdenerwowana z powodu praworz\u0105dno\u015bci? Rzekomo dlatego, \u017ce zasada \u201epieni\u0105dze za praworz\u0105dno\u015b\u0107\u201d daje mo\u017cliwo\u015b\u0107 ingerencji w sprawy wewn\u0119trzne pa\u0144stw cz\u0142onkowskich, pozwala na \u201eszanta\u017c pieni\u0119dzmi\u201d. Ale co jest z\u0142ego w przestrzeganiu prawa? Nic, absolutnie nic, tylko jest to wygodny pretekst do walki o w\u0142adz\u0119 w Polsce.<\/p>\n\n\n\n<p>Kto jest lepszym Polakiem, kto g\u0142o\u015bniej krzyknie \u201enie\u201d, \u201enon possumus\u201d, kto stanie obok wielkich Rejtan\u00f3w, kogo b\u0119d\u0105 wymienia\u0107 jednym tchem z kardyna\u0142em Wyszy\u0144skim. Kto lepiej zagra na strunie patriotyzmu, niezawis\u0142o\u015bci, godno\u015bci narodowej. Kto usadzi si\u0119 mocniej i rozepcha si\u0119 bardziej na narodowej scenie, kto wyeliminuje kogo, kto b\u0119dzie mocniejszy w Sejmie. To dlatego plot\u0105 bzdury, takie jak by\u0142y minister spraw zagranicznych W. Waszczykowski, \u017ce w razie zawetowania bud\u017cetu przez Polsk\u0119 \u201ekrzywda jej si\u0119 nie stanie\u201d. Ciekawe, co Polska i W\u0119gry zrobi\u0105, je\u015bli pozosta\u0142ych 25 pa\u0144stw porozumie si\u0119 i kareta odjedzie bez nas.<\/p>\n\n\n\n<p>Nie powiedz\u0105 nic, bo nawet ich g\u0142upota ma swoje granice. Nie s\u0105 tacy, by skoczy\u0107 w ogie\u0144. Moim zdaniem prezydencja niemiecka w Unii (i faktycznie w Europie) znajdzie wyj\u015bcie \u201ekompromisowe\u201d, drobne retusze w tek\u015bcie b\u0105d\u017a za\u0142\u0105czniki obu stron, jak rozumiej\u0105 ostateczne porozumienie. Premier Morawiecki i premier Kaczy\u0144ski oraz minister Ziobro \u2013 wszyscy b\u0119d\u0105 dumni z sukcesu. Rubla dostan\u0105 i cnot\u0119 ocal\u0105.<\/p>\n","protected":false},"excerpt":{"rendered":"<p>Nie mam do rz\u0105du PiS za grosz zaufania, ale nie wierz\u0119, \u017ce w naszym imieniu skorzystaj\u0105 z prawa weta przy decyzjach dotycz\u0105cych bud\u017cetu i Funduszu Odbudowy Unii Europejskiej. Spo\u0142ecze\u0144stwo by im tego nie wybaczy\u0142o.<\/p>\n","protected":false},"author":4,"featured_media":6483,"comment_status":"open","ping_status":"closed","sticky":false,"template":"","format":"standard","meta":{"footnotes":""},"categories":[1],"tags":[],"_links":{"self":[{"href":"https:\/\/blog.polityka.pl\/passent\/wp-json\/wp\/v2\/posts\/6480"}],"collection":[{"href":"https:\/\/blog.polityka.pl\/passent\/wp-json\/wp\/v2\/posts"}],"about":[{"href":"https:\/\/blog.polityka.pl\/passent\/wp-json\/wp\/v2\/types\/post"}],"author":[{"embeddable":true,"href":"https:\/\/blog.polityka.pl\/passent\/wp-json\/wp\/v2\/users\/4"}],"replies":[{"embeddable":true,"href":"https:\/\/blog.polityka.pl\/passent\/wp-json\/wp\/v2\/comments?post=6480"}],"version-history":[{"count":5,"href":"https:\/\/blog.polityka.pl\/passent\/wp-json\/wp\/v2\/posts\/6480\/revisions"}],"predecessor-version":[{"id":6486,"href":"https:\/\/blog.polityka.pl\/passent\/wp-json\/wp\/v2\/posts\/6480\/revisions\/6486"}],"wp:featuredmedia":[{"embeddable":true,"href":"https:\/\/blog.polityka.pl\/passent\/wp-json\/wp\/v2\/media\/6483"}],"wp:attachment":[{"href":"https:\/\/blog.polityka.pl\/passent\/wp-json\/wp\/v2\/media?parent=6480"}],"wp:term":[{"taxonomy":"category","embeddable":true,"href":"https:\/\/blog.polityka.pl\/passent\/wp-json\/wp\/v2\/categories?post=6480"},{"taxonomy":"post_tag","embeddable":true,"href":"https:\/\/blog.polityka.pl\/passent\/wp-json\/wp\/v2\/tags?post=6480"}],"curies":[{"name":"wp","href":"https:\/\/api.w.org\/{rel}","templated":true}]}}