
{"id":6487,"date":"2020-11-22T18:37:00","date_gmt":"2020-11-22T17:37:00","guid":{"rendered":"https:\/\/passent.blog.polityka.pl\/?p=6487"},"modified":"2020-11-22T22:55:54","modified_gmt":"2020-11-22T21:55:54","slug":"zeman-tak-duda-nie","status":"publish","type":"post","link":"https:\/\/blog.polityka.pl\/passent\/2020\/11\/22\/zeman-tak-duda-nie\/","title":{"rendered":"Zeman \u2013 tak, Duda &#8211; nie"},"content":{"rendered":"\n<p>Trump by\u0142by bardziej rozs\u0105dny, gdyby przyzna\u0142, \u017ce przegra\u0142 wybory, i odszed\u0142 \u2013 powiedzia\u0142 kilka dni temu prezydent Czech Milo\u0161 Zeman. Udzieli\u0142 poparcia Trumpowi przed wyborami 2016, ale w tym roku ju\u017c nie. Przeczyta\u0142em z uznaniem jego wypowied\u017a, bo nasz prezydent, kt\u00f3ry wisi u klamki Trumpa, nie mo\u017ce sobie pozwoli\u0107 na w\u0142asne zdanie i na tak\u0105 szczero\u015b\u0107.<\/p>\n\n\n\n<!--more-->\n\n\n\n<p>Prezydentura Trumpa ko\u0144czy si\u0119 20 stycznia w po\u0142udnie. Co si\u0119 do tego czasu wydarzy \u2013 nie wiadomo. Trump na d\u0142ugo przed wyborami sygnalizowa\u0142, \u017ce mog\u0105 nie by\u0107 miarodajne, poniewa\u017c znaczna cz\u0119\u015b\u0107 g\u0142os\u00f3w zostanie oddana korespondencyjnie. Zgromadzi\u0142 wi\u0119c ca\u0142\u0105 kohort\u0119 prawnik\u00f3w (na czele ze swoim przyjacielem Giulianim, by\u0142ym burmistrzem Nowego Jorku), kt\u00f3ra ma za zadanie podwa\u017ca\u0107 wynik, je\u015bli b\u0119dzie niekorzystny. Tak si\u0119 te\u017c sta\u0142o. R\u00f3wnie\u017c Joe Biden nie ukrywa, co my\u015bli o zachowaniu prezydenta na wylocie.<\/p>\n\n\n\n<p>Jak informuje powa\u017cny dziennik &#8222;Boston Globe&#8221; (w\u0142asno\u015b\u0107 &#8222;NYT&#8221;), w czerwcu w Bostonie mia\u0142o miejsce \u201edyskretne\u201d spotkanie polityk\u00f3w obu partii, kt\u00f3rzy dyskutowali, co zrobi\u0107, je\u015bli Trump odm\u00f3wi przekazania w\u0142adzy. &#8222;Wszystkie omawiane scenariusze bra\u0142y pod uwag\u0119 zamieszki oraz impas polityczny\u201d \u2013 powiedzia\u0142a Rosa Brooks, profesor Uniwersytetu Georgetown, kt\u00f3ra pracowa\u0142a w Pentagonie, jedna z inicjatorek spotkania w Bostonie. &#8222;Trump nie musi wygra\u0107, wystarczy, \u017ce b\u0119dzie przekonuj\u0105co utrzymywa\u0142, \u017ce nie on przegra\u0142&#8221; \u2013 uwa\u017ca historyk Nils Gilman z Fundacji Berggruena.<\/p>\n\n\n\n<p>&#8222;W ko\u0142ach politycznych Waszyngtonu panuje obawa, \u017ce Trump si\u0119gnie po te same metody, jakimi zniszczy\u0142 zasady dobrych rz\u0105d\u00f3w i tradycj\u0119 pokojowego przekazania w\u0142adzy&#8221; \u2013 uwa\u017ca autor artyku\u0142u Jess Bidwood z &#8222;Boston Globe&#8221;. W\u015br\u00f3d zebranych dominowa\u0142o przekonanie, \u017ce przekazanie w\u0142adzy oparte jest nie tyle na prawie (kt\u00f3rego brak), ile na obyczaju. \u201eMamy raczej zasady przekazania w\u0142adzy ni\u017c ustawy\u201d \u2013 kwitowa\u0142a Rachel Kleinfeld, ekspertka fundacji Carnegie. Lawrence Douglas, autor ksi\u0105\u017cki o tym, co b\u0119dzie, je\u015bli Trump nie ust\u0105pi, jest zdania, \u017ce system ameryka\u0144ski nie jest przygotowany na tak\u0105 ewentualno\u015b\u0107. W rozmowie z pani\u0105 Brooks pewien s\u0119dzia federalny oraz znany prawnik zgodzili si\u0119, \u017ce je\u015bli Trump nie pogodzi si\u0119 z werdyktem, b\u0119d\u0105 musia\u0142y go wyprowadzi\u0107 z Bia\u0142ego Domu tajne s\u0142u\u017cby.<\/p>\n\n\n\n<p>Joe Biden powiedzia\u0142 w czerwcu: \u201ePrezydent b\u0119dzie po\u015brednio podwa\u017ca\u0142 wyniki, utrzymuj\u0105c, \u017ce wybory korespondencyjne s\u0105 nieodpowiednie, nieprawdziwe, niesprawiedliwe. (&#8230;) Je\u015bli b\u0119dzie trzeba, to Trumpa wyprowadzi si\u0119 z Bia\u0142ego Domu nawet si\u0142\u0105\u201d \u2013 m\u00f3wi\u0142 p\u00f3\u0142\u017cartem.<\/p>\n\n\n\n<p>\u201eIm wi\u0119cej b\u0119dzie demonstracji, im wi\u0119cej \u017c\u0105da\u0144 ponownego liczenia g\u0142os\u00f3w, im wi\u0119cej skarg w s\u0105dach, im wi\u0119cej lament\u00f3w nad demokracj\u0105, tym bardziej Trump b\u0119dzie postrzegany jako ten, kt\u00f3ry gwarantuje stabilizacj\u0119 \u2013 powiedzia\u0142 Edward Luce, korespondent &#8222;Financial Times&#8221; w USA. \u2013 Posiadana w\u0142adza to tyle, co 90 proc. prawa&#8221; \u2013 doda\u0142.<\/p>\n\n\n\n<p>Nie jest wi\u0119c wykluczone, \u017ce Trump wywinie jeszcze jaki\u015b numer. Prezydent Duda, zamiast wyczekiwa\u0107, powinien by\u0142 od razu pogratulowa\u0107 Bidenowi i p\u00f3j\u015b\u0107 \u015bladem Zemana. Teraz stoi w niewygodnym rozkroku.<\/p>\n","protected":false},"excerpt":{"rendered":"<p>Trump by\u0142by bardziej rozs\u0105dny, gdyby przyzna\u0142, \u017ce przegra\u0142 wybory, i odszed\u0142 \u2013 powiedzia\u0142 kilka dni temu prezydent Czech Milo\u0161 Zeman. Udzieli\u0142 poparcia Trumpowi przed wyborami 2016, ale w tym roku ju\u017c nie. Przeczyta\u0142em z uznaniem jego wypowied\u017a, bo nasz prezydent, kt\u00f3ry wisi u klamki Trumpa, nie mo\u017ce sobie pozwoli\u0107 na w\u0142asne zdanie i na tak\u0105 [&hellip;]<\/p>\n","protected":false},"author":4,"featured_media":6491,"comment_status":"open","ping_status":"closed","sticky":false,"template":"","format":"standard","meta":{"footnotes":""},"categories":[1],"tags":[],"_links":{"self":[{"href":"https:\/\/blog.polityka.pl\/passent\/wp-json\/wp\/v2\/posts\/6487"}],"collection":[{"href":"https:\/\/blog.polityka.pl\/passent\/wp-json\/wp\/v2\/posts"}],"about":[{"href":"https:\/\/blog.polityka.pl\/passent\/wp-json\/wp\/v2\/types\/post"}],"author":[{"embeddable":true,"href":"https:\/\/blog.polityka.pl\/passent\/wp-json\/wp\/v2\/users\/4"}],"replies":[{"embeddable":true,"href":"https:\/\/blog.polityka.pl\/passent\/wp-json\/wp\/v2\/comments?post=6487"}],"version-history":[{"count":5,"href":"https:\/\/blog.polityka.pl\/passent\/wp-json\/wp\/v2\/posts\/6487\/revisions"}],"predecessor-version":[{"id":6494,"href":"https:\/\/blog.polityka.pl\/passent\/wp-json\/wp\/v2\/posts\/6487\/revisions\/6494"}],"wp:featuredmedia":[{"embeddable":true,"href":"https:\/\/blog.polityka.pl\/passent\/wp-json\/wp\/v2\/media\/6491"}],"wp:attachment":[{"href":"https:\/\/blog.polityka.pl\/passent\/wp-json\/wp\/v2\/media?parent=6487"}],"wp:term":[{"taxonomy":"category","embeddable":true,"href":"https:\/\/blog.polityka.pl\/passent\/wp-json\/wp\/v2\/categories?post=6487"},{"taxonomy":"post_tag","embeddable":true,"href":"https:\/\/blog.polityka.pl\/passent\/wp-json\/wp\/v2\/tags?post=6487"}],"curies":[{"name":"wp","href":"https:\/\/api.w.org\/{rel}","templated":true}]}}