
{"id":649,"date":"2010-01-10T20:43:32","date_gmt":"2010-01-10T19:43:32","guid":{"rendered":"http:\/\/passent.blog.polityka.pl\/?p=649"},"modified":"2010-01-10T20:44:38","modified_gmt":"2010-01-10T19:44:38","slug":"mea-culpa-platformy","status":"publish","type":"post","link":"https:\/\/blog.polityka.pl\/passent\/2010\/01\/10\/mea-culpa-platformy\/","title":{"rendered":"Mea culpa Platformy"},"content":{"rendered":"<p><strong>Wydarzeniem minionego tygodnia (obfituj\u0105cego zreszt\u0105 w wiele zdarze\u0144, m.in. pora\u017ck\u0119 \u201ehazardow\u0105\u201d Platformy, niestandardowe zachowanie w\u0142adz w sprawie niestandardowych procedur, konflikt o radiow\u0105 Tr\u00f3jk\u0119) by\u0142o przem\u00f3wienie pos\u0142a PO, Arkadiusza Rybickiego, w Sejmie, w sprawie nowelizacji ustawy o IPN.<\/strong><\/p>\n<p>Podzielam pogl\u0105d Jacka \u017bakowskiego (Radio TOK FM), \u017ce dawno ju\u017c nie by\u0142o w naszym Sejmie przem\u00f3wienia na takim poziomie, z tak\u0105 klas\u0105. Zainteresowanych odsy\u0142am do lektury (m.in. w \u201eGW\u201d, 9 stycznia 2010), a sam przytocz\u0119 lub om\u00f3wi\u0119 tylko fragmenty. Nie powinny uton\u0105\u0107 we wrzawie na temat hazardu, s\u0142u\u017cby zdrowia, czy zabieg\u00f3w PiS wok\u00f3\u0142 Polskiego Radia, lub zmiany wizerunku Lecha Kaczy\u0144skiego &#8211; prezydenta jednej partii, kt\u00f3ry przechodzi do tworzenia Rady z\u0142o\u017conej z m\u0119drc\u00f3w r\u00f3\u017cnych ugrupowa\u0144.<\/p>\n<p>Wyj\u0105tkowe by\u0142o to, \u017ce pose\u0142 Rybicki, w imieniu Platformy, spe\u0142nia \u2013 przynajmniej cz\u0119\u015bciowo &#8211; obietnic\u0119 wyborcz\u0105 PO i proponuje zmian\u0119 Ustawy o IPN, wskazuj\u0105c na jej liczne b\u0142\u0119dy. P\u00f3\u017ano, bo p\u00f3\u017ano, ale Platforma cho\u0107 w cz\u0119\u015bci przyznaje, do czego doprowadzi\u0142a polityka lustracyjna POPiS. \u201eKandydatem do wsp\u00f3\u0142pracy cz\u0119sto zostawa\u0142o si\u0119 bez jakiegokolwiek kontaktu z SB &#8211; m\u00f3wi\u0142. Oni po prostu typowali, \u017ce X by si\u0119 im przyda\u0142, i dopiero zaczynali do niego podchodzi\u0107, osacza\u0107 go, prowadzi\u0107 swoje gry \u2013 z efektem oczywi\u015bcie r\u00f3\u017cnym. Tak wi\u0119c w\u015br\u00f3d kandydat\u00f3w na TW byli ludzie, kt\u00f3rym nale\u017ca\u0142 si\u0119 absolutnie status pokrzywdzonego, oraz tacy, kt\u00f3rzy stali si\u0119 zwyk\u0142ymi agentami. Mn\u00f3stwo ludzi, w tym wielu szanowanych i znanych obywateli, poczu\u0142o si\u0119 pom\u00f3wionych. (\u2026) Powsta\u0142o ca\u0142kowite zamieszanie, co kt\u00f3ra lista oznacza i czym si\u0119 r\u00f3\u017cnili tajni wsp\u00f3\u0142pracownicy UB i SB od os\u00f3b przez nich inwigilowanych\u201d. (Dodajmy, \u017ce byli autorzy z kr\u0119g\u00f3w IPN oraz ich sojusznicy celowo wrzucali wszystkich do jednego worka).<\/p>\n<p>Wszystko to by\u0142a woda na m\u0142yn polityki PiS, wedle kt\u00f3rej III RP jest tworem stworzonym i zarz\u0105dzanym przez SB. \u201eLista Wildsteina (\u2026) idealnie trafia\u0142a w rozbudzone przez PiS zapotrzebowanie spo\u0142eczne na agent\u00f3w\u2026\u201d<\/p>\n<p>Pose\u0142 Rybicki przypomnia\u0142, w jaki spos\u00f3b PiS opanowa\u0142 IPN, a zw\u0142aszcza w jaki spos\u00f3b prof. Janusz Kurtyka zosta\u0142 jego szefem (dzi\u0119ki tajemniczemu pojawieniu si\u0119 \u201edokumentu\u201d o rzekomej wsp\u00f3\u0142pracy Andrzeja Przewo\u017anika \u2013 jego g\u0142\u00f3wnego rywala do stanowiska szefa IPN). A.P. zosta\u0142 p\u00f3\u017aniej oczyszczony przez s\u0105d lustracyjny, ale by\u0142o ju\u017c za p\u00f3\u017ano. Zreszt\u0105, o czym pose\u0142 Rybicki nie m\u00f3wi\u0142, wyroki s\u0105dowe by\u0142y wielokrotnie publicznie kwestionowane.<\/p>\n<p>Podobna pr\u00f3ba dyskredytacji zosta\u0142 podj\u0119ta wobec wybitnego znawcy dziej\u00f3w opozycji, cz\u0142onka Kolegium IPN, Andrzeja Grajewskiego, kt\u00f3ry nie popar\u0142 kandydatury Kurtyki. Jego te\u017c usi\u0142owano potem zdyskredytowa\u0107 jako rzekomego agenta WSI. Takie metody stosowali d\u017centelmeni z PiS\/IPN. Pose\u0142 Rybicki uderzy\u0142 si\u0119 w piersi PO: \u201ePlatforma Obywatelska pope\u0142ni\u0142a b\u0142\u0105d, kieruj\u0105c si\u0119 opini\u0105 Jana Marii Rokity, kt\u00f3rego Kurtyka by\u0142 koleg\u0105, g\u0142osuj\u0105c za jego kandydatur\u0105\u201d. Za ma\u0142o, Panie Po\u015ble, bo to nie by\u0142 jedyny b\u0142\u0105d Platformy w sprawie lustracji.<\/p>\n<p>W dalszym ci\u0105gu przem\u00f3wienia, pose\u0142 wskaza\u0142 na wa\u017cne uchybienia w prowadzeniu IPN, m.in. pozostawienie przez pewien czas prezesa Kurtyki bez kontroli, przekroczenie granicy pomi\u0119dzy histori\u0105 a bie\u017c\u0105cymi zadaniami politycznymi (delegowanie dra Cenckiewicza do komisji likwidacyjnej WSI), dziwne przecieki do gazet, kt\u00f3re podziela\u0142y pogl\u0105d PiS o agenturalnym charakterze \u201euk\u0142adu\u201d, kt\u00f3ry mia\u0142 rz\u0105dzi\u0107 Polsk\u0105.<\/p>\n<p>To dobrze, \u017ce Arkadiusz Rybicki w imieniu swojej partii wyg\u0142osi\u0142 powa\u017cne i przemy\u015blane wyst\u0105pienie (w kt\u00f3rym wyrazi\u0142 si\u0119 z uznaniem o cz\u0119\u015bci dorobku naukowego IPN), ale \u2013 jak zwykle u Platformy \u2013 by\u0142o to wszystko po\u0142owiczne. Platforma powinna uderzy\u0107 si\u0119 w pierwsi nie tylko za wyb\u00f3r Janusza Kurtyki, ale tak\u017ce za dzia\u0142alno\u015b\u0107 IPN i jej konsekwencje, przed kt\u00f3rymi wiele os\u00f3b przestrzega\u0142o. Nie jest wi\u0119c tak, \u017ce m\u0105dry Polak po szkodzie. Byli Polacy m\u0105drzy przed i w czasie szkody, \u017ce wspomn\u0119 cho\u0107by publicystyk\u0119 takich os\u00f3b jak Andrzej Romanowski, Adam Michnik, Bronis\u0142aw \u0141agowski. Niedawne, \u201ecudowne\u201d uniewinnienie nuncjusza Kowalczyka w ostatnich dniach, \u015bwiadczy o tym, \u017ce nie wszystko by\u0142o \u2013 min\u0119\u0142o. Zmiany w ustawie proponowane przez Platform\u0119 ( zast\u0105pienie politycznego kolegium przez apolityczn\u0105, fachow\u0105 rad\u0119, z\u0142o\u017con\u0105 z kandydat\u00f3w \u015brodowisk naukowych, ograniczanie kompetencji i pozycji prezesa), mog\u0105 okaza\u0107 si\u0119 niewystarczaj\u0105ce. Nie jest jasne czy i ew. na jakich zasadach mia\u0142oby nast\u0105pi\u0107 otwarcie wszystkich zasob\u00f3w. Ale \u2013 jak by nie by\u0142o \u2013 zmiany proponowane przez Platform\u0119 id\u0105 we w\u0142a\u015bciwym kierunku. Szkoda, \u017ce za ma\u0142o i za p\u00f3\u017ano, dopiero w trzecim roku swoich rz\u0105d\u00f3w. W ka\u017cdym razie \u2013 obok rozdzielenia funkcji Prokuratora Generalnego i ministra Sprawiedliwo\u015bci \u2013 jest to jedna z tych obietnic, kt\u00f3re Platforma usi\u0142uje spe\u0142ni\u0107. Dobre i to.<\/p>\n","protected":false},"excerpt":{"rendered":"<p>Wydarzeniem minionego tygodnia (obfituj\u0105cego zreszt\u0105 w wiele zdarze\u0144, m.in. pora\u017ck\u0119 \u201ehazardow\u0105\u201d Platformy, niestandardowe zachowanie w\u0142adz w sprawie niestandardowych procedur, konflikt o radiow\u0105 Tr\u00f3jk\u0119) by\u0142o przem\u00f3wienie pos\u0142a PO, Arkadiusza Rybickiego, w Sejmie, w sprawie nowelizacji ustawy o IPN. Podzielam pogl\u0105d Jacka \u017bakowskiego (Radio TOK FM), \u017ce dawno ju\u017c nie by\u0142o w naszym Sejmie przem\u00f3wienia na takim [&hellip;]<\/p>\n","protected":false},"author":4,"featured_media":0,"comment_status":"open","ping_status":"open","sticky":false,"template":"","format":"standard","meta":{"footnotes":""},"categories":[1],"tags":[],"_links":{"self":[{"href":"https:\/\/blog.polityka.pl\/passent\/wp-json\/wp\/v2\/posts\/649"}],"collection":[{"href":"https:\/\/blog.polityka.pl\/passent\/wp-json\/wp\/v2\/posts"}],"about":[{"href":"https:\/\/blog.polityka.pl\/passent\/wp-json\/wp\/v2\/types\/post"}],"author":[{"embeddable":true,"href":"https:\/\/blog.polityka.pl\/passent\/wp-json\/wp\/v2\/users\/4"}],"replies":[{"embeddable":true,"href":"https:\/\/blog.polityka.pl\/passent\/wp-json\/wp\/v2\/comments?post=649"}],"version-history":[{"count":0,"href":"https:\/\/blog.polityka.pl\/passent\/wp-json\/wp\/v2\/posts\/649\/revisions"}],"wp:attachment":[{"href":"https:\/\/blog.polityka.pl\/passent\/wp-json\/wp\/v2\/media?parent=649"}],"wp:term":[{"taxonomy":"category","embeddable":true,"href":"https:\/\/blog.polityka.pl\/passent\/wp-json\/wp\/v2\/categories?post=649"},{"taxonomy":"post_tag","embeddable":true,"href":"https:\/\/blog.polityka.pl\/passent\/wp-json\/wp\/v2\/tags?post=649"}],"curies":[{"name":"wp","href":"https:\/\/api.w.org\/{rel}","templated":true}]}}