
{"id":6496,"date":"2020-11-28T11:22:58","date_gmt":"2020-11-28T10:22:58","guid":{"rendered":"https:\/\/passent.blog.polityka.pl\/?p=6496"},"modified":"2020-11-29T12:57:35","modified_gmt":"2020-11-29T11:57:35","slug":"rejestr-zdrajcow","status":"publish","type":"post","link":"https:\/\/blog.polityka.pl\/passent\/2020\/11\/28\/rejestr-zdrajcow\/","title":{"rendered":"Rejestr zdrajc\u00f3w"},"content":{"rendered":"\n<p>\u201ePieni\u0105dze albo \u017cycie\u201d, \u201eDawaj fors\u0119 i spadaj!\u201d \u2013 tymi mniej wi\u0119cej s\u0142owami zwraca si\u0119 Polska do Europy, a konkretnie do Unii Europejskiej. (\u2013 Chcia\u0142bym co\u015b zje\u015b\u0107 i pi\u0107. \u2013 A konkretnie? \u2013 pyta kelner. \u2013 Konkretnie to p\u00f3\u0142 litra i og\u00f3rki). Uwa\u017camy si\u0119 za Europejczyk\u00f3w, a nasz kraj za cz\u0119\u015b\u0107 Europy, w dodatku \u015arodkowej, ale to, co nas w Europie interesuje najbardziej, to jej pieni\u0105dze, kt\u00f3rymi nie chce si\u0119 z nami podzieli\u0107.<\/p>\n\n\n\n<!--more-->\n\n\n\n<p>Dania, Holandia, Finlandia wcale nie marz\u0105 o tym, \u017ceby dop\u0142aca\u0107 do re\u017cimu Kaczy\u0144skiego. A poza tym co oni jeszcze maj\u0105 nam do zaaferowania? Tylko zepsucie, LGBT, imigrant\u00f3w, rozmaitych Turk\u00f3w i Arab\u00f3w. Najlepiej niech po\u0142o\u017c\u0105 got\u00f3wk\u0119 tam gdzie zawsze, pod kamieniem, i niech spadaj\u0105.<\/p>\n\n\n\n<p>Zach\u00f3d, jak si\u0119 dowiadujemy od Roberta Tekieli (\u201eSieci\u201d), uprawia u nas \u201edywersj\u0119 ideologiczn\u0105\u201d. Przeczyta\u0142em ten termin z rozrzewnieniem, poniewa\u017c by\u0142 modny w latach 60. ubieg\u0142ego wieku. Byli nawet autorzy (np. Janusz Kolczy\u0144ski), kt\u00f3rzy si\u0119 specjalizowali w zwalczaniu \u201edywersji ideologicznej\u201d, na og\u00f3\u0142 ze strony \u201eNRF\u201d, Izraela i CIA.<\/p>\n\n\n\n<p>Wszelkie z\u0142o p\u0142ynie z Zachodu, ale teraz znalaz\u0142o sobie inny kana\u0142: organizacje pozarz\u0105dowe, tzw. NGO. \u201eOpen Society Foundations, Fundacja Batorego to instytucje wymierzone w porz\u0105dek prawny naszej ojczyzny. Je\u015bli zostanie wprowadzona pe\u0142na ksi\u0119gowo\u015b\u0107 u ich polskich beneficjent\u00f3w, nast\u0105pi koniec dywersji ideologicznej w Polsce. Koniec nieuczciwego lobbingu w stylu Greenpeace\u201d \u2013 pisze Tekieli.<\/p>\n\n\n\n<p>I dalej: \u201eMusimy broni\u0107 wsp\u00f3lnoty. Broni\u0107 krzy\u017ca, broni\u0107 ojczyzny. Apeluj\u0119 do premiera Morawieckiego, by natychmiast zmieni\u0142 polskie prawo i wprowadzi\u0142 pe\u0142n\u0105 ksi\u0119gowo\u015b\u0107 w NGO. Publicznie musi by\u0107 wiadomo, sk\u0105d na antypolsk\u0105, antyrodzinn\u0105 propagand\u0119 id\u0105 pieni\u0105dze. Kwoty, daty, donatorzy. I nie s\u0142ucha\u0107 krzyk\u00f3w pani (\u2026), \u017ce to dzia\u0142anie jak Putin. Co z tego? Nawet Hitler oddycha\u0142. Czy w zwi\u0105zku z tym mamy si\u0119 udusi\u0107?\u201d \u2013 ko\u0144czy prawicowy publicysta i orygina\u0142.<\/p>\n\n\n\n<p>Pan Tekieli nie musi si\u0119 dusi\u0107, bo jego marzenia ju\u017c si\u0119 w Polsce spe\u0142ni\u0142y. Ka\u017cda fundacja \u2013 od najmniejszych do najwi\u0119kszych \u2013 musi prowadzi\u0107 ksi\u0119gowo\u015b\u0107, kt\u00f3ra jest jawna, a poza tym raz do roku wysy\u0142a\u0107 sprawozdanie finansowe, tak\u017ce do s\u0105du i urz\u0119du skarbowego. Ca\u0142y sztab urz\u0119dnik\u00f3w kontroluje te sprawozdania, domaga si\u0119 wyja\u015bnie\u0144, korekty etc. Re\u017cim w Polsce od dawna zmierza do \u015bci\u015blejszej kontroli \u201etrzeciego sektora\u201d, podobnie w\u0142adze Rosji.<\/p>\n\n\n\n<p>Niedawno Andrzej \u0141omanowski pisa\u0142 w \u201eRz\u201d, i\u017c Duma rosyjska rozpatruje projekt, wedle kt\u00f3rego za \u201eagenta zagranicznego\u201d b\u0119dzie mo\u017cna uzna\u0107 ka\u017cd\u0105 osob\u0119, kt\u00f3ra otrzymuje pieni\u0105dze z zagranicy, z wyj\u0105tkiem dyplomat\u00f3w i korespondent\u00f3w. Nawet studenci, kt\u00f3rzy uczyli si\u0119 za granic\u0105 za zagraniczne granty, zostan\u0105 uznani za \u201eagent\u00f3w\u201d, je\u015bli podejm\u0105 dzia\u0142alno\u015b\u0107 spo\u0142eczn\u0105 czy polityczn\u0105. To jeden ze sposob\u00f3w, w jaki re\u017cim Putina walczy z opozycj\u0105. Robert Tekieli nie jest jedynym, kt\u00f3remu marzy si\u0119 taki rejestr zdrajc\u00f3w.<\/p>\n\n\n\n<p><strong>Zaproszenie<\/strong><br>Znakomici reporterzy, laureaci wielu nagr\u00f3d: Pawe\u0142 Reszka (&#8222;Polityka&#8221;), kt\u00f3rego reporta\u017c ze szpitala wywo\u0142a\u0142 ogromne poruszenie, i Katarzyna W\u0142odkowska (&#8222;GW&#8221;), autorka reporta\u017cy m.in. o \u201epolskim Fritzlu\u201d oraz o mordercy prezydenta Adamowicza, b\u0119d\u0105 naszymi go\u015b\u0107mi w Radiu TOK FM, 29 listopada o 10:05.<\/p>\n","protected":false},"excerpt":{"rendered":"<p>\u201ePieni\u0105dze albo \u017cycie\u201d, \u201eDawaj fors\u0119 i spadaj!\u201d \u2013 tymi mniej wi\u0119cej s\u0142owami zwraca si\u0119 Polska do Europy, a konkretnie do Unii Europejskiej. (\u2013 Chcia\u0142bym co\u015b zje\u015b\u0107 i pi\u0107. \u2013 A konkretnie? \u2013 pyta kelner. \u2013 Konkretnie to p\u00f3\u0142 litra i og\u00f3rki). Uwa\u017camy si\u0119 za Europejczyk\u00f3w, a nasz kraj za cz\u0119\u015b\u0107 Europy, w dodatku \u015arodkowej, ale [&hellip;]<\/p>\n","protected":false},"author":4,"featured_media":6502,"comment_status":"open","ping_status":"closed","sticky":false,"template":"","format":"standard","meta":{"footnotes":""},"categories":[1],"tags":[],"_links":{"self":[{"href":"https:\/\/blog.polityka.pl\/passent\/wp-json\/wp\/v2\/posts\/6496"}],"collection":[{"href":"https:\/\/blog.polityka.pl\/passent\/wp-json\/wp\/v2\/posts"}],"about":[{"href":"https:\/\/blog.polityka.pl\/passent\/wp-json\/wp\/v2\/types\/post"}],"author":[{"embeddable":true,"href":"https:\/\/blog.polityka.pl\/passent\/wp-json\/wp\/v2\/users\/4"}],"replies":[{"embeddable":true,"href":"https:\/\/blog.polityka.pl\/passent\/wp-json\/wp\/v2\/comments?post=6496"}],"version-history":[{"count":6,"href":"https:\/\/blog.polityka.pl\/passent\/wp-json\/wp\/v2\/posts\/6496\/revisions"}],"predecessor-version":[{"id":6504,"href":"https:\/\/blog.polityka.pl\/passent\/wp-json\/wp\/v2\/posts\/6496\/revisions\/6504"}],"wp:featuredmedia":[{"embeddable":true,"href":"https:\/\/blog.polityka.pl\/passent\/wp-json\/wp\/v2\/media\/6502"}],"wp:attachment":[{"href":"https:\/\/blog.polityka.pl\/passent\/wp-json\/wp\/v2\/media?parent=6496"}],"wp:term":[{"taxonomy":"category","embeddable":true,"href":"https:\/\/blog.polityka.pl\/passent\/wp-json\/wp\/v2\/categories?post=6496"},{"taxonomy":"post_tag","embeddable":true,"href":"https:\/\/blog.polityka.pl\/passent\/wp-json\/wp\/v2\/tags?post=6496"}],"curies":[{"name":"wp","href":"https:\/\/api.w.org\/{rel}","templated":true}]}}