
{"id":65,"date":"2006-06-15T09:44:08","date_gmt":"2006-06-15T07:44:08","guid":{"rendered":"http:\/\/passent.blog.polityka.pl\/?p=65"},"modified":"2006-06-23T16:29:53","modified_gmt":"2006-06-23T14:29:53","slug":"pan-bog-nie-zawiodl","status":"publish","type":"post","link":"https:\/\/blog.polityka.pl\/passent\/2006\/06\/15\/pan-bog-nie-zawiodl\/","title":{"rendered":"Pan B\u00f3g nie zawi\u00f3d\u0142"},"content":{"rendered":"<p>Spojrza\u0142em na dzisiejsz\u0105 (15 VI) \u201cGazet\u0119 Sto\u0142eczn\u0105\u201d, a tam na czo\u0142\u00f3wce wielki tytu\u0142: \u201cWIARA JESZCZE JEST W NARODZIE\u201d. Pomy\u015bla\u0142em, \u017ce to z okazji Bo\u017cego Cia\u0142a organ redaktora Blumsztajna szykuje si\u0119 do procesji. Okaza\u0142o si\u0119 jednak, \u017ce to chodzi\u0142o o mecz z Niemcami. Artyku\u0142 dotyczy\u0142 bowiem wiary w pi\u0142karzy, a nie wiary w Pana Boga. Mo\u017cna by to wyrazi\u0107 dosadniej, bardziej obrazowo, mo\u017ce nawet dowcipnie, ale boj\u0119 si\u0119 obrazy uczu\u0107, kt\u00f3re teraz s\u0105 bardzo delikatne. Strach powiedzie\u0107 do sportowc\u00f3w \u201cNie l\u0119kajcie si\u0119\u201d, a przecie\u017c nie ma w tym niczego obra\u017aliwego. Wiara w cuda to nasza specjalno\u015b\u0107. \u201cZosta\u0142a nam ju\u017c tylko wiara w cud\u201d \u2013 pisa\u0142a dobrze zazwyczaj poinformowana \u201cRzeczpospolita\u201d. W przeddzie\u0144 meczu ogl\u0105da\u0142em w telewizji wypowiedz kapelana polskich sportowc\u00f3w, kt\u00f3ra utkwi\u0142a mi w pami\u0119ci. Ksi\u0105dz powiedzia\u0142, \u017ce owszem, wiara czyni cuda, \u201cale trzeba wierzy\u0107\u201d. Tymczasem okaza\u0142o si\u0119, \u017ce na mszy w ko\u015bciele by\u0142o zaledwie trzech cz\u0142onk\u00f3w polskiej dru\u017cyny. Zabrak\u0142o nawet wiary. &#8211; Trzeba mie\u0107 nadziej\u0119, \u017ce Pan B\u00f3g oka\u017ce si\u0119 mi\u0142osierny \u2013 powiedzia\u0142 kapelan.Pan B\u00f3g i tym razem nie zawi\u00f3d\u0142. Niemcy mogli przecie\u017c wygra\u0107 nawet 5:0, a wygrali zaledwie jedn\u0105 bramk\u0105. Wi\u0119cej nie mo\u017cna od Pana Boga oczekiwa\u0107, przecie\u017c Jego przedstawiciel na Ziemi, Benedykt XVI, jest Niemcem i jemu te\u017c Pan B\u00f3g musia\u0142 p\u00f3j\u015b\u0107 na r\u0119k\u0119. Nie by\u0142a wi\u0119c \u0142atwa sytuacja Pana Boga.Jak m\u00f3wi piosenka, \u201cDobry Pan B\u00f3g zrobi\u0142 co m\u00f3g\u0142, teraz trzeba zawo\u0142a\u0107 fachowca\u201d. A ka\u017cdy fachowiec powie to, co Jacek Gmoch i Jerzy Engel powiedzieli po meczu z Niemcami: \u201cPolska nie jest \u017cadnym mocarstwem futbolowym, jeste\u015bmy europejskim \u015bredniakiem.\u201d To i tak \u0142agodna opinia. Jeste\u015bmy natomiast mocarstwem z\u0142udze\u0144. Nasz\u0105 specjalno\u015bci\u0105 nie jest gra w pi\u0142k\u0119, tylko wiara w cuda. Poziom kultury fizycznej w Polsce jest niski. Poza sytuacjami wyj\u0105tkowymi &#8211; takimi jak lekkoatletyczny \u201cWunderteam\u201d Jana Mulaka, bokserami Feliksa Stamma, szermierzami Janosa Keveya i pi\u0142karzami Kazimierza G\u00f3rskiego, a wi\u0119c w czasach, kiedy wi\u0119kszo\u015bci szanownych blogowicz\u00f3w nie by\u0142o jeszcze na \u015bwiecie, kultura fizyczna w Polsce jest marna, tak jak ca\u0142a kultura \u017cycia codziennego. Dlatego liczymy na cud. Kompromitacj\u0119 w meczu z Ekwadorem ogl\u0105da\u0142o 2,5 mld ludzi, kt\u00f3rzy znaj\u0105 zaledwie kilka polskich nazwisk: Wojty\u0142a, Wa\u0142\u0119sa, Lato. Oceniaj\u0105 innych wed\u0142ug tego, jak graj\u0105 w pi\u0142k\u0119. Tego blama\u017cu nie odkr\u0119ci \u017caden polski hydraulik. Musia\u0142by si\u0119 zdarzy\u0107 cud.<\/p>\n","protected":false},"excerpt":{"rendered":"<p>Spojrza\u0142em na dzisiejsz\u0105 (15 VI) \u201cGazet\u0119 Sto\u0142eczn\u0105\u201d, a tam na czo\u0142\u00f3wce wielki tytu\u0142: \u201cWIARA JESZCZE JEST W NARODZIE\u201d. Pomy\u015bla\u0142em, \u017ce to z okazji Bo\u017cego Cia\u0142a organ redaktora Blumsztajna szykuje si\u0119 do procesji. Okaza\u0142o si\u0119 jednak, \u017ce to chodzi\u0142o o mecz z Niemcami. Artyku\u0142 dotyczy\u0142 bowiem wiary w pi\u0142karzy, a nie wiary w Pana Boga. Mo\u017cna [&hellip;]<\/p>\n","protected":false},"author":4,"featured_media":0,"comment_status":"open","ping_status":"open","sticky":false,"template":"","format":"standard","meta":{"footnotes":""},"categories":[1],"tags":[],"_links":{"self":[{"href":"https:\/\/blog.polityka.pl\/passent\/wp-json\/wp\/v2\/posts\/65"}],"collection":[{"href":"https:\/\/blog.polityka.pl\/passent\/wp-json\/wp\/v2\/posts"}],"about":[{"href":"https:\/\/blog.polityka.pl\/passent\/wp-json\/wp\/v2\/types\/post"}],"author":[{"embeddable":true,"href":"https:\/\/blog.polityka.pl\/passent\/wp-json\/wp\/v2\/users\/4"}],"replies":[{"embeddable":true,"href":"https:\/\/blog.polityka.pl\/passent\/wp-json\/wp\/v2\/comments?post=65"}],"version-history":[{"count":0,"href":"https:\/\/blog.polityka.pl\/passent\/wp-json\/wp\/v2\/posts\/65\/revisions"}],"wp:attachment":[{"href":"https:\/\/blog.polityka.pl\/passent\/wp-json\/wp\/v2\/media?parent=65"}],"wp:term":[{"taxonomy":"category","embeddable":true,"href":"https:\/\/blog.polityka.pl\/passent\/wp-json\/wp\/v2\/categories?post=65"},{"taxonomy":"post_tag","embeddable":true,"href":"https:\/\/blog.polityka.pl\/passent\/wp-json\/wp\/v2\/tags?post=65"}],"curies":[{"name":"wp","href":"https:\/\/api.w.org\/{rel}","templated":true}]}}