
{"id":650,"date":"2010-01-12T18:13:20","date_gmt":"2010-01-12T17:13:20","guid":{"rendered":"http:\/\/passent.blog.polityka.pl\/?p=650"},"modified":"2010-01-13T16:48:28","modified_gmt":"2010-01-13T15:48:28","slug":"okret-tuska-nabiera-wody","status":"publish","type":"post","link":"https:\/\/blog.polityka.pl\/passent\/2010\/01\/12\/okret-tuska-nabiera-wody\/","title":{"rendered":"Okr\u0119t Tuska nabiera wody"},"content":{"rendered":"<p><strong>Jaros\u0142aw Gowin ma racj\u0119 \u2013 Platforma dosta\u0142a w z\u0119by, i to na w\u0142asne \u017cyczenie<\/strong>.<\/p>\n<p>Afera hazardowa zacz\u0119\u0142a si\u0119 z winy czo\u0142owych dzia\u0142aczy tej partii, ludzi z kr\u0119gu premiera \u2013 Chlebowskiego, Drzewieckiego, Schetyny, typowych dzia\u0142aczy partyjnych, \u017cadnych intelektualist\u00f3w ani kryminalist\u00f3w, po prostu kumpli, kolesi\u00f3w. Cho\u0107 afera nie wydawa\u0142a si\u0119 du\u017ca, Donald Tusk zareagowa\u0142 energicznie, odsuwaj\u0105c od siebie osoby zamieszane. Tusk jest nieprzewidywalny, potrafi by\u0107 surowy i bezwzgl\u0119dny, jak wobec prezydenta Sopotu, Jacka Karnowskiego, czy b. ministra Sprawiedliwo\u015bci, prof. \u0106wi\u0105kalskiego, a kiedy indziej zn\u00f3w pob\u0142a\u017cliwy, jak wobec obecnego ministra tego resortu (gdy kolejny skazany straci\u0142 \u017cycie w wi\u0119zieniu), lub wr\u0119cz niepowa\u017cny, gdy ukara\u0142 prezesa NFZ pozbawieniem jednomiesi\u0119cznej pensji, co by\u0142o wr\u0119cz \u015bmieszne. Nie wiadomo, czy taka kara jest zgodna z prawem (zwr\u00f3ci\u0142 na to uwag\u0119 W\u0142odzimierz Cimoszewicz, prawnik), ale na pewno jest \u015bmieszna. Premier nie doceni\u0142 chyba politycznych skutk\u00f3w ba\u0142aganu w stosowaniu terapii niestandardowej \u2013 powszechny strach przed rakiem plus widok zrozpaczonych pacjent\u00f3w w telewizji pog\u0142\u0119bi\u0142y brak zaufania do s\u0142u\u017cby zdrowia i do rz\u0105du.<\/p>\n<p>Donald Tusk i Platforma ju\u017c od pewnego czasu znajduj\u0105 si\u0119 na r\u00f3wni pochy\u0142ej. Fatalnie rozegrali spraw\u0119 obecno\u015bci PP. Kempy i Wassermanna w komisji hazardowej. Z formalnego punktu widzenia mogli mie\u0107 racj\u0119 (oboje pos\u0142owie otarli si\u0119 o ustaw\u0119 hazardow\u0105, kiedy byli w rz\u0105dzie), ale ich wykluczenie z komisji nie zosta\u0142o dobrze odebrane przez opinie publiczn\u0105, a gn\u0119bienie pos\u0142anki Kempy z powodu jej wykszta\u0142cenia (acz formalnie uzasadnione, a psychologicznie zrozumia\u0142e), wysz\u0142o ma\u0142ostkowo. Przedstawicielom PO w komisji uda\u0142o si\u0119 co\u015b niezwyk\u0142ego \u2013 spowodowali przyp\u0142yw sympatii do pos\u0142anki Kempy, a to nie jest \u0142atwa sztuka.<\/p>\n<p>Przyczyny drastycznego spadku Platformy, rz\u0105du i samego Donalda Tuska w sonda\u017cach s\u0105 wielorakie: afera hazardowa, utrata spoisto\u015bci partii, gra lider\u00f3w (Gowina, Schetyny, Palikota) na w\u0142asn\u0105 r\u0119k\u0119, zaczyna bryka\u0107 PSL, brak decyzji Tuska w sprawie prezydentury, z czym zwi\u0105zana jest przysz\u0142o\u015b\u0107 jego najbli\u017cszych i najwa\u017cniejszych wsp\u00f3\u0142pracownik\u00f3w, wpadka ministerstwa Zdrowia i NFZ oraz nieudolne wychodzenie z kolejnych kryzys\u00f3w, a nawet pogr\u0105\u017canie si\u0119 w nich (hazard, NFZ), dalej: odchodzenie w niepami\u0119\u0107 grozy rz\u0105d\u00f3w braci Kaczy\u0144skich, ocieplanie wizerunku prezydenta ( Lula, \u201eGala\u201d), posuni\u0119cia prezydenta pod publiczk\u0119 \u2013 ankieta w szpitalach, powo\u0142anie przez prezydenta jednej partii Narodowej Rady Rozwoju z\u0142o\u017conej z osobisto\u015bci r\u00f3\u017cnych opcji, zaproszenie typu \u201elast minute\u201d dla prezydenta Miedwiediewa. Przed nami przes\u0142uchania czo\u0142owych dzia\u0142aczy Platformy, z premierem na czele, przez komisj\u0119 hazardow\u0105. Okr\u0119t Tuska, kt\u00f3ry pewnie sun\u0105\u0142 po spokojnym morzu, wp\u0142yn\u0105\u0142 na wzburzone wody.<\/p>\n<p>W rezultacie okr\u0119t Tuska i Platformy nabiera wody, nie bardzo wiadomo, co robi kapitan. Tusk zapewne nie b\u0119dzie chcia\u0142 pokaza\u0107, \u017ce przej\u0105\u0142 si\u0119 sonda\u017cami i dzia\u0142a pod ich wp\u0142ywem, ale powinien pojawi\u0107 si\u0119 na mostku i ujawni\u0107, jaki zamierza obra\u0107 kurs.<\/p>\n<p>***<\/p>\n<p><a href=\"\/wp-content\/uploads\/2010\/01\/pass-zaprosz.jpg\"><img loading=\"lazy\" decoding=\"async\" class=\"aligncenter size-full wp-image-651\" title=\"pass-zaprosz\" src=\"\/wp-content\/uploads\/2010\/01\/pass-zaprosz.jpg\" alt=\"\" width=\"400\" height=\"606\" srcset=\"\/passent\/wp-content\/uploads\/2010\/01\/pass-zaprosz.jpg 400w, \/passent\/wp-content\/uploads\/2010\/01\/pass-zaprosz-198x300.jpg 198w\" sizes=\"(max-width: 400px) 100vw, 400px\" \/><\/a><\/p>\n","protected":false},"excerpt":{"rendered":"<p>Jaros\u0142aw Gowin ma racj\u0119 \u2013 Platforma dosta\u0142a w z\u0119by, i to na w\u0142asne \u017cyczenie. Afera hazardowa zacz\u0119\u0142a si\u0119 z winy czo\u0142owych dzia\u0142aczy tej partii, ludzi z kr\u0119gu premiera \u2013 Chlebowskiego, Drzewieckiego, Schetyny, typowych dzia\u0142aczy partyjnych, \u017cadnych intelektualist\u00f3w ani kryminalist\u00f3w, po prostu kumpli, kolesi\u00f3w. Cho\u0107 afera nie wydawa\u0142a si\u0119 du\u017ca, Donald Tusk zareagowa\u0142 energicznie, odsuwaj\u0105c od [&hellip;]<\/p>\n","protected":false},"author":4,"featured_media":0,"comment_status":"open","ping_status":"open","sticky":false,"template":"","format":"standard","meta":{"footnotes":""},"categories":[1],"tags":[],"_links":{"self":[{"href":"https:\/\/blog.polityka.pl\/passent\/wp-json\/wp\/v2\/posts\/650"}],"collection":[{"href":"https:\/\/blog.polityka.pl\/passent\/wp-json\/wp\/v2\/posts"}],"about":[{"href":"https:\/\/blog.polityka.pl\/passent\/wp-json\/wp\/v2\/types\/post"}],"author":[{"embeddable":true,"href":"https:\/\/blog.polityka.pl\/passent\/wp-json\/wp\/v2\/users\/4"}],"replies":[{"embeddable":true,"href":"https:\/\/blog.polityka.pl\/passent\/wp-json\/wp\/v2\/comments?post=650"}],"version-history":[{"count":0,"href":"https:\/\/blog.polityka.pl\/passent\/wp-json\/wp\/v2\/posts\/650\/revisions"}],"wp:attachment":[{"href":"https:\/\/blog.polityka.pl\/passent\/wp-json\/wp\/v2\/media?parent=650"}],"wp:term":[{"taxonomy":"category","embeddable":true,"href":"https:\/\/blog.polityka.pl\/passent\/wp-json\/wp\/v2\/categories?post=650"},{"taxonomy":"post_tag","embeddable":true,"href":"https:\/\/blog.polityka.pl\/passent\/wp-json\/wp\/v2\/tags?post=650"}],"curies":[{"name":"wp","href":"https:\/\/api.w.org\/{rel}","templated":true}]}}