
{"id":6505,"date":"2020-12-01T23:57:47","date_gmt":"2020-12-01T22:57:47","guid":{"rendered":"https:\/\/passent.blog.polityka.pl\/?p=6505"},"modified":"2020-12-02T09:14:04","modified_gmt":"2020-12-02T08:14:04","slug":"polski-cyrk-w-brukseli","status":"publish","type":"post","link":"https:\/\/blog.polityka.pl\/passent\/2020\/12\/01\/polski-cyrk-w-brukseli\/","title":{"rendered":"Polski cyrk w Brukseli"},"content":{"rendered":"\n<p>AAAAAAbsolutnie nie wierz\u0119 w \u017cadne weto przy kasie Unii Europejskiej. To, co ogl\u0105damy, to tylko cyrk. Do Brukseli zawita\u0142 cyrk polski. W programie zapieraj\u0105ce dech w piersiach ewolucje polityczne, taniec premiera na linie, akrobacje pod kopu\u0142\u0105 sejmow\u0105 bez asekuracji, cz\u0142owiek guma Ryszard Czarnecki, jazda bez trzymanki, po\u0142ykacze ognia, ma\u0142pki, konie z Janowa, wiecz\u00f3r grozy i humoru z udzia\u0142em polskiego clowna (ten wy\u017cszy) i jego Pi\u0119taszka (ten mniejszy, co zawsze idzie dwa kroki z ty\u0142u za tym wi\u0119kszym, bo zna swoje miejsce w duecie).<\/p>\n\n\n\n<!--more-->\n\n\n\n<p>Absolutnie nie wierz\u0119 w jakiekolwiek weto polskie ani w\u0119gierskie. Udaj\u0105 niez\u0142omnych, a faktycznie licz\u0105 na kas\u0119 i triumfalny powr\u00f3t do kraju. Kanclerz Merkel wystawi nam za\u015bwiadczenie moralno\u015bci, obowi\u0105zuj\u0105c\u0105 interpretacj\u0119, kt\u00f3ra godzi wszystkich ze wszystkimi. Holendrzy, Finowie i inni Du\u0144czycy machn\u0105 w ko\u0144cu r\u0119k\u0105 na tych niedorobionych postkomunist\u00f3w i z lito\u015bci kupi\u0105 bilety na polski cyrk.<\/p>\n\n\n\n<p>Europa jest potrzebna, \u017ceby na jej tle rozgrywa\u0107 swoje w\u0142asne piruety, czyli kto-kogo w Polsce. Jak premier wr\u00f3ci z tarcz\u0105, to poka\u017ce swojemu ministrowi Ziobrze palec Lichockiej. Ziobro i jego ludzie uspokoj\u0105 si\u0119, ale nie na d\u0142ugo. Tyle zagarn\u0119li w sp\u00f3\u0142kach skarbu pa\u0144stwa, \u017ce z g\u0142odu nie umr\u0105. Jak premier wr\u00f3ci na tarczy, to si\u0119 go pr\u0119dzej odwo\u0142a, bo dni jego s\u0105 policzone, a w kraju powie si\u0119, \u017ce Niemcy jeszcze raz wbi\u0142y nam n\u00f3\u017c w plecy i s\u0105 nam winne reparacje wojenne, fundusz odbudowy, bud\u017cet do 2027 r. Prezydent nie podzi\u0119kuje, tylko dalej b\u0119dzie cyzelowa\u0142 gratulacje dla Bidena. Premier og\u0142osi kolejne zwyci\u0119stwo nad pandemi\u0105 i uda si\u0119 na swoj\u0105 dzia\u0142k\u0119 kupion\u0105 z b\u0142ogos\u0142awie\u0144stwem arcybiskupa.<\/p>\n\n\n\n<p>A kto zostanie nowym premierem? Co to za r\u00f3\u017cnica? Tylko b\u0142agam \u2013 ka\u017cdy, byle nie B\u0142aszczak. To cz\u0142owiek bez w\u0142a\u015bciwo\u015bci.<\/p>\n","protected":false},"excerpt":{"rendered":"<p>AAAAAAbsolutnie nie wierz\u0119 w \u017cadne weto przy kasie Unii Europejskiej. To, co ogl\u0105damy, to tylko cyrk. Do Brukseli zawita\u0142 cyrk polski. W programie zapieraj\u0105ce dech w piersiach ewolucje polityczne, taniec premiera na linie, akrobacje pod kopu\u0142\u0105 sejmow\u0105 bez asekuracji, cz\u0142owiek guma Ryszard Czarnecki, jazda bez trzymanki, po\u0142ykacze ognia, ma\u0142pki, konie z Janowa, wiecz\u00f3r grozy i [&hellip;]<\/p>\n","protected":false},"author":4,"featured_media":6510,"comment_status":"open","ping_status":"closed","sticky":false,"template":"","format":"standard","meta":{"footnotes":""},"categories":[1],"tags":[],"_links":{"self":[{"href":"https:\/\/blog.polityka.pl\/passent\/wp-json\/wp\/v2\/posts\/6505"}],"collection":[{"href":"https:\/\/blog.polityka.pl\/passent\/wp-json\/wp\/v2\/posts"}],"about":[{"href":"https:\/\/blog.polityka.pl\/passent\/wp-json\/wp\/v2\/types\/post"}],"author":[{"embeddable":true,"href":"https:\/\/blog.polityka.pl\/passent\/wp-json\/wp\/v2\/users\/4"}],"replies":[{"embeddable":true,"href":"https:\/\/blog.polityka.pl\/passent\/wp-json\/wp\/v2\/comments?post=6505"}],"version-history":[{"count":5,"href":"https:\/\/blog.polityka.pl\/passent\/wp-json\/wp\/v2\/posts\/6505\/revisions"}],"predecessor-version":[{"id":6512,"href":"https:\/\/blog.polityka.pl\/passent\/wp-json\/wp\/v2\/posts\/6505\/revisions\/6512"}],"wp:featuredmedia":[{"embeddable":true,"href":"https:\/\/blog.polityka.pl\/passent\/wp-json\/wp\/v2\/media\/6510"}],"wp:attachment":[{"href":"https:\/\/blog.polityka.pl\/passent\/wp-json\/wp\/v2\/media?parent=6505"}],"wp:term":[{"taxonomy":"category","embeddable":true,"href":"https:\/\/blog.polityka.pl\/passent\/wp-json\/wp\/v2\/categories?post=6505"},{"taxonomy":"post_tag","embeddable":true,"href":"https:\/\/blog.polityka.pl\/passent\/wp-json\/wp\/v2\/tags?post=6505"}],"curies":[{"name":"wp","href":"https:\/\/api.w.org\/{rel}","templated":true}]}}