
{"id":652,"date":"2010-01-14T10:24:42","date_gmt":"2010-01-14T09:24:42","guid":{"rendered":"http:\/\/passent.blog.polityka.pl\/?p=652"},"modified":"2010-01-14T11:08:54","modified_gmt":"2010-01-14T10:08:54","slug":"prezydent-%e2%80%9erzeczpospolitej%e2%80%9d","status":"publish","type":"post","link":"https:\/\/blog.polityka.pl\/passent\/2010\/01\/14\/prezydent-%e2%80%9erzeczpospolitej%e2%80%9d\/","title":{"rendered":"Prezydent \u201eRzeczpospolitej\u201d"},"content":{"rendered":"<p><strong>Tak, tak, prosz\u0119  Pa\u0144stwa \u2013 ju\u017c jest po wyborach (prezydenckich). Nowym prezydentem zosta\u0142 Lech Kaczy\u0144ski (Polska). To zupe\u0142nie nowy prezydent, kt\u00f3ry w wyborach zwyci\u0119\u017cy\u0142 swojego poprzednika, i reprezentuje zupe\u0142nie nowy styl.<\/strong><\/p>\n<p>Jak zapowiedzia\u0142 bliski wsp\u00f3\u0142pracownik prezydenta-elekta, pan Wypych, nowy prezydent wybiera si\u0119 nawet na bal prasy!!! A wi\u0119c w jaskini\u0119 lwa, kt\u00f3ry nogami tkwi w uk\u0142adzie, a spod ogona wygl\u0105da mu agentura. By\u0107 mo\u017ce zata\u0144czy nawet z \u201ema\u0142p\u0105 w czerwonym\u201d!<\/p>\n<p>O ile poprzedni prezydent by\u0142 podejrzliwy, gryma\u015bny (nie lubi\u0142 \u201ekartofli\u201d), obra\u017calski, sztuczny (vide u\u015bmiech kiedy Donald Tusk m\u00f3wi\u0142 po angielsku), partyjny (wychwala\u0142 tylko rz\u0105d PiS)  zakompleksia\u0142y, agresywny, podejrzliwy wobec medi\u00f3w, nieufny, niech\u0119tny ludziom (zw\u0142aszcza by\u0142ym ministrom spraw zagranicznych), jednopartyjny (do Rady Bezpiecze\u0144stwa Narodowego mianowa\u0142 tylko brata, koleg\u0119 i znajom\u0105), wetowa\u0142, co si\u0119 da, to obecny jest tak inny, odmienny, nowo narodzony, r\u00f3\u017cny, jak r\u00f3\u017cny jest Donald Tusk od Jaros\u0142awa Kaczy\u0144skiego. Ba! Niekt\u00f3rzy analitycy (przez analityk\u00f3w rozumiemy powa\u017cnych komentator\u00f3w, takich jak Marek Migalski, Igor Janke  czy Joanna Lichocka) uwa\u017caj\u0105, \u017ce nowy prezydent pokona\u0142 swojego poprzednika tak samo, jak Tusk pokona\u0142 Kaczy\u0144skiego, a Platform\u0105 pokona\u0142a PiS \u2013 przez odrzucenie. Po prostu ludzie mieli do\u015b\u0107 poprzedniego prezydenta i wybrali sobie nowego \u2013 takiego, kt\u00f3ry da si\u0119 lubi\u0107.<\/p>\n<p>Gdyby Pa\u0144stwo nie wiedzieli kto wygra\u0142 wybory, to odsy\u0142am do artyku\u0142u Igora Janke w \u201eRz\u201d (13 stycznia, feralny dzie\u0144 dla \u201estarego\u201d prezydenta). Z artyku\u0142u wynika, \u017ce zwyci\u0119zca wybor\u00f3w, nowy prezydent Rzeczpospolitej, cytuj\u0119:<\/p>\n<p>\u2022    \u201ezmieni\u0142 ton wypowiedzi\u201d<br \/>\n\u2022    \u201enie pakuje si\u0119 w konflikty\u201d<br \/>\n\u2022    \u201enie wypowiada si\u0119 w agresywny spos\u00f3b o przeciwnikach\u201d<br \/>\n\u2022    \u201epodpisuje traktat lizbo\u0144ski\u201d<br \/>\n\u2022    \u201ezapowiada, \u017ce w terminie wybierze prokuratora generalnego\u201d<br \/>\n\u2022    \u201enie m\u00f3wi nic o blokowaniu dzia\u0142a\u0144 konkurencji\u201d<br \/>\n\u2022    \u201ecoraz cz\u0119\u015bciej m\u00f3wi o konieczno\u015bci modernizacji pa\u0144stwa\u201d<br \/>\n\u2022    \u201eu\u015bmiechni\u0119ty pokazuje si\u0119 z \u017con\u0105 na tle choinki, sk\u0142adaj\u0105c \u017cyczenia dziennikarzom TVN\u201d<br \/>\n\u2022    \u201eprzed kamer\u0105 bierze na r\u0119ce pieska\u201d<br \/>\n\u2022    \u201etworzy Narodow\u0105 Rad\u0119 Rozwoju\u201d<br \/>\n\u2022    \u201ezapowiada wizyt\u0119 na Forum Ekonomiczne w Davos\u201d<br \/>\n\u2022    \u201ebroni oskar\u017canych przez prokuratur\u0119 dziennikarzy\u201d<br \/>\n\u2022    \u201eWspiera aktywie dzia\u0142alno\u015b\u0107 tygodnik\u00f3w lokalnych\u201d.<\/p>\n<p>\u201eRz\u201d zapomina o wielu innych zas\u0142ugach nowego prezydenta, na przyk\u0142ad o tej, \u017ce zarezerwowa\u0142 dla prezydenta Miedwiediewa bilet last minute na obchody wyzwolenia obozu w Auschwitz, co\u015b, o czym poprzednik nowego prezydenta nie pomy\u015bla\u0142 przez trzy lata! A wi\u0119c obywatelu &#8211;  na co jeszcze czekasz? Biegnij do urny! Redaktor Janke ju\u017c pobieg\u0142! Mamy nowego prezydenta.  Nareszcie takiego, jakiego sobie wymarzyli\u015bmy. Po co nam wybory?<\/p>\n<p>***<\/p>\n<p><a href=\"\/wp-content\/uploads\/2010\/01\/pass-zaprosz.jpg\"><img loading=\"lazy\" decoding=\"async\" class=\"aligncenter size-full wp-image-651\" title=\"pass-zaprosz\" src=\"\/wp-content\/uploads\/2010\/01\/pass-zaprosz.jpg\" alt=\"\" width=\"400\" height=\"606\" srcset=\"\/passent\/wp-content\/uploads\/2010\/01\/pass-zaprosz.jpg 400w, \/passent\/wp-content\/uploads\/2010\/01\/pass-zaprosz-198x300.jpg 198w\" sizes=\"(max-width: 400px) 100vw, 400px\" \/><\/a><\/p>\n","protected":false},"excerpt":{"rendered":"<p>Tak, tak, prosz\u0119 Pa\u0144stwa \u2013 ju\u017c jest po wyborach (prezydenckich). Nowym prezydentem zosta\u0142 Lech Kaczy\u0144ski (Polska). To zupe\u0142nie nowy prezydent, kt\u00f3ry w wyborach zwyci\u0119\u017cy\u0142 swojego poprzednika, i reprezentuje zupe\u0142nie nowy styl. Jak zapowiedzia\u0142 bliski wsp\u00f3\u0142pracownik prezydenta-elekta, pan Wypych, nowy prezydent wybiera si\u0119 nawet na bal prasy!!! A wi\u0119c w jaskini\u0119 lwa, kt\u00f3ry nogami tkwi w [&hellip;]<\/p>\n","protected":false},"author":4,"featured_media":0,"comment_status":"open","ping_status":"open","sticky":false,"template":"","format":"standard","meta":{"footnotes":""},"categories":[1],"tags":[],"_links":{"self":[{"href":"https:\/\/blog.polityka.pl\/passent\/wp-json\/wp\/v2\/posts\/652"}],"collection":[{"href":"https:\/\/blog.polityka.pl\/passent\/wp-json\/wp\/v2\/posts"}],"about":[{"href":"https:\/\/blog.polityka.pl\/passent\/wp-json\/wp\/v2\/types\/post"}],"author":[{"embeddable":true,"href":"https:\/\/blog.polityka.pl\/passent\/wp-json\/wp\/v2\/users\/4"}],"replies":[{"embeddable":true,"href":"https:\/\/blog.polityka.pl\/passent\/wp-json\/wp\/v2\/comments?post=652"}],"version-history":[{"count":0,"href":"https:\/\/blog.polityka.pl\/passent\/wp-json\/wp\/v2\/posts\/652\/revisions"}],"wp:attachment":[{"href":"https:\/\/blog.polityka.pl\/passent\/wp-json\/wp\/v2\/media?parent=652"}],"wp:term":[{"taxonomy":"category","embeddable":true,"href":"https:\/\/blog.polityka.pl\/passent\/wp-json\/wp\/v2\/categories?post=652"},{"taxonomy":"post_tag","embeddable":true,"href":"https:\/\/blog.polityka.pl\/passent\/wp-json\/wp\/v2\/tags?post=652"}],"curies":[{"name":"wp","href":"https:\/\/api.w.org\/{rel}","templated":true}]}}