
{"id":6521,"date":"2020-12-11T13:07:39","date_gmt":"2020-12-11T12:07:39","guid":{"rendered":"https:\/\/passent.blog.polityka.pl\/?p=6521"},"modified":"2020-12-11T13:07:39","modified_gmt":"2020-12-11T12:07:39","slug":"smieszny-premier","status":"publish","type":"post","link":"https:\/\/blog.polityka.pl\/passent\/2020\/12\/11\/smieszny-premier\/","title":{"rendered":"\u015amieszny premier"},"content":{"rendered":"\n<p>Rz\u0105d ma si\u0119 czym chwali\u0107 przed sob\u0105 i przed swoimi\nzwolennikami. Co prawda na Unijnym szczycie nie uda\u0142o si\u0119 rozdzieli\u0107\npraworz\u0105dno\u015bci (pardon, \u201etak zwanej praworz\u0105dno\u015bci\u201d) od pieni\u0119dzy, ale uda\u0142o\nsi\u0119 t\u0119 \u201ewarunkowo\u015b\u0107\u201d&nbsp; odwlec &nbsp;i ograniczy\u0107. Polski rz\u0105d boi si\u0119\npraworz\u0105dno\u015bci jak diabe\u0142 \u015bwi\u0119conej wody, bo ma du\u017co na sumieniu. Gdyby Pan B\u00f3g\nrozdawa\u0142 pieni\u0105dze za praworz\u0105dno\u015b\u0107, Morawiecki by\u0142by n\u0119dzarzem . Ten jednak\nnie czeka\u0142 na \u0142ask\u0119 pa\u0144sk\u0105, tylko da\u0142 Panu Bogu szans\u0119 i kupi\u0142 od Ko\u015bcio\u0142a\ndzia\u0142k\u0119 za \u201eco \u0142aska\u201d.<\/p>\n\n\n\n<p>Premier Morawiecki, kt\u00f3ry ma za sob\u0105 bardzo ci\u0119\u017ckie\ntygodnie, zd\u0105\u017cy\u0142&nbsp; 9 grudnia przyby\u0107 do\nSejmu, gdzie roztrz\u0105sano votum nieufno\u015bci dla wicepremiera&nbsp; Jaros\u0142awa Kaczy\u0144skiego. &nbsp;W swoim&nbsp;&nbsp;\nprzem\u00f3wieniu&nbsp; premier rz\u0105du\npolskiego bi\u0142 pok\u0142ony przed Kaczy\u0144skim,&nbsp;\npodzi\u0119kowania&nbsp; nie schodzi\u0142y mu z\nust, wyg\u0142osi\u0142 najbardziej&nbsp; lizusowskie\nprzem\u00f3wienie od czasu kiedy prezydent Duda, przy okazji jakiej\u015b uroczysto\u015bci w\nPa\u0142acu, &nbsp;wynosi\u0142 wielkiego stratega pod\nniebiosa. Wida\u0107, jak &nbsp;Morawiecki szuka w\nprezesie sojusznika w obronie przed Ziobr\u0105.<\/p>\n\n\n\n<p>No, ale B\u00f3g z nimi. W trakcie swojego przem\u00f3wienia ,\nMorawiecki powiedzia\u0142 m.in.: \u201e\u2026tak jak w II Rzeczypospolitej spiera\u0142y si\u0119 pewne\nwizje Dmowskiego i Pi\u0142sudskiego, tak jak w III Rzeczypospolitej by\u0142a wizja\nPolski suwerennej, sprawiedliwej , silnej&nbsp;\nLecha i Jaros\u0142awa Kaczy\u0144skich, Jana Olszewskiego i wizja Polski\nbezwolnej, ma\u0142ej, mia\u0142kiej Michnika i Urbana. To zaiste zupe\u0142nie odr\u0119bne wizje.\nAle \u017ceby to wszystko zidentyfikowa\u0107, bo rzeczywi\u015bcie zam\u0119t &nbsp;poj\u0119ciowy, ta &nbsp;zapa\u015b\u0107 semantyczna\u2026, pewn\u0105 magm\u0105 poddan\u0105\npedagogice wstydu , pedagogice ojkofobii, jak mawia\u0142 Scruton, czy mikromanii\nalbo obci\u0105\u017caniu naszych sumie\u0144 cudzymi grzechami?\u201d.(Cytuj\u0119 wg stenogramu Sejmowego).\n<\/p>\n\n\n\n<p>To, \u017ce Morawiecki lubi popisa\u0107 si\u0119 jakim\u015b nazwiskiem szerzej\nnie znanym, jak ekonomista Schumpeter &nbsp;czy filozof Scruton ( skompromitowany pisaniem\nartyku\u0142\u00f3w&nbsp; w obronie papieros\u00f3w za wielotysi\u0119czne\n\u0142ap\u00f3wki od koncern\u00f3w tytoniowych ) &nbsp;\u2013 to ludzka\ns\u0142abo\u015b\u0107. Kto nie lubi brylowa\u0107, kto nie mia\u0142 pokusy \u2013 jak m\u00f3wi dyr. Rydzyk, to\njest ludzkie.&nbsp; Ale czepia\u0107 si\u0119 Michnika? Wmawia\u0107\nmu w brzuch Polsk\u0119 bezwoln\u0105, mia\u0142k\u0105&nbsp; to\nzwyk\u0142a bezczelno\u015b\u0107. Do ka\u017cdego mo\u017cna si\u0119 przyczepi\u0107, ale trzeba wiedzie\u0107 za co,\n\u017ceby nie by\u0107 \u015bmiesznym. &nbsp;Jakim prawem\nszef polskiego rz\u0105du szturcha jednego z weteran\u00f3w opozycji demokratycznej? &nbsp;Kiedy Mateusz Morawiecki chodzi\u0142 pod sto\u0142em, Michnik\nsiedzia\u0142&nbsp; w pierdlu. Gdyby nie odwaga\ni&nbsp; determinacja rozmaitych \u201eMichnik\u00f3w\u201d,\nczy Solidarno\u015bci Walcz\u0105cej, Mateusz Morawiecki nie by\u0142by dzi\u015b szefem rz\u0105du. &nbsp;Oczywi\u015bcie, Michnik si\u0119 \u017cachnie, i\u017c siedzia\u0142 za\nto, \u017ceby ausgerechnet &nbsp;Morawiecki by\u0142\npremierem,&nbsp; ale to nie moja sprawa.<\/p>\n\n\n\n<p>Interesuje mnie, dlaczego pan Morawiecki wymienia jednym\ntchem dwie tak r\u00f3\u017cne postaci &nbsp;jak Michnik\ni Urban.&nbsp; Rzecznik junty i jej ofiara. Jaka\njest cecha, &nbsp;kt\u00f3ra &nbsp;w oczach polskiego premiera jest im wsp\u00f3lna? <\/p>\n\n\n\n<p>ZAPROSZENIE<\/p>\n\n\n\n<p>W niedziel\u0119, 13 grudnia, o godz. 10.05 w radiu TOK FM naszymi\ngo\u015b\u0107mi b\u0119d\u0105: znakomity historyk, prof. Andrzej Paczkowski i nie mniej znakomita\npolitolo\u017cka i komentatorka dr Anna Materska-Sosnowska.<\/p>\n","protected":false},"excerpt":{"rendered":"<p>Rz\u0105d ma si\u0119 czym chwali\u0107 przed sob\u0105 i przed swoimi zwolennikami. Co prawda na Unijnym szczycie nie uda\u0142o si\u0119 rozdzieli\u0107 praworz\u0105dno\u015bci (pardon, \u201etak zwanej praworz\u0105dno\u015bci\u201d) od pieni\u0119dzy, ale uda\u0142o si\u0119 t\u0119 \u201ewarunkowo\u015b\u0107\u201d&nbsp; odwlec &nbsp;i ograniczy\u0107. Polski rz\u0105d boi si\u0119 praworz\u0105dno\u015bci jak diabe\u0142 \u015bwi\u0119conej wody, bo ma du\u017co na sumieniu. Gdyby Pan B\u00f3g rozdawa\u0142 pieni\u0105dze za [&hellip;]<\/p>\n","protected":false},"author":4,"featured_media":0,"comment_status":"open","ping_status":"closed","sticky":false,"template":"","format":"standard","meta":{"footnotes":""},"categories":[1],"tags":[],"_links":{"self":[{"href":"https:\/\/blog.polityka.pl\/passent\/wp-json\/wp\/v2\/posts\/6521"}],"collection":[{"href":"https:\/\/blog.polityka.pl\/passent\/wp-json\/wp\/v2\/posts"}],"about":[{"href":"https:\/\/blog.polityka.pl\/passent\/wp-json\/wp\/v2\/types\/post"}],"author":[{"embeddable":true,"href":"https:\/\/blog.polityka.pl\/passent\/wp-json\/wp\/v2\/users\/4"}],"replies":[{"embeddable":true,"href":"https:\/\/blog.polityka.pl\/passent\/wp-json\/wp\/v2\/comments?post=6521"}],"version-history":[{"count":1,"href":"https:\/\/blog.polityka.pl\/passent\/wp-json\/wp\/v2\/posts\/6521\/revisions"}],"predecessor-version":[{"id":6522,"href":"https:\/\/blog.polityka.pl\/passent\/wp-json\/wp\/v2\/posts\/6521\/revisions\/6522"}],"wp:attachment":[{"href":"https:\/\/blog.polityka.pl\/passent\/wp-json\/wp\/v2\/media?parent=6521"}],"wp:term":[{"taxonomy":"category","embeddable":true,"href":"https:\/\/blog.polityka.pl\/passent\/wp-json\/wp\/v2\/categories?post=6521"},{"taxonomy":"post_tag","embeddable":true,"href":"https:\/\/blog.polityka.pl\/passent\/wp-json\/wp\/v2\/tags?post=6521"}],"curies":[{"name":"wp","href":"https:\/\/api.w.org\/{rel}","templated":true}]}}