
{"id":6523,"date":"2020-12-14T18:38:29","date_gmt":"2020-12-14T17:38:29","guid":{"rendered":"https:\/\/passent.blog.polityka.pl\/?p=6523"},"modified":"2020-12-14T19:45:21","modified_gmt":"2020-12-14T18:45:21","slug":"jak-dzialaja-przemytnicy","status":"publish","type":"post","link":"https:\/\/blog.polityka.pl\/passent\/2020\/12\/14\/jak-dzialaja-przemytnicy\/","title":{"rendered":"Jak dzia\u0142aj\u0105 przemytnicy"},"content":{"rendered":"\n<p>Operacja \u201eArgon\u201d to ma\u0142o. Wielkie koncerny \u2013 Azoty, Police, Polski Holding Obronny, nie byle jakie nazwiska i du\u017ce pieni\u0105dze &#8211; czyli jak byli ludzie w\u0142adzy zarabiaj\u0105 na dawnych kontaktach.<\/p>\n\n\n\n<!--more-->\n\n\n\n<p>Jak ujawni\u0142a \u201eWyborcza\u201d, CBA zainteresowa\u0142o si\u0119 agencj\u0105 piarow\u0105 R4S, kt\u00f3r\u0105 za\u0142o\u017cy\u0142 Mariusz Soko\u0142owski, by\u0142y rzecznik policji, a w kt\u00f3rej posad\u0119 znalaz\u0142 m.in. Adam Hofman, by\u0142y rzecznik PiS, usuni\u0119ty z partii za nadu\u017cycie finansowe.<\/p>\n\n\n\n<p>Nie dziwi\u0119 si\u0119, \u017ce taka firma wzbudzi\u0142a zainteresowanie. Zasada jest prosta: najpierw pracujemy dla szeroko poj\u0119tego pa\u0144stwa, tam nawi\u0105zujemy kontakty i znajomo\u015bci, a kiedy nasz notesik p\u0119ka ju\u017c od nazwisk i numer\u00f3w telefon\u00f3w w szeroko rozumianej elity w\u0142adzy i jej aparatu, do kt\u00f3rego zaliczamy administracj\u0119 pa\u0144stwow\u0105 od gminy, przez powiaty, wojew\u00f3dztwa a\u017c do rz\u0105du, elity gospodarczej, finansowej i skarbowej, w tym sp\u00f3\u0142ek skarbu pa\u0144stwa, obronno\u015bci, policji, dyplomacji, wreszcie medi\u00f3w \u2013 wtedy sprzedajemy nasze kontakty i do\u015bwiadczenia na wolnym rynku. Tworzymy lub do\u0142\u0105czamy do prywatnej firmy, tak\u017ce lobbingowej, gdzie nasze atuty mog\u0105 si\u0119 przyda\u0107.<\/p>\n\n\n\n<p>Operacja &#8222;Argon&#8221; mia\u0142a przyjrze\u0107 si\u0119 znacznym zam\u00f3wieniom agencji R4S ze \u017ar\u00f3de\u0142 pa\u0144stwowych i okaza\u0142o si\u0119, \u017ce i owszem. R4S zaprzecza, zwraca uwag\u0119, \u017ce CBA nie podj\u0119\u0142o \u017cadnych krok\u00f3w, \u017cadnego post\u0119powania nie wszcz\u0119to. Jak by\u0142o \u2013 tak by\u0142o, mo\u017ce spraw\u0105 zajmie si\u0119 prokuratura i s\u0105d, dla nas to nie ma to znaczenia.<\/p>\n\n\n\n<p>Wa\u017cne jest jedno: styk sektora pa\u0144stwowego (np. sp\u00f3\u0142ki skarbu pa\u0144stwa), zw\u0142aszcza w wydaniu Zjednoczonej Prawicy, i sektora prywatnego (agencja PR) mocno z pa\u0144stwem powi\u0105zanego to jest chyba jedno z najbardziej korupcjogennych obszar\u00f3w, jaki istnieje.<\/p>\n\n\n\n<p>Im wi\u0119kszy jest w danym kraju udzia\u0142 sektora pa\u0144stwowego, posad rozdanych \u201eswoim\u201d &#8211; tym wi\u0119ksza jest korupcja. Od budownictwa w Hiszpanii po zakupy samolot\u00f3w w Japonii. Im wi\u0119cej pa\u0144stwa, tym wi\u0119cej tych, kt\u00f3rzy na nim paso\u017cytuj\u0105. Im wi\u0119cej swoich ludzi z rz\u0105du idzie do gospodarki \u2013 tym wi\u0119ksze z\u0142odziejstwo.<\/p>\n\n\n\n<p>Pa\u0144stwo z regu\u0142y gorzej pilnuje swojego maj\u0105tku ni\u017c w\u0142a\u015bciciel prywatny. Gdyby premier Morawiecki i minister Sasin organizowali w najwi\u0119kszym po\u015bpiechu wybory \u201ekopertowe\u201d za w\u0142asne pieni\u0105dze lub mieli w nich cho\u0107by udzia\u0142y, toby si\u0119 trzy razy zastanowili. A \u017ce chodzi\u0142o o pieni\u0105dze pa\u0144stwowe, to mogli sobie (sobie \u2013 czyli pa\u0144stwu) pozwoli\u0107.<\/p>\n\n\n\n<p>A Polska Fundacja Narodowa \u2013 ile\u017c tam wyrzucono pieni\u0119dzy i w czyje r\u0119ce one posz\u0142y? Kto to wie? Mo\u017ce jeden wicepremier Gli\u0144ski, kt\u00f3remu Fundacja podlega. Przymiotnik \u201enarodowa\u201d to nie jest polisa ubezpieczeniowa. Pardon, narodowa polisa.<\/p>\n\n\n\n<p>Niestety, rz\u0105d Prawa i Sprawiedliwo\u015bci systematycznie zwi\u0119ksza udzia\u0142 sektora pa\u0144stwowego, kt\u00f3ry z roku na rok odgrywa coraz wi\u0119ksz\u0105 rol\u0119 w gospodarce. R\u00f3\u017cne s\u0105 tego skutki, z\u0142e i dobre. Na og\u00f3\u0142 z\u0142e. Prof. Balcerowicz t\u0142umaczy to od lat. Ja nie uwa\u017cam (zreszt\u0105 profesor te\u017c nie), \u017ce wszystko, co prywatne, jest dobre i nale\u017cy prywatyzowa\u0107 na pot\u0119g\u0119, ale nie mo\u017cna te\u017c patrze\u0107 przez palce na to, co si\u0119 dzieje na granicy prywatnego i pa\u0144stwowego, jak dzia\u0142aj\u0105 przemytnicy w\u0142adzy i pieni\u0119dzy\u2026<\/p>\n","protected":false},"excerpt":{"rendered":"<p>Operacja \u201eArgon\u201d to ma\u0142o. Wielkie koncerny \u2013 Azoty, Police, Polski Holding Obronny, nie byle jakie nazwiska i du\u017ce pieni\u0105dze &#8211; czyli jak byli ludzie w\u0142adzy zarabiaj\u0105 na dawnych kontaktach.<\/p>\n","protected":false},"author":4,"featured_media":6532,"comment_status":"open","ping_status":"closed","sticky":false,"template":"","format":"standard","meta":{"footnotes":""},"categories":[1],"tags":[],"_links":{"self":[{"href":"https:\/\/blog.polityka.pl\/passent\/wp-json\/wp\/v2\/posts\/6523"}],"collection":[{"href":"https:\/\/blog.polityka.pl\/passent\/wp-json\/wp\/v2\/posts"}],"about":[{"href":"https:\/\/blog.polityka.pl\/passent\/wp-json\/wp\/v2\/types\/post"}],"author":[{"embeddable":true,"href":"https:\/\/blog.polityka.pl\/passent\/wp-json\/wp\/v2\/users\/4"}],"replies":[{"embeddable":true,"href":"https:\/\/blog.polityka.pl\/passent\/wp-json\/wp\/v2\/comments?post=6523"}],"version-history":[{"count":5,"href":"https:\/\/blog.polityka.pl\/passent\/wp-json\/wp\/v2\/posts\/6523\/revisions"}],"predecessor-version":[{"id":6531,"href":"https:\/\/blog.polityka.pl\/passent\/wp-json\/wp\/v2\/posts\/6523\/revisions\/6531"}],"wp:featuredmedia":[{"embeddable":true,"href":"https:\/\/blog.polityka.pl\/passent\/wp-json\/wp\/v2\/media\/6532"}],"wp:attachment":[{"href":"https:\/\/blog.polityka.pl\/passent\/wp-json\/wp\/v2\/media?parent=6523"}],"wp:term":[{"taxonomy":"category","embeddable":true,"href":"https:\/\/blog.polityka.pl\/passent\/wp-json\/wp\/v2\/categories?post=6523"},{"taxonomy":"post_tag","embeddable":true,"href":"https:\/\/blog.polityka.pl\/passent\/wp-json\/wp\/v2\/tags?post=6523"}],"curies":[{"name":"wp","href":"https:\/\/api.w.org\/{rel}","templated":true}]}}