
{"id":6534,"date":"2020-12-17T17:01:57","date_gmt":"2020-12-17T16:01:57","guid":{"rendered":"https:\/\/passent.blog.polityka.pl\/?p=6534"},"modified":"2020-12-17T19:10:00","modified_gmt":"2020-12-17T18:10:00","slug":"orlen-paliwo-pis","status":"publish","type":"post","link":"https:\/\/blog.polityka.pl\/passent\/2020\/12\/17\/orlen-paliwo-pis\/","title":{"rendered":"Orlen \u2013 paliwo PiS"},"content":{"rendered":"\n<p>Co maj\u0105 zrobi\u0107, jak powinni si\u0119 zachowa\u0107 dziennikarze (-ki) pracuj\u0105cy w wydawnictwie Polska Press, sprzedani ostatnio przez niemieckiego w\u0142a\u015bciciela koncernowi naftowemu Orlen?<\/p>\n\n\n\n<!--more-->\n\n\n\n<p>Zapewne cz\u0119\u015b\u0107 z nich pogodzi si\u0119 z tym faktem, a mo\u017ce nawet przyjmie go z zadowoleniem, na ich temat nie mam nic do powiedzenia. Mo\u017cna powiedzie\u0107: jeste\u015bmy wolnym krajem i wolnymi lud\u017ami. Ale czy do ko\u0144ca wolny jest dziennikarz, kt\u00f3ry wczoraj by\u0142 pracownikiem zagranicznego koncernu, a dzisiaj pracuje ju\u017c w polskim koncernie pa\u0144stwowym?<\/p>\n\n\n\n<p>Jego (jej) wolno\u015b\u0107 jest ograniczona. Pracy nie ma. Je\u017celi nie chce pracowa\u0107 w machinie propagandowej obozu rz\u0105dowego \u2013 dok\u0105d mo\u017ce p\u00f3j\u015b\u0107? W dzisiejszych czasach znalezienie pracy w mediach regionalnych musi by\u0107 bardzo trudne. Je\u017celi kto\u015b ma na utrzymaniu rodzin\u0119 i nie mo\u017ce np. przez rok pozostawa\u0107 bez pracy, to o jakiej wolno\u015bci m\u00f3wimy?<\/p>\n\n\n\n<p>Przymus ekonomiczny to nie wszystko, pozostaje jeszcze dylemat: zosta\u0107 i stuli\u0107 uszy po sobie, bo mam \u017con\u0119 i dzieci, czy te\u017c \u2013 je\u015bli mi si\u0119 Orlen nie podoba &#8211; odej\u015b\u0107? Na odej\u015bcie mog\u0105 sobie pozwoli\u0107 nieliczni, kt\u00f3rzy maj\u0105 bardzo siln\u0105 pozycj\u0119 zawodow\u0105, inny zaw\u00f3d wyuczony i mog\u0105 go uprawia\u0107, s\u0105 niezale\u017cni finansowo (je\u015bli tacy w og\u00f3le s\u0105), s\u0142owem: garstka. Pozostali s\u0105 pod \u015bcian\u0105.<\/p>\n\n\n\n<p>Upa\u0144stwowienie ogromnej wi\u0119kszo\u015bci regionalnych gazet, pism i TV to cios w wolno\u015b\u0107 medi\u00f3w, w demokracj\u0119, w dziennikarzy. Do\u015bwiadczenie uczy, \u017ce tylko media prywatne odkrywaj\u0105 liczne afery i skandale \u2013 od zab\u00f3jstwa m\u0142odego cz\u0142owieka na komendzie policji we Wroc\u0142awiu po los milion\u00f3w Sasina na poczcie.<\/p>\n\n\n\n<p>Dziennikarstwo \u015bledcze, ba, dziennikarstwo wolne i niezale\u017cne od partii i rz\u0105du nie jest mo\u017cliwe w r\u0119kach w\u0142adzy. Tylko one mog\u0105 stanowi\u0107 g\u0142os opozycji. Trudno wymaga\u0107, \u017ceby w\u0142adza krytykowa\u0142a sam\u0105 siebie.<\/p>\n\n\n\n<p>Dziennikarz, kt\u00f3ry na konferencjach prasowych, a co dopiero w gazecie rz\u0105dowej, b\u0119dzie zadawa\u0142 niewygodne pytania, nie zajedzie daleko. Z tym trzeba si\u0119 liczy\u0107.<\/p>\n\n\n\n<p>\u015arodowisko dziennikarskie powinno pom\u00f3c kole\u017cankom i kolegom z dawnej Polska Press. Je\u015bli taka inicjatywa powsta\u0142a \u2013 zg\u0142aszam sw\u00f3j udzia\u0142.<\/p>\n\n\n\n<p><strong>Zaproszenie<\/strong><br>Niedziela 20 grudnia o godz. 10:05 w Radiu TOK FM &#8211; o wy\u017cszo\u015bci kultury nad polityk\u0105 rozmawia\u0107 b\u0119d\u0105 prof. Piotr Maria \u015aliwi\u0144ski (Uniwersytet Pozna\u0144ski), literaturoznawca, autor ksi\u0105\u017cek o poezji i krytyce, oraz dr Katarzyna Kasia, filozofka, kierowniczka Katedry Teorii Kultury (ASP).<\/p>\n","protected":false},"excerpt":{"rendered":"<p>Co maj\u0105 zrobi\u0107, jak powinni si\u0119 zachowa\u0107 dziennikarze (-ki) pracuj\u0105cy w wydawnictwie Polska Press, sprzedani ostatnio przez niemieckiego w\u0142a\u015bciciela koncernowi naftowemu Orlen?<\/p>\n","protected":false},"author":4,"featured_media":6539,"comment_status":"open","ping_status":"closed","sticky":false,"template":"","format":"standard","meta":{"footnotes":""},"categories":[1],"tags":[],"_links":{"self":[{"href":"https:\/\/blog.polityka.pl\/passent\/wp-json\/wp\/v2\/posts\/6534"}],"collection":[{"href":"https:\/\/blog.polityka.pl\/passent\/wp-json\/wp\/v2\/posts"}],"about":[{"href":"https:\/\/blog.polityka.pl\/passent\/wp-json\/wp\/v2\/types\/post"}],"author":[{"embeddable":true,"href":"https:\/\/blog.polityka.pl\/passent\/wp-json\/wp\/v2\/users\/4"}],"replies":[{"embeddable":true,"href":"https:\/\/blog.polityka.pl\/passent\/wp-json\/wp\/v2\/comments?post=6534"}],"version-history":[{"count":4,"href":"https:\/\/blog.polityka.pl\/passent\/wp-json\/wp\/v2\/posts\/6534\/revisions"}],"predecessor-version":[{"id":6540,"href":"https:\/\/blog.polityka.pl\/passent\/wp-json\/wp\/v2\/posts\/6534\/revisions\/6540"}],"wp:featuredmedia":[{"embeddable":true,"href":"https:\/\/blog.polityka.pl\/passent\/wp-json\/wp\/v2\/media\/6539"}],"wp:attachment":[{"href":"https:\/\/blog.polityka.pl\/passent\/wp-json\/wp\/v2\/media?parent=6534"}],"wp:term":[{"taxonomy":"category","embeddable":true,"href":"https:\/\/blog.polityka.pl\/passent\/wp-json\/wp\/v2\/categories?post=6534"},{"taxonomy":"post_tag","embeddable":true,"href":"https:\/\/blog.polityka.pl\/passent\/wp-json\/wp\/v2\/tags?post=6534"}],"curies":[{"name":"wp","href":"https:\/\/api.w.org\/{rel}","templated":true}]}}